{"id":12657,"date":"2022-01-10T22:07:18","date_gmt":"2022-01-11T01:07:18","guid":{"rendered":"https:\/\/radiorevelacionfm.cl\/?p=12657"},"modified":"2022-01-10T22:07:18","modified_gmt":"2022-01-11T01:07:18","slug":"aysen-se-sumo-a-la-vacunacion-con-segunda-dosis-de-refuerzo","status":"publish","type":"post","link":"https:\/\/radiorevelacionfm.cl\/?p=12657","title":{"rendered":"Ays\u00e9n se sum\u00f3 a la vacunaci\u00f3n con segunda dosis de refuerzo"},"content":{"rendered":"<div class=\"flex_column av_one_full  flex_column_div av-zero-column-padding first  avia-builder-el-0  el_before_av_one_full  avia-builder-el-first  \" style='border-radius:0px; '><div  class='avia-image-container  av-styling-    avia-builder-el-1  avia-builder-el-no-sibling  avia-align-center '  itemprop=\"image\" itemscope=\"itemscope\" itemtype=\"https:\/\/schema.org\/ImageObject\"  ><div class='avia-image-container-inner'><div class='avia-image-overlay-wrap'><img decoding=\"async\" class='wp-image-12658 avia-img-lazy-loading-not-12658 avia_image' src=\"https:\/\/radiorevelacionfm.cl\/wp-content\/uploads\/2022\/01\/WhatsApp-Image-2022-01-10-at-11.36.39-2-2.jpeg\" alt='' title='WhatsApp Image 2022-01-10 at 11.36.39-2-2' height=\"600\" width=\"1065\"  itemprop=\"thumbnailUrl\" srcset=\"https:\/\/radiorevelacionfm.cl\/wp-content\/uploads\/2022\/01\/WhatsApp-Image-2022-01-10-at-11.36.39-2-2.jpeg 1065w, https:\/\/radiorevelacionfm.cl\/wp-content\/uploads\/2022\/01\/WhatsApp-Image-2022-01-10-at-11.36.39-2-2-300x169.jpeg 300w, https:\/\/radiorevelacionfm.cl\/wp-content\/uploads\/2022\/01\/WhatsApp-Image-2022-01-10-at-11.36.39-2-2-1030x580.jpeg 1030w, https:\/\/radiorevelacionfm.cl\/wp-content\/uploads\/2022\/01\/WhatsApp-Image-2022-01-10-at-11.36.39-2-2-768x433.jpeg 768w, https:\/\/radiorevelacionfm.cl\/wp-content\/uploads\/2022\/01\/WhatsApp-Image-2022-01-10-at-11.36.39-2-2-705x397.jpeg 705w, https:\/\/radiorevelacionfm.cl\/wp-content\/uploads\/2022\/01\/WhatsApp-Image-2022-01-10-at-11.36.39-2-2-600x338.jpeg 600w\" sizes=\"(max-width: 1065px) 100vw, 1065px\" \/><\/div><\/div><\/div><\/div><div class=\"flex_column av_one_full  flex_column_div av-zero-column-padding first  avia-builder-el-2  el_after_av_one_full  el_before_av_one_full  column-top-margin\" style='border-radius:0px; '><section class=\"av_textblock_section \"  itemscope=\"itemscope\" itemtype=\"https:\/\/schema.org\/BlogPosting\" itemprop=\"blogPost\" ><div class='avia_textblock  '   itemprop=\"text\" ><p style=\"text-align: center;\"><span style=\"font-size: 18pt;\"><strong>Ays\u00e9n se sum\u00f3 a la vacunaci\u00f3n con segunda dosis de refuerzo<\/strong><\/span><\/p>\n<div id=\"gtx-trans\" style=\"position: absolute; left: -50px; top: 4.31534px;\">\n<div class=\"gtx-trans-icon\"><\/div>\n<\/div>\n<\/div><\/section><\/div><div class=\"flex_column av_one_full  flex_column_div av-zero-column-padding first  avia-builder-el-4  el_after_av_one_full  el_before_av_hr  column-top-margin\" style='border-radius:0px; '><section class=\"av_textblock_section \"  itemscope=\"itemscope\" itemtype=\"https:\/\/schema.org\/BlogPosting\" itemprop=\"blogPost\" ><div class='avia_textblock  '   itemprop=\"text\" ><p style=\"text-align: justify;\">La ma\u00f1ana de este lunes se dio inicio en todo el pa\u00eds, y la regi\u00f3n de Ays\u00e9n, el proceso de inmunizaci\u00f3n con cuarta dosis contra el Covid-19, el que se inici\u00f3 para las personas inmunocomprometidas mayores de 12 a\u00f1os.<\/p>\n<p style=\"text-align: justify;\">Seg\u00fan explic\u00f3 la Delegada Presidencial Regional de Ays\u00e9n, Margarita Ossa Rojas, el proceso es de todo relevante ya que \u201ccomo pa\u00eds y regi\u00f3n hemos avanzado en todo el proceso de vacunaci\u00f3n pero este hito de hoy nos llena de alegr\u00eda y es muy importante que todos se comprometan y podamos avanzar en este proceso de inmunizaci\u00f3n\u201d, dijo.<\/p>\n<p style=\"text-align: justify;\">Acto seguido, Margarita Ossa record\u00f3 que la regi\u00f3n de Ays\u00e9n presenta en la actualidad \u201cun avance en Dosis de Refuerzo del 77% lo que quiere decir, que tenemos alrededor de un 25% no vacunada\u201d agregando que \u201cestamos iniciando a nivel pa\u00eds un aumento de casos importante, a raz\u00f3n de la variante \u00d3micron, Ays\u00e9n no est\u00e1 ajeno a ello y por eso es muy importante la tercera y cuarta dosis y queremos hacer un llamado a que nos vacumenos, porque es una variante m\u00e1s contagiosa, y aquellas personas que no tengan esa vacuna les puede afectar gravemente\u201d, a\u00f1adi\u00f3.<\/p>\n<p style=\"text-align: justify;\"><strong>Proceso<\/strong><\/p>\n<p style=\"text-align: justify;\">Desde el Servicio de Salud Ays\u00e9n en tanto, entregaron detalles de c\u00f3mo ser\u00e1 el proceso de vacunaci\u00f3n y entregaron informaci\u00f3n respecto de c\u00f3mo se est\u00e1 gestionando la pandemia.<\/p>\n<p style=\"text-align: justify;\">Los antecedentes fueron entregados por Leandra Aguilar, encargada regional (s) del programa nacional de inmunizaci\u00f3n, qui\u00e9n al respecto detallo que \u201clos puntos de vacunaci\u00f3n est\u00e1n habilitados, cuentan con las vacunas disponibles, hay un buen abastecimiento para poder acceder a esta vacunaci\u00f3n tan importante y as\u00ed aseguramos el control de la pandemia\u201d, indic\u00f3.<\/p>\n<p style=\"text-align: justify;\">Acto seguido, Aguilar recalc\u00f3 a que a contar de hoy \u201cpueden vacunarse todas las personas inmunocomprometidas mayores de 12 a\u00f1os que hayan cumplido las 16 semanas desde la \u00faltima dosis (Dosis de Refuerzo)\u201d.<\/p>\n<p style=\"text-align: justify;\">A raz\u00f3n de ello, la profesional indic\u00f3 que \u201cnuestros equipos est\u00e1n preparados para entregar esta vacunaci\u00f3n en cada punto de nuestra red de salud de Ays\u00e9n, teniendo incluso identificadas a nuestras personas mayores de edad, dependientes, de las cuales nos hacemos cargos de ir a sus domicilios a vacunarles. En caso necesario tambi\u00e9n pueden acercarse sus familiares si es que no han sido contactados\u201d.<\/p>\n<p style=\"text-align: justify;\"><strong>Bajos niveles<\/strong><\/p>\n<p style=\"text-align: justify;\">Uno de los temas que fueron abordados por las autoridades y profesionales de salud fue el bajo nivel de vacunaci\u00f3n en el segmento m\u00e1s joven de la regi\u00f3n de Ays\u00e9n.<\/p>\n<p style=\"text-align: justify;\">De acuerdo a Jaime L\u00f3pez, esa cifra se encima al 25%, explicando que \u201ccomo regi\u00f3n no hemos logrado alcanzar una cobertura adecuada en la Dosis de Refuerzo que se empez\u00f3 a implementar en diciembre pasado ya que, este 25% presenta un alto riesgo de hacer sintomatolog\u00eda aguda en el proceso de la enfermedad. Y aqu\u00ed, hacemos un llamo especial a los j\u00f3venes de 18 a\u00f1os y los 40 a\u00f1os y, son aquellos que en muchos casos est\u00e1n en las fiestas de fin de semana\u201d.<\/p>\n<p style=\"text-align: justify;\">Del mismo modo, el seremi de Salud (s), Jourdan Cabezas, agreg\u00f3 que adicionalmente \u201cnos preocupa como autoridad sanitaria que el cuadro de vacunaci\u00f3n de 3 a 5 a\u00f1os est\u00e9 muy bajo en la regi\u00f3n ya que por los riesgos asociados es importante que cumplan con sus esquemas de vacunaci\u00f3n\u201d, concluy\u00f3.<\/p>\n<\/div><\/section><\/div><div  style='height:50px' class='hr hr-invisible   avia-builder-el-6  el_after_av_one_full  el_before_av_social_share '><span class='hr-inner ' ><span class='hr-inner-style'><\/span><\/span><\/div><\/p>\n<div  class='av-social-sharing-box  avia-builder-el-7  el_after_av_hr  el_before_av_hr  '><div class='av-share-box'><h5 class='av-share-link-description av-no-toc '>Compartir esta noticia<\/h5><ul class='av-share-box-list noLightbox'><li class='av-share-link av-social-link-facebook' ><a target=\"_blank\" aria-label=\"Compartir en Facebook\" href='https:\/\/www.facebook.com\/sharer.php?u=https:\/\/radiorevelacionfm.cl\/?p=12657&#038;t=Ays%C3%A9n%20se%20sum%C3%B3%20a%20la%20vacunaci%C3%B3n%20con%20segunda%20dosis%20de%20refuerzo' aria-hidden='false' data-av_icon='\ue8f3' data-av_iconfont='entypo-fontello' title='' data-avia-related-tooltip='Compartir en Facebook' rel=\"noopener\"><span class='avia_hidden_link_text'>Compartir en Facebook<\/span><\/a><\/li><li class='av-share-link av-social-link-twitter' ><a target=\"_blank\" aria-label=\"Compartir en Twitter\" href='https:\/\/twitter.com\/share?text=Ays%C3%A9n%20se%20sum%C3%B3%20a%20la%20vacunaci%C3%B3n%20con%20segunda%20dosis%20de%20refuerzo&#038;url=https:\/\/radiorevelacionfm.cl\/?p=12657' aria-hidden='false' data-av_icon='\ue8f1' data-av_iconfont='entypo-fontello' title='' data-avia-related-tooltip='Compartir en Twitter' rel=\"noopener\"><span class='avia_hidden_link_text'>Compartir en Twitter<\/span><\/a><\/li><li class='av-share-link av-social-link-whatsapp' ><a target=\"_blank\" aria-label=\"Compartir en Whatsapp\" href='https:\/\/api.whatsapp.com\/send?text=https:\/\/radiorevelacionfm.cl\/?p=12657' aria-hidden='false' data-av_icon='\uf232' data-av_iconfont='entypo-fontello' title='' data-avia-related-tooltip='Compartir en Whatsapp' rel=\"noopener\"><span class='avia_hidden_link_text'>Compartir en Whatsapp<\/span><\/a><\/li><li class='av-share-link av-social-link-linkedin' ><a target=\"_blank\" aria-label=\"Compartir en LinkedIn\" href='https:\/\/linkedin.com\/shareArticle?mini=true&#038;title=Ays%C3%A9n%20se%20sum%C3%B3%20a%20la%20vacunaci%C3%B3n%20con%20segunda%20dosis%20de%20refuerzo&#038;url=https:\/\/radiorevelacionfm.cl\/?p=12657' aria-hidden='false' data-av_icon='\ue8fc' data-av_iconfont='entypo-fontello' title='' data-avia-related-tooltip='Compartir en LinkedIn' rel=\"noopener\"><span class='avia_hidden_link_text'>Compartir en LinkedIn<\/span><\/a><\/li><li class='av-share-link av-social-link-mail' ><a  aria-label=\"Compartir por correo\" href='mailto:?subject=Ays%C3%A9n%20se%20sum%C3%B3%20a%20la%20vacunaci%C3%B3n%20con%20segunda%20dosis%20de%20refuerzo&#038;body=https:\/\/radiorevelacionfm.cl\/?p=12657' aria-hidden='false' data-av_icon='\ue805' data-av_iconfont='entypo-fontello' title='' data-avia-related-tooltip='Compartir por correo'><span class='avia_hidden_link_text'>Compartir por correo<\/span><\/a><\/li><\/ul><\/div><\/div>\n<div  style='height:50px' class='hr hr-invisible   avia-builder-el-8  el_after_av_social_share  el_before_av_comments_list '><span class='hr-inner ' ><span class='hr-inner-style'><\/span><\/span><\/div>\n<div  class='av-buildercomment  av-blog-meta-html-info-disabled av-blog-meta-tag-disabled  '><\/div>\n","protected":false},"excerpt":{"rendered":"","protected":false},"author":1,"featured_media":12658,"comment_status":"open","ping_status":"open","sticky":false,"template":"","format":"standard","meta":{"footnotes":""},"categories":[46],"tags":[],"class_list":["post-12657","post","type-post","status-publish","format-standard","has-post-thumbnail","hentry","category-salud"],"jetpack_featured_media_url":"https:\/\/radiorevelacionfm.cl\/wp-content\/uploads\/2022\/01\/WhatsApp-Image-2022-01-10-at-11.36.39-2-2.jpeg","_links":{"self":[{"href":"https:\/\/radiorevelacionfm.cl\/index.php?rest_route=\/wp\/v2\/posts\/12657","targetHints":{"allow":["GET"]}}],"collection":[{"href":"https:\/\/radiorevelacionfm.cl\/index.php?rest_route=\/wp\/v2\/posts"}],"about":[{"href":"https:\/\/radiorevelacionfm.cl\/index.php?rest_route=\/wp\/v2\/types\/post"}],"author":[{"embeddable":true,"href":"https:\/\/radiorevelacionfm.cl\/index.php?rest_route=\/wp\/v2\/users\/1"}],"replies":[{"embeddable":true,"href":"https:\/\/radiorevelacionfm.cl\/index.php?rest_route=%2Fwp%2Fv2%2Fcomments&post=12657"}],"version-history":[{"count":2,"href":"https:\/\/radiorevelacionfm.cl\/index.php?rest_route=\/wp\/v2\/posts\/12657\/revisions"}],"predecessor-version":[{"id":12660,"href":"https:\/\/radiorevelacionfm.cl\/index.php?rest_route=\/wp\/v2\/posts\/12657\/revisions\/12660"}],"wp:featuredmedia":[{"embeddable":true,"href":"https:\/\/radiorevelacionfm.cl\/index.php?rest_route=\/wp\/v2\/media\/12658"}],"wp:attachment":[{"href":"https:\/\/radiorevelacionfm.cl\/index.php?rest_route=%2Fwp%2Fv2%2Fmedia&parent=12657"}],"wp:term":[{"taxonomy":"category","embeddable":true,"href":"https:\/\/radiorevelacionfm.cl\/index.php?rest_route=%2Fwp%2Fv2%2Fcategories&post=12657"},{"taxonomy":"post_tag","embeddable":true,"href":"https:\/\/radiorevelacionfm.cl\/index.php?rest_route=%2Fwp%2Fv2%2Ftags&post=12657"}],"curies":[{"name":"wp","href":"https:\/\/api.w.org\/{rel}","templated":true}]}}