{"id":12649,"date":"2022-01-10T21:09:35","date_gmt":"2022-01-11T00:09:35","guid":{"rendered":"https:\/\/radiorevelacionfm.cl\/?p=12649"},"modified":"2022-01-10T21:09:35","modified_gmt":"2022-01-11T00:09:35","slug":"sernameg-invita-a-postular-al-programa-mujer-emprende","status":"publish","type":"post","link":"https:\/\/radiorevelacionfm.cl\/?p=12649","title":{"rendered":"SernamEG invita a postular al Programa Mujer Emprende"},"content":{"rendered":"<div class=\"flex_column av_one_full  flex_column_div av-zero-column-padding first  avia-builder-el-0  el_before_av_one_full  avia-builder-el-first  \" style='border-radius:0px; '><div  class='avia-image-container  av-styling-    avia-builder-el-1  avia-builder-el-no-sibling  avia-align-center '  itemprop=\"image\" itemscope=\"itemscope\" itemtype=\"https:\/\/schema.org\/ImageObject\"  ><div class='avia-image-container-inner'><div class='avia-image-overlay-wrap'><img decoding=\"async\" class='wp-image-12650 avia-img-lazy-loading-not-12650 avia_image' src=\"https:\/\/radiorevelacionfm.cl\/wp-content\/uploads\/2022\/01\/postulacion-me-2022-2-2_optimized.jpeg\" alt='' title='postulaci\u00f3n-me-2022-(2)-2_optimized' height=\"600\" width=\"800\"  itemprop=\"thumbnailUrl\" srcset=\"https:\/\/radiorevelacionfm.cl\/wp-content\/uploads\/2022\/01\/postulacion-me-2022-2-2_optimized.jpeg 800w, https:\/\/radiorevelacionfm.cl\/wp-content\/uploads\/2022\/01\/postulacion-me-2022-2-2_optimized-300x225.jpeg 300w, https:\/\/radiorevelacionfm.cl\/wp-content\/uploads\/2022\/01\/postulacion-me-2022-2-2_optimized-768x576.jpeg 768w, https:\/\/radiorevelacionfm.cl\/wp-content\/uploads\/2022\/01\/postulacion-me-2022-2-2_optimized-705x529.jpeg 705w, https:\/\/radiorevelacionfm.cl\/wp-content\/uploads\/2022\/01\/postulacion-me-2022-2-2_optimized-600x450.jpeg 600w\" sizes=\"(max-width: 800px) 100vw, 800px\" \/><\/div><\/div><\/div><\/div><div class=\"flex_column av_one_full  flex_column_div av-zero-column-padding first  avia-builder-el-2  el_after_av_one_full  el_before_av_one_full  column-top-margin\" style='border-radius:0px; '><section class=\"av_textblock_section \"  itemscope=\"itemscope\" itemtype=\"https:\/\/schema.org\/BlogPosting\" itemprop=\"blogPost\" ><div class='avia_textblock  '   itemprop=\"text\" ><p style=\"text-align: center;\"><span style=\"font-size: 18pt;\"><strong>SernamEG invita a postular al Programa Mujer Emprende<\/strong><\/span><\/p>\n<div id=\"gtx-trans\" style=\"position: absolute; left: -50px; top: 4.31534px;\">\n<div class=\"gtx-trans-icon\"><\/div>\n<\/div>\n<\/div><\/section><\/div><div class=\"flex_column av_one_full  flex_column_div av-zero-column-padding first  avia-builder-el-4  el_after_av_one_full  el_before_av_hr  column-top-margin\" style='border-radius:0px; '><section class=\"av_textblock_section \"  itemscope=\"itemscope\" itemtype=\"https:\/\/schema.org\/BlogPosting\" itemprop=\"blogPost\" ><div class='avia_textblock  '   itemprop=\"text\" ><p style=\"text-align: justify;\">En los \u00faltimos dos a\u00f1os el manejo de la crisis sanitaria ha tra\u00eddo consigo una serie de repercusiones para el mundo del emprendimiento; en especial, para las mujeres. Por ello, el Programa Mujer Emprende del Servicio Nacional de la Mujer y la Equidad de G\u00e9nero, SernamEG, se ha adaptado para dar respuesta a las demandas de sus participantes y continuar generando las condiciones que promuevan su autonom\u00eda a nivel personal, econ\u00f3mico y relacional.<\/p>\n<p style=\"text-align: justify;\">El Programa Mujer Emprende otorga herramientas t\u00e9cnicas y de gesti\u00f3n a mujeres, a fin de fortalecer sus competencias y habilidades, potenciando el crecimiento, viabilidad y sostenibilidad de sus negocios; y favoreciendo adem\u00e1s su acceso a espacios de formaci\u00f3n para generar nuevos canales de comercializaci\u00f3n para el desarrollo de sus emprendimientos. Para ello, los temas t\u00e9cnicos de gesti\u00f3n de negocios con perspectiva de g\u00e9nero, el trabajo intersectorial y los pactos p\u00fablico-privados tienen un lugar fundamental para posicionar a las mujeres como sujetas activas de derecho.<\/p>\n<p style=\"text-align: justify;\">Actualmente, se encuentra abierto el proceso de postulaci\u00f3n 2022; as\u00ed lo dio a conocer la Directora Regional Subrogante de SernamEG, Carla Arriagada Malague\u00f1o. La autoridad regional se refiri\u00f3 al nuevo panorama a nivel nacional en materia laboral, se\u00f1alando que \u201cla participaci\u00f3n laboral femenina antes de la emergencia sanitaria hab\u00eda alcanzado un peak hist\u00f3rico de un 53,3% en nuestro pa\u00eds, donde inclusive hubo una reducci\u00f3n en la brecha de g\u00e9nero de participaci\u00f3n laboral en 20,6 puntos porcentuales. Lamentablemente, en el escenario actual &#8211; dado que las desigualdades de g\u00e9nero se profundizaron &#8211; hubo un retroceso significativo respecto a la participaci\u00f3n laboral femenina. Como Servicio creemos que programas como el Mujer Emprende son intervenciones que est\u00e1n especialmente dise\u00f1adas para abordar estas inequidades y entregar las condiciones para que las mujeres puedan alcanzar o mantener su autonom\u00eda econ\u00f3mica, para de esta forma recuperar la participaci\u00f3n laboral femenina que contribuye al desarrollo econ\u00f3mico y social del pa\u00eds\u201d.<\/p>\n<p style=\"text-align: justify;\">La ex participante del Programa Mujer Emprende, Mayra Astudillo Cornejo, se refiri\u00f3 a su experiencia destacando que \u201cme fue super bien, porque me ayud\u00f3 mucho a empoderarme y visualizar lo que yo valgo como emprendedora y como mujer\u201d. Respecto a la convocatoria 2022, agreg\u00f3: \u201clas invito a ser part\u00edcipes de este modelo program\u00e1tico, porque en mi caso cada d\u00eda que pasa siento que mi emprendimiento va avanzando\u201d. En tanto, Enaldy Alvear, sostuvo que \u201clo que puedo destacar en torno a los aprendizajes adquiridos en el Programa es respecto a las capacitaciones en marketing digital, el poder potenciar las redes sociales. Si bien la tecnolog\u00eda est\u00e1 como bien a la mano muchas veces una se complica un poco, eso me ocurr\u00eda, pero gracias a la Escuela aprend\u00ed algunos tips que me han ayudado a manejarlas de mejor forma\u201d.<\/p>\n<p style=\"text-align: justify;\">Otro de los datos que refleja la necesidad de contar con intervenciones program\u00e1ticas adecuadas al escenario actual es la encuesta realizada por la Asociaci\u00f3n de Emprendedores de Chile \u00abImpacto PYME ASECH\u00bb, durante julio del 2021. En ella se establece que el 89,1 % de las personas encuestadas ha visto su emprendimiento afectado por la pandemia, de estos el 59,6% considera que lo ha afectado de manera grave o catastr\u00f3fica. En relaci\u00f3n con las ventas, un 45, 7% declara haber perdido m\u00e1s del 50% de sus ventas anuales, enfrent\u00e1ndose a diversas problem\u00e1ticas asociadas a la baja de ingresos econ\u00f3micos.<\/p>\n<p style=\"text-align: justify;\">Uno de los componentes de este modelo program\u00e1tico es la Escuela Mujer Emprende que tiene un cupo para 40 mujeres y apunta a profesionalizar el emprendimiento, consolidando y profundizando conocimientos previos, a trav\u00e9s del empoderamiento personal y relacional; y el fortalecimiento de las capacidades de las emprendedoras.\u00a0 Para ello el proceso de formaci\u00f3n incorpora un plan com\u00fan y uno diferenciado que permite dar respuesta a las necesidades de los diversos perfiles de las emprendedoras. Las otras l\u00edneas de trabajo son el fomento de redes y asociatividad y acciones de gesti\u00f3n para el desarrollo de los emprendimientos.<\/p>\n<p style=\"text-align: justify;\">Pueden postular al Programa Mujer Emprende mujeres de 18 a\u00f1os en adelante que pertenezcan a los quintiles I al IV, que cuenten con emprendimientos y\/o actividades productivas de al menos un a\u00f1o de antig\u00fcedad y que le destinen al menos 26 horas semanales de trabajo. Las interesadas en postular pueden acceder a trav\u00e9s del banner dispuesto en la p\u00e1gina de SernamEG <a href=\"http:\/\/www.sernameg.gob.cl\/\" data-saferedirecturl=\"https:\/\/www.google.com\/url?q=http:\/\/www.sernameg.gob.cl&amp;source=gmail&amp;ust=1641930300921000&amp;usg=AOvVaw2teF_L1UGvpTKJZBDhVEEE\">www.sernameg.gob.cl<\/a> en el link <a href=\"https:\/\/app.sernam.cl\/form\/2022\/myt\/me\/\" data-saferedirecturl=\"https:\/\/www.google.com\/url?q=https:\/\/app.sernam.cl\/form\/2022\/myt\/me\/&amp;source=gmail&amp;ust=1641930300921000&amp;usg=AOvVaw01LU2hjJ11NKMtDgryBWHr\">https:\/\/app.sernam.cl\/form\/2022\/myt\/me\/<\/a>finalizando este proceso el 30 de marzo de 2022.<\/p>\n<\/div><\/section><\/div><div  style='height:50px' class='hr hr-invisible   avia-builder-el-6  el_after_av_one_full  el_before_av_social_share '><span class='hr-inner ' ><span class='hr-inner-style'><\/span><\/span><\/div><\/p>\n<div  class='av-social-sharing-box  avia-builder-el-7  el_after_av_hr  el_before_av_hr  '><div class='av-share-box'><h5 class='av-share-link-description av-no-toc '>Compartir esta noticia<\/h5><ul class='av-share-box-list noLightbox'><li class='av-share-link av-social-link-facebook' ><a target=\"_blank\" aria-label=\"Compartir en Facebook\" href='https:\/\/www.facebook.com\/sharer.php?u=https:\/\/radiorevelacionfm.cl\/?p=12649&#038;t=SernamEG%20invita%20a%20postular%20al%20Programa%20Mujer%20Emprende' aria-hidden='false' data-av_icon='\ue8f3' data-av_iconfont='entypo-fontello' title='' data-avia-related-tooltip='Compartir en Facebook' rel=\"noopener\"><span class='avia_hidden_link_text'>Compartir en Facebook<\/span><\/a><\/li><li class='av-share-link av-social-link-twitter' ><a target=\"_blank\" aria-label=\"Compartir en Twitter\" href='https:\/\/twitter.com\/share?text=SernamEG%20invita%20a%20postular%20al%20Programa%20Mujer%20Emprende&#038;url=https:\/\/radiorevelacionfm.cl\/?p=12649' aria-hidden='false' data-av_icon='\ue8f1' data-av_iconfont='entypo-fontello' title='' data-avia-related-tooltip='Compartir en Twitter' rel=\"noopener\"><span class='avia_hidden_link_text'>Compartir en Twitter<\/span><\/a><\/li><li class='av-share-link av-social-link-whatsapp' ><a target=\"_blank\" aria-label=\"Compartir en Whatsapp\" href='https:\/\/api.whatsapp.com\/send?text=https:\/\/radiorevelacionfm.cl\/?p=12649' aria-hidden='false' data-av_icon='\uf232' data-av_iconfont='entypo-fontello' title='' data-avia-related-tooltip='Compartir en Whatsapp' rel=\"noopener\"><span class='avia_hidden_link_text'>Compartir en Whatsapp<\/span><\/a><\/li><li class='av-share-link av-social-link-linkedin' ><a target=\"_blank\" aria-label=\"Compartir en LinkedIn\" href='https:\/\/linkedin.com\/shareArticle?mini=true&#038;title=SernamEG%20invita%20a%20postular%20al%20Programa%20Mujer%20Emprende&#038;url=https:\/\/radiorevelacionfm.cl\/?p=12649' aria-hidden='false' data-av_icon='\ue8fc' data-av_iconfont='entypo-fontello' title='' data-avia-related-tooltip='Compartir en LinkedIn' rel=\"noopener\"><span class='avia_hidden_link_text'>Compartir en LinkedIn<\/span><\/a><\/li><li class='av-share-link av-social-link-mail' ><a  aria-label=\"Compartir por correo\" href='mailto:?subject=SernamEG%20invita%20a%20postular%20al%20Programa%20Mujer%20Emprende&#038;body=https:\/\/radiorevelacionfm.cl\/?p=12649' aria-hidden='false' data-av_icon='\ue805' data-av_iconfont='entypo-fontello' title='' data-avia-related-tooltip='Compartir por correo'><span class='avia_hidden_link_text'>Compartir por correo<\/span><\/a><\/li><\/ul><\/div><\/div>\n<div  style='height:50px' class='hr hr-invisible   avia-builder-el-8  el_after_av_social_share  el_before_av_comments_list '><span class='hr-inner ' ><span class='hr-inner-style'><\/span><\/span><\/div>\n<div  class='av-buildercomment  av-blog-meta-html-info-disabled av-blog-meta-tag-disabled  '><\/div>\n","protected":false},"excerpt":{"rendered":"","protected":false},"author":1,"featured_media":12650,"comment_status":"open","ping_status":"open","sticky":false,"template":"","format":"standard","meta":{"footnotes":""},"categories":[38],"tags":[],"class_list":["post-12649","post","type-post","status-publish","format-standard","has-post-thumbnail","hentry","category-regional"],"jetpack_featured_media_url":"https:\/\/radiorevelacionfm.cl\/wp-content\/uploads\/2022\/01\/postulacion-me-2022-2-2_optimized.jpeg","_links":{"self":[{"href":"https:\/\/radiorevelacionfm.cl\/index.php?rest_route=\/wp\/v2\/posts\/12649","targetHints":{"allow":["GET"]}}],"collection":[{"href":"https:\/\/radiorevelacionfm.cl\/index.php?rest_route=\/wp\/v2\/posts"}],"about":[{"href":"https:\/\/radiorevelacionfm.cl\/index.php?rest_route=\/wp\/v2\/types\/post"}],"author":[{"embeddable":true,"href":"https:\/\/radiorevelacionfm.cl\/index.php?rest_route=\/wp\/v2\/users\/1"}],"replies":[{"embeddable":true,"href":"https:\/\/radiorevelacionfm.cl\/index.php?rest_route=%2Fwp%2Fv2%2Fcomments&post=12649"}],"version-history":[{"count":2,"href":"https:\/\/radiorevelacionfm.cl\/index.php?rest_route=\/wp\/v2\/posts\/12649\/revisions"}],"predecessor-version":[{"id":12652,"href":"https:\/\/radiorevelacionfm.cl\/index.php?rest_route=\/wp\/v2\/posts\/12649\/revisions\/12652"}],"wp:featuredmedia":[{"embeddable":true,"href":"https:\/\/radiorevelacionfm.cl\/index.php?rest_route=\/wp\/v2\/media\/12650"}],"wp:attachment":[{"href":"https:\/\/radiorevelacionfm.cl\/index.php?rest_route=%2Fwp%2Fv2%2Fmedia&parent=12649"}],"wp:term":[{"taxonomy":"category","embeddable":true,"href":"https:\/\/radiorevelacionfm.cl\/index.php?rest_route=%2Fwp%2Fv2%2Fcategories&post=12649"},{"taxonomy":"post_tag","embeddable":true,"href":"https:\/\/radiorevelacionfm.cl\/index.php?rest_route=%2Fwp%2Fv2%2Ftags&post=12649"}],"curies":[{"name":"wp","href":"https:\/\/api.w.org\/{rel}","templated":true}]}}