{"id":12645,"date":"2022-01-10T20:14:18","date_gmt":"2022-01-10T23:14:18","guid":{"rendered":"https:\/\/radiorevelacionfm.cl\/?p=12645"},"modified":"2022-01-10T20:14:18","modified_gmt":"2022-01-10T23:14:18","slug":"detienen-a-tres-personas-por-robo-con-violencia-y-recuperan-especies-sustraidas","status":"publish","type":"post","link":"https:\/\/radiorevelacionfm.cl\/?p=12645","title":{"rendered":"Detienen a tres personas por robo con violencia y recuperan especies sustra\u00eddas"},"content":{"rendered":"<div class=\"flex_column av_one_full  flex_column_div av-zero-column-padding first  avia-builder-el-0  el_before_av_one_full  avia-builder-el-first  \" style='border-radius:0px; '><div  class='avia-image-container  av-styling-    avia-builder-el-1  avia-builder-el-no-sibling  avia-align-center '  itemprop=\"image\" itemscope=\"itemscope\" itemtype=\"https:\/\/schema.org\/ImageObject\"  ><div class='avia-image-container-inner'><div class='avia-image-overlay-wrap'><img decoding=\"async\" class='wp-image-12646 avia-img-lazy-loading-not-12646 avia_image' src=\"https:\/\/radiorevelacionfm.cl\/wp-content\/uploads\/2022\/01\/20211110_112933-2_optimized.jpg\" alt='' title='20211110_112933-2_optimized' height=\"600\" width=\"800\"  itemprop=\"thumbnailUrl\" srcset=\"https:\/\/radiorevelacionfm.cl\/wp-content\/uploads\/2022\/01\/20211110_112933-2_optimized.jpg 800w, https:\/\/radiorevelacionfm.cl\/wp-content\/uploads\/2022\/01\/20211110_112933-2_optimized-300x225.jpg 300w, https:\/\/radiorevelacionfm.cl\/wp-content\/uploads\/2022\/01\/20211110_112933-2_optimized-768x576.jpg 768w, https:\/\/radiorevelacionfm.cl\/wp-content\/uploads\/2022\/01\/20211110_112933-2_optimized-705x529.jpg 705w, https:\/\/radiorevelacionfm.cl\/wp-content\/uploads\/2022\/01\/20211110_112933-2_optimized-600x450.jpg 600w\" sizes=\"(max-width: 800px) 100vw, 800px\" \/><\/div><\/div><\/div><\/div><div class=\"flex_column av_one_full  flex_column_div av-zero-column-padding first  avia-builder-el-2  el_after_av_one_full  el_before_av_one_full  column-top-margin\" style='border-radius:0px; '><section class=\"av_textblock_section \"  itemscope=\"itemscope\" itemtype=\"https:\/\/schema.org\/BlogPosting\" itemprop=\"blogPost\" ><div class='avia_textblock  '   itemprop=\"text\" ><p style=\"text-align: center;\"><strong><span style=\"font-size: 18pt;\">Detienen a tres personas por robo con violencia y recuperan especies sustra\u00eddas<\/span><\/strong><\/p>\n<div id=\"gtx-trans\" style=\"position: absolute; left: -50px; top: 4.31534px;\">\n<div class=\"gtx-trans-icon\"><\/div>\n<\/div>\n<\/div><\/section><\/div><div class=\"flex_column av_one_full  flex_column_div av-zero-column-padding first  avia-builder-el-4  el_after_av_one_full  el_before_av_hr  column-top-margin\" style='border-radius:0px; '><section class=\"av_textblock_section \"  itemscope=\"itemscope\" itemtype=\"https:\/\/schema.org\/BlogPosting\" itemprop=\"blogPost\" ><div class='avia_textblock  '   itemprop=\"text\" ><p style=\"text-align: justify;\">Diligencias desarrolladas por personal de Carabineros de la 5ta. Comisar\u00eda de Control del Orden P\u00fablico (C.O.P.) de la ciudad de Coyhaique, culminaron con la detenci\u00f3n de tres personas en tiempo r\u00e9cord por el delito de robo con violencia, logrando asimismo recuperar las especies sustra\u00eddas.<\/p>\n<p style=\"text-align: justify;\">Siendo aproximadamente las 11:45 horas de hoy, una persona que transitaba a la altura de la intersecci\u00f3n de las calles Arturo Prat esquina Lautaro, dio cuenta al personal especializado de haber sido v\u00edctima \u2013momentos antes- de un delito de robo de sus pertenencias \u2013entre estos un tel\u00e9fono celular- por parte de tres individuos, entre ellos dos hombres y una mujer.<\/p>\n<p style=\"text-align: justify;\">\u00abEs as\u00ed como la v\u00edctima sindic\u00f3 el lugar hacia donde estas personas se hab\u00edan dado a la fuga. Personal de Carabineros r\u00e1pidamente hace abordar el veh\u00edculo policial a esta persona y, en calle 12 de Octubre dan con el paradero de los tres, los cuales son sindicados e identificados por la v\u00edctima, logrando con ello la recuperaci\u00f3n de las especies\u00bb, expres\u00f3 el Subprefecto de los Servicios de la Prefectura de Carabineros Ays\u00e9n, Teniente Coronel Cristian Morgenstern.<\/p>\n<p style=\"text-align: justify;\">Tras la ocurrencia del delito, la v\u00edctima fue trasladada al hospital regional de Coyhaique donde se estableci\u00f3 que result\u00f3 con lesiones de car\u00e1cter leve. Tanto los detenidos como los antecedentes fueron puestos en conocimiento de la Fiscal\u00eda local de esta Coyhaique que dirige indagaci\u00f3n por este hecho.<\/p>\n<p style=\"text-align: justify;\">\u00abEs importante se\u00f1alar a la comunidad que transita por lugares de afluencia de p\u00fablico, que no deben descuidar sus especies personales, toda vez que el fin de semana ya hab\u00edamos tenido detenidos por robo con violencia. Aqu\u00ed se trataba de una mochila con especies de valor, donde muchas veces las personas van descuidadas transitando y estos sujetos aprovechan la oportunidad y se las sustraen\u00bb, indic\u00f3.<\/p>\n<p style=\"text-align: justify;\">El Subprefecto de los Servicios de la Prefectura de Carabineros Ays\u00e9n Teniente Coronel Cristian Morgenstern, indic\u00f3 que el personal C.O.P. se encuentra desplegado en apoyo al plan cuadrante de seguridad preventiva, desarrollando servicios tanto en el sector c\u00e9ntrico de la ciudad como en otros puntos del sector alto, contribuyendo a reforzar la presencia policial, brindando mayor seguridad a la ciudadan\u00eda.<\/p>\n<\/div><\/section><\/div><div  style='height:50px' class='hr hr-invisible   avia-builder-el-6  el_after_av_one_full  el_before_av_social_share '><span class='hr-inner ' ><span class='hr-inner-style'><\/span><\/span><\/div><\/p>\n<div  class='av-social-sharing-box  avia-builder-el-7  el_after_av_hr  el_before_av_hr  '><div class='av-share-box'><h5 class='av-share-link-description av-no-toc '>Compartir esta noticia<\/h5><ul class='av-share-box-list noLightbox'><li class='av-share-link av-social-link-facebook' ><a target=\"_blank\" aria-label=\"Compartir en Facebook\" href='https:\/\/www.facebook.com\/sharer.php?u=https:\/\/radiorevelacionfm.cl\/?p=12645&#038;t=Detienen%20a%20tres%20personas%20por%20robo%20con%20violencia%20y%20recuperan%20especies%20sustra%C3%ADdas' aria-hidden='false' data-av_icon='\ue8f3' data-av_iconfont='entypo-fontello' title='' data-avia-related-tooltip='Compartir en Facebook' rel=\"noopener\"><span class='avia_hidden_link_text'>Compartir en Facebook<\/span><\/a><\/li><li class='av-share-link av-social-link-twitter' ><a target=\"_blank\" aria-label=\"Compartir en Twitter\" href='https:\/\/twitter.com\/share?text=Detienen%20a%20tres%20personas%20por%20robo%20con%20violencia%20y%20recuperan%20especies%20sustra%C3%ADdas&#038;url=https:\/\/radiorevelacionfm.cl\/?p=12645' aria-hidden='false' data-av_icon='\ue8f1' data-av_iconfont='entypo-fontello' title='' data-avia-related-tooltip='Compartir en Twitter' rel=\"noopener\"><span class='avia_hidden_link_text'>Compartir en Twitter<\/span><\/a><\/li><li class='av-share-link av-social-link-whatsapp' ><a target=\"_blank\" aria-label=\"Compartir en Whatsapp\" href='https:\/\/api.whatsapp.com\/send?text=https:\/\/radiorevelacionfm.cl\/?p=12645' aria-hidden='false' data-av_icon='\uf232' data-av_iconfont='entypo-fontello' title='' data-avia-related-tooltip='Compartir en Whatsapp' rel=\"noopener\"><span class='avia_hidden_link_text'>Compartir en Whatsapp<\/span><\/a><\/li><li class='av-share-link av-social-link-linkedin' ><a target=\"_blank\" aria-label=\"Compartir en LinkedIn\" href='https:\/\/linkedin.com\/shareArticle?mini=true&#038;title=Detienen%20a%20tres%20personas%20por%20robo%20con%20violencia%20y%20recuperan%20especies%20sustra%C3%ADdas&#038;url=https:\/\/radiorevelacionfm.cl\/?p=12645' aria-hidden='false' data-av_icon='\ue8fc' data-av_iconfont='entypo-fontello' title='' data-avia-related-tooltip='Compartir en LinkedIn' rel=\"noopener\"><span class='avia_hidden_link_text'>Compartir en LinkedIn<\/span><\/a><\/li><li class='av-share-link av-social-link-mail' ><a  aria-label=\"Compartir por correo\" href='mailto:?subject=Detienen%20a%20tres%20personas%20por%20robo%20con%20violencia%20y%20recuperan%20especies%20sustra%C3%ADdas&#038;body=https:\/\/radiorevelacionfm.cl\/?p=12645' aria-hidden='false' data-av_icon='\ue805' data-av_iconfont='entypo-fontello' title='' data-avia-related-tooltip='Compartir por correo'><span class='avia_hidden_link_text'>Compartir por correo<\/span><\/a><\/li><\/ul><\/div><\/div>\n<div  style='height:50px' class='hr hr-invisible   avia-builder-el-8  el_after_av_social_share  el_before_av_comments_list '><span class='hr-inner ' ><span class='hr-inner-style'><\/span><\/span><\/div>\n<div  class='av-buildercomment  av-blog-meta-html-info-disabled av-blog-meta-tag-disabled  '><\/div>\n","protected":false},"excerpt":{"rendered":"","protected":false},"author":1,"featured_media":12646,"comment_status":"open","ping_status":"open","sticky":false,"template":"","format":"standard","meta":{"footnotes":""},"categories":[36],"tags":[],"class_list":["post-12645","post","type-post","status-publish","format-standard","has-post-thumbnail","hentry","category-policial"],"jetpack_featured_media_url":"https:\/\/radiorevelacionfm.cl\/wp-content\/uploads\/2022\/01\/20211110_112933-2_optimized.jpg","_links":{"self":[{"href":"https:\/\/radiorevelacionfm.cl\/index.php?rest_route=\/wp\/v2\/posts\/12645","targetHints":{"allow":["GET"]}}],"collection":[{"href":"https:\/\/radiorevelacionfm.cl\/index.php?rest_route=\/wp\/v2\/posts"}],"about":[{"href":"https:\/\/radiorevelacionfm.cl\/index.php?rest_route=\/wp\/v2\/types\/post"}],"author":[{"embeddable":true,"href":"https:\/\/radiorevelacionfm.cl\/index.php?rest_route=\/wp\/v2\/users\/1"}],"replies":[{"embeddable":true,"href":"https:\/\/radiorevelacionfm.cl\/index.php?rest_route=%2Fwp%2Fv2%2Fcomments&post=12645"}],"version-history":[{"count":2,"href":"https:\/\/radiorevelacionfm.cl\/index.php?rest_route=\/wp\/v2\/posts\/12645\/revisions"}],"predecessor-version":[{"id":12648,"href":"https:\/\/radiorevelacionfm.cl\/index.php?rest_route=\/wp\/v2\/posts\/12645\/revisions\/12648"}],"wp:featuredmedia":[{"embeddable":true,"href":"https:\/\/radiorevelacionfm.cl\/index.php?rest_route=\/wp\/v2\/media\/12646"}],"wp:attachment":[{"href":"https:\/\/radiorevelacionfm.cl\/index.php?rest_route=%2Fwp%2Fv2%2Fmedia&parent=12645"}],"wp:term":[{"taxonomy":"category","embeddable":true,"href":"https:\/\/radiorevelacionfm.cl\/index.php?rest_route=%2Fwp%2Fv2%2Fcategories&post=12645"},{"taxonomy":"post_tag","embeddable":true,"href":"https:\/\/radiorevelacionfm.cl\/index.php?rest_route=%2Fwp%2Fv2%2Ftags&post=12645"}],"curies":[{"name":"wp","href":"https:\/\/api.w.org\/{rel}","templated":true}]}}