{"id":12641,"date":"2022-01-10T16:52:54","date_gmt":"2022-01-10T19:52:54","guid":{"rendered":"https:\/\/radiorevelacionfm.cl\/?p=12641"},"modified":"2022-01-10T16:52:54","modified_gmt":"2022-01-10T19:52:54","slug":"cuarta-version-de-la-fiesta-del-chivo-vuelve-a-peninsula-levican","status":"publish","type":"post","link":"https:\/\/radiorevelacionfm.cl\/?p=12641","title":{"rendered":"Cuarta versi\u00f3n de la Fiesta del Chivo vuelve a Pen\u00ednsula Levic\u00e1n"},"content":{"rendered":"<div class=\"flex_column av_one_full  flex_column_div av-zero-column-padding first  avia-builder-el-0  el_before_av_one_full  avia-builder-el-first  \" style='border-radius:0px; '><div  class='avia-image-container  av-styling-    avia-builder-el-1  avia-builder-el-no-sibling  avia-align-center '  itemprop=\"image\" itemscope=\"itemscope\" itemtype=\"https:\/\/schema.org\/ImageObject\"  ><div class='avia-image-container-inner'><div class='avia-image-overlay-wrap'><img decoding=\"async\" class='wp-image-12642 avia-img-lazy-loading-not-12642 avia_image' src=\"https:\/\/radiorevelacionfm.cl\/wp-content\/uploads\/2022\/01\/foto-archivo-1-2_optimized.jpg\" alt='' title='foto-archivo-1-2_optimized' height=\"600\" width=\"800\"  itemprop=\"thumbnailUrl\" srcset=\"https:\/\/radiorevelacionfm.cl\/wp-content\/uploads\/2022\/01\/foto-archivo-1-2_optimized.jpg 800w, https:\/\/radiorevelacionfm.cl\/wp-content\/uploads\/2022\/01\/foto-archivo-1-2_optimized-300x225.jpg 300w, https:\/\/radiorevelacionfm.cl\/wp-content\/uploads\/2022\/01\/foto-archivo-1-2_optimized-768x576.jpg 768w, https:\/\/radiorevelacionfm.cl\/wp-content\/uploads\/2022\/01\/foto-archivo-1-2_optimized-705x529.jpg 705w, https:\/\/radiorevelacionfm.cl\/wp-content\/uploads\/2022\/01\/foto-archivo-1-2_optimized-600x450.jpg 600w\" sizes=\"(max-width: 800px) 100vw, 800px\" \/><\/div><\/div><\/div><\/div><div class=\"flex_column av_one_full  flex_column_div av-zero-column-padding first  avia-builder-el-2  el_after_av_one_full  el_before_av_one_full  column-top-margin\" style='border-radius:0px; '><section class=\"av_textblock_section \"  itemscope=\"itemscope\" itemtype=\"https:\/\/schema.org\/BlogPosting\" itemprop=\"blogPost\" ><div class='avia_textblock  '   itemprop=\"text\" ><p style=\"text-align: center;\"><span style=\"font-size: 18pt;\"><strong>Cuarta versi\u00f3n de la Fiesta del Chivo vuelve a Pen\u00ednsula Levic\u00e1n<\/strong><\/span><\/p>\n<div id=\"gtx-trans\" style=\"position: absolute; left: -50px; top: 4.31534px;\">\n<div class=\"gtx-trans-icon\"><\/div>\n<\/div>\n<\/div><\/section><\/div><div class=\"flex_column av_one_full  flex_column_div av-zero-column-padding first  avia-builder-el-4  el_after_av_one_full  el_before_av_hr  column-top-margin\" style='border-radius:0px; '><section class=\"av_textblock_section \"  itemscope=\"itemscope\" itemtype=\"https:\/\/schema.org\/BlogPosting\" itemprop=\"blogPost\" ><div class='avia_textblock  '   itemprop=\"text\" ><p style=\"text-align: justify;\">Nuevo a\u00f1o y las fiestas no pod\u00edan faltar en R\u00edo Ib\u00e1\u00f1ez. Las tradiciones se toman Pen\u00ednsula Levic\u00e1n el pr\u00f3ximo s\u00e1bado 15 de enero para celebrar la cuarta edici\u00f3n de la popular Fiesta del Chivo, que regresa tras un a\u00f1o de ausencia por motivos de la pandemia.<\/p>\n<p style=\"text-align: justify;\">En esta ocasi\u00f3n habr\u00e1n variadas actividades, entre las que destacan asados de chivo al palo, m\u00fasica regional en vivo, juegos tradicionales, artesan\u00edas, fiesta campera, el siempre he infaltable juego de la taba y mucho m\u00e1s.<\/p>\n<p style=\"text-align: justify;\">Sobre esto, el alcalde de R\u00edo Ib\u00e1\u00f1ez, Marcelo Santana, expres\u00f3 que \u201cqueremos invitar junto a la Junta de Vecinos N\u00b02 de Pen\u00ednsula Levic\u00e1n y como municipio, a toda la comunidad que nos puedan visitar el pr\u00f3ximo s\u00e1bado 15 de enero, vamos a estar desarrollando la cuarta versi\u00f3n de la fiesta del chivo, una fiesta que se realiza en Pen\u00ednsula Levic\u00e1n, organizada por los mismos vecinos de la localidad y que tiene por finalidad promocionar un rubro que es muy importante para nuestra comuna como lo es el rubro caprino, en mostrar las bondades de la carne del chivo, y por supuesto, manifestar en esa oportunidad todas las destrezas de la gente del campo, ,los productos locales, artesan\u00edas, entre otros\u201d.<\/p>\n<p style=\"text-align: justify;\">Asimismo, como parte del comit\u00e9 organizador, la presidenta de la Junta de Vecinos N\u00b02, Uberlinda Figueroa, coment\u00f3 que \u201cbueno, la fiesta lo dice, toda la comida ser\u00e1 en base al chivo. En la actividad habr\u00e1 cocina en vivo, varios artistas y hago un llamado a todos los artistas locales que se sientan totalmente invitados a apoyarnos en este evento porque necesitamos la colaboraci\u00f3n de nuestra gente local\u201d.<\/p>\n<p style=\"text-align: justify;\">Por \u00faltimo, la dirigente fue enf\u00e1tica en se\u00f1alar que en la fiesta costumbrista deben respetarse todas las medidas sanitarias impuesta por la autoridad, para evitar cualquier tipo de contagio.<\/p>\n<p style=\"text-align: justify;\">Cabe destacar que este evento es organizado por la Junta de Vecinos N\u00b02 de Levic\u00e1n, financiado por el Gobierno Regional a trav\u00e9s del convenio de colaboraci\u00f3n entre Sernatur y la Ilustre Municipalidad de R\u00edo Ib\u00e1\u00f1ez Programa \u201cTransferencia Gesti\u00f3n de Destino Ays\u00e9n Patagonia\u201d, y con el auspicio de Puertoibanez.cl<\/p>\n<\/div><\/section><\/div><div  style='height:50px' class='hr hr-invisible   avia-builder-el-6  el_after_av_one_full  el_before_av_social_share '><span class='hr-inner ' ><span class='hr-inner-style'><\/span><\/span><\/div><\/p>\n<div  class='av-social-sharing-box  avia-builder-el-7  el_after_av_hr  el_before_av_hr  '><div class='av-share-box'><h5 class='av-share-link-description av-no-toc '>Compartir esta noticia<\/h5><ul class='av-share-box-list noLightbox'><li class='av-share-link av-social-link-facebook' ><a target=\"_blank\" aria-label=\"Compartir en Facebook\" href='https:\/\/www.facebook.com\/sharer.php?u=https:\/\/radiorevelacionfm.cl\/?p=12641&#038;t=Cuarta%20versi%C3%B3n%20de%20la%20Fiesta%20del%20Chivo%20vuelve%20a%20Pen%C3%ADnsula%20Levic%C3%A1n' aria-hidden='false' data-av_icon='\ue8f3' data-av_iconfont='entypo-fontello' title='' data-avia-related-tooltip='Compartir en Facebook' rel=\"noopener\"><span class='avia_hidden_link_text'>Compartir en Facebook<\/span><\/a><\/li><li class='av-share-link av-social-link-twitter' ><a target=\"_blank\" aria-label=\"Compartir en Twitter\" href='https:\/\/twitter.com\/share?text=Cuarta%20versi%C3%B3n%20de%20la%20Fiesta%20del%20Chivo%20vuelve%20a%20Pen%C3%ADnsula%20Levic%C3%A1n&#038;url=https:\/\/radiorevelacionfm.cl\/?p=12641' aria-hidden='false' data-av_icon='\ue8f1' data-av_iconfont='entypo-fontello' title='' data-avia-related-tooltip='Compartir en Twitter' rel=\"noopener\"><span class='avia_hidden_link_text'>Compartir en Twitter<\/span><\/a><\/li><li class='av-share-link av-social-link-whatsapp' ><a target=\"_blank\" aria-label=\"Compartir en Whatsapp\" href='https:\/\/api.whatsapp.com\/send?text=https:\/\/radiorevelacionfm.cl\/?p=12641' aria-hidden='false' data-av_icon='\uf232' data-av_iconfont='entypo-fontello' title='' data-avia-related-tooltip='Compartir en Whatsapp' rel=\"noopener\"><span class='avia_hidden_link_text'>Compartir en Whatsapp<\/span><\/a><\/li><li class='av-share-link av-social-link-linkedin' ><a target=\"_blank\" aria-label=\"Compartir en LinkedIn\" href='https:\/\/linkedin.com\/shareArticle?mini=true&#038;title=Cuarta%20versi%C3%B3n%20de%20la%20Fiesta%20del%20Chivo%20vuelve%20a%20Pen%C3%ADnsula%20Levic%C3%A1n&#038;url=https:\/\/radiorevelacionfm.cl\/?p=12641' aria-hidden='false' data-av_icon='\ue8fc' data-av_iconfont='entypo-fontello' title='' data-avia-related-tooltip='Compartir en LinkedIn' rel=\"noopener\"><span class='avia_hidden_link_text'>Compartir en LinkedIn<\/span><\/a><\/li><li class='av-share-link av-social-link-mail' ><a  aria-label=\"Compartir por correo\" href='mailto:?subject=Cuarta%20versi%C3%B3n%20de%20la%20Fiesta%20del%20Chivo%20vuelve%20a%20Pen%C3%ADnsula%20Levic%C3%A1n&#038;body=https:\/\/radiorevelacionfm.cl\/?p=12641' aria-hidden='false' data-av_icon='\ue805' data-av_iconfont='entypo-fontello' title='' data-avia-related-tooltip='Compartir por correo'><span class='avia_hidden_link_text'>Compartir por correo<\/span><\/a><\/li><\/ul><\/div><\/div>\n<div  style='height:50px' class='hr hr-invisible   avia-builder-el-8  el_after_av_social_share  el_before_av_comments_list '><span class='hr-inner ' ><span class='hr-inner-style'><\/span><\/span><\/div>\n<div  class='av-buildercomment  av-blog-meta-html-info-disabled av-blog-meta-tag-disabled  '><\/div>\n","protected":false},"excerpt":{"rendered":"","protected":false},"author":1,"featured_media":12642,"comment_status":"open","ping_status":"open","sticky":false,"template":"","format":"standard","meta":{"footnotes":""},"categories":[38],"tags":[],"class_list":["post-12641","post","type-post","status-publish","format-standard","has-post-thumbnail","hentry","category-regional"],"jetpack_featured_media_url":"https:\/\/radiorevelacionfm.cl\/wp-content\/uploads\/2022\/01\/foto-archivo-1-2_optimized.jpg","_links":{"self":[{"href":"https:\/\/radiorevelacionfm.cl\/index.php?rest_route=\/wp\/v2\/posts\/12641","targetHints":{"allow":["GET"]}}],"collection":[{"href":"https:\/\/radiorevelacionfm.cl\/index.php?rest_route=\/wp\/v2\/posts"}],"about":[{"href":"https:\/\/radiorevelacionfm.cl\/index.php?rest_route=\/wp\/v2\/types\/post"}],"author":[{"embeddable":true,"href":"https:\/\/radiorevelacionfm.cl\/index.php?rest_route=\/wp\/v2\/users\/1"}],"replies":[{"embeddable":true,"href":"https:\/\/radiorevelacionfm.cl\/index.php?rest_route=%2Fwp%2Fv2%2Fcomments&post=12641"}],"version-history":[{"count":2,"href":"https:\/\/radiorevelacionfm.cl\/index.php?rest_route=\/wp\/v2\/posts\/12641\/revisions"}],"predecessor-version":[{"id":12644,"href":"https:\/\/radiorevelacionfm.cl\/index.php?rest_route=\/wp\/v2\/posts\/12641\/revisions\/12644"}],"wp:featuredmedia":[{"embeddable":true,"href":"https:\/\/radiorevelacionfm.cl\/index.php?rest_route=\/wp\/v2\/media\/12642"}],"wp:attachment":[{"href":"https:\/\/radiorevelacionfm.cl\/index.php?rest_route=%2Fwp%2Fv2%2Fmedia&parent=12641"}],"wp:term":[{"taxonomy":"category","embeddable":true,"href":"https:\/\/radiorevelacionfm.cl\/index.php?rest_route=%2Fwp%2Fv2%2Fcategories&post=12641"},{"taxonomy":"post_tag","embeddable":true,"href":"https:\/\/radiorevelacionfm.cl\/index.php?rest_route=%2Fwp%2Fv2%2Ftags&post=12641"}],"curies":[{"name":"wp","href":"https:\/\/api.w.org\/{rel}","templated":true}]}}