{"id":12630,"date":"2022-01-10T14:50:02","date_gmt":"2022-01-10T17:50:02","guid":{"rendered":"https:\/\/radiorevelacionfm.cl\/?p=12630"},"modified":"2022-01-10T14:50:02","modified_gmt":"2022-01-10T17:50:02","slug":"diputado-alinco-solicito-a-contraloria-regional-una-fiscalizacion-al-interior-de-la-seremi-de-las-culturas","status":"publish","type":"post","link":"https:\/\/radiorevelacionfm.cl\/?p=12630","title":{"rendered":"Diputado Alinco solicit\u00f3 a Contralor\u00eda Regional una fiscalizaci\u00f3n al interior de la Seremi de las Culturas"},"content":{"rendered":"<div class=\"flex_column av_one_full  flex_column_div av-zero-column-padding first  avia-builder-el-0  el_before_av_one_full  avia-builder-el-first  \" style='border-radius:0px; '><div  class='avia-image-container  av-styling-    avia-builder-el-1  avia-builder-el-no-sibling  avia-align-center '  itemprop=\"image\" itemscope=\"itemscope\" itemtype=\"https:\/\/schema.org\/ImageObject\"  ><div class='avia-image-container-inner'><div class='avia-image-overlay-wrap'><img decoding=\"async\" class='wp-image-8730 avia-img-lazy-loading-not-8730 avia_image' src=\"https:\/\/radiorevelacionfm.cl\/wp-content\/uploads\/2021\/09\/Diputado-Alinco-14-09a-1-1.jpg\" alt='' title='Diputado Alinco 14-09a (1) (1)' height=\"600\" width=\"796\"  itemprop=\"thumbnailUrl\" srcset=\"https:\/\/radiorevelacionfm.cl\/wp-content\/uploads\/2021\/09\/Diputado-Alinco-14-09a-1-1.jpg 796w, https:\/\/radiorevelacionfm.cl\/wp-content\/uploads\/2021\/09\/Diputado-Alinco-14-09a-1-1-300x226.jpg 300w, https:\/\/radiorevelacionfm.cl\/wp-content\/uploads\/2021\/09\/Diputado-Alinco-14-09a-1-1-768x579.jpg 768w, https:\/\/radiorevelacionfm.cl\/wp-content\/uploads\/2021\/09\/Diputado-Alinco-14-09a-1-1-705x531.jpg 705w, https:\/\/radiorevelacionfm.cl\/wp-content\/uploads\/2021\/09\/Diputado-Alinco-14-09a-1-1-600x452.jpg 600w\" sizes=\"(max-width: 796px) 100vw, 796px\" \/><\/div><\/div><\/div><\/div><div class=\"flex_column av_one_full  flex_column_div av-zero-column-padding first  avia-builder-el-2  el_after_av_one_full  el_before_av_one_full  column-top-margin\" style='border-radius:0px; '><section class=\"av_textblock_section \"  itemscope=\"itemscope\" itemtype=\"https:\/\/schema.org\/BlogPosting\" itemprop=\"blogPost\" ><div class='avia_textblock  '   itemprop=\"text\" ><p style=\"text-align: center;\"><span style=\"font-size: 18pt;\"><strong>Diputado Alinco solicit\u00f3 a Contralor\u00eda Regional una fiscalizaci\u00f3n al interior de la Seremi de las Culturas<\/strong><\/span><\/p>\n<div id=\"gtx-trans\" style=\"position: absolute; left: -50px; top: 4.31534px;\">\n<div class=\"gtx-trans-icon\"><\/div>\n<\/div>\n<\/div><\/section><\/div><div class=\"flex_column av_one_full  flex_column_div av-zero-column-padding first  avia-builder-el-4  el_after_av_one_full  el_before_av_hr  column-top-margin\" style='border-radius:0px; '><section class=\"av_textblock_section \"  itemscope=\"itemscope\" itemtype=\"https:\/\/schema.org\/BlogPosting\" itemprop=\"blogPost\" ><div class='avia_textblock  '   itemprop=\"text\" ><p style=\"text-align: justify;\">Una denuncia ciudadana motiv\u00f3 al diputado Ren\u00e9 Alinco Bustos a realizar una presentaci\u00f3n ante Contralor\u00eda Regional de Ays\u00e9n, con el fin de solicitar una fiscalizaci\u00f3n al interior de la Seremi de las Culturas, las Artes y el Patrimonio de la regi\u00f3n de Ays\u00e9n.<\/p>\n<p style=\"text-align: justify;\">Seg\u00fan tom\u00f3 conocimiento el parlamentario, la titular de la Seremi, Ver\u00f3nica D\u00edaz Cayul, habr\u00eda facilitado un bien mueble fiscal a una entidad privada a pesar de que no existe un conducto regular para tales efectos.<\/p>\n<p style=\"text-align: justify;\">\u201cLa eventual falta, consiste en que este bien propiedad del fisco de Chile fue facilitado por la autoridad a una entidad de car\u00e1cter privado, lo que a juicio de quien suscribe es contrario a derecho, acto seguido y sin perjuicio de lo anterior se habr\u00eda facilitado sin exigir ning\u00fan tipo de garant\u00eda, ni funcionarios debidamente capacitados para el uso de dicho bien, y vulnerando todo tipo de conducto administrativo\u201d, reza el documento presentado por el diputado Alinco, donde adem\u00e1s se detalla que el bien mueble se trata de un generador el\u00e9ctrico, el cual tiene un costo aproximado de $ 10 millones y es parte del escenario m\u00f3vil entregado hace algunos a\u00f1os a la Seremi de las Culturas, las Artes y el Patrimonio de Ays\u00e9n, el que &#8211; como se recuerda- no cuenta con funcionarios especializados en la regi\u00f3n para poder funcionar.<\/p>\n<p style=\"text-align: justify;\">En el contexto de la denuncia, adem\u00e1s se le inform\u00f3 al parlamentario que el generador el\u00e9ctrico fue prestado sin garant\u00edas debido al alto costo y posteriormente se habr\u00eda intentado por parte de la seremi, el contar con un respaldo de acto administrativo, situaci\u00f3n \u201cque va en contra de la normativa\u201d, expres\u00f3 Alinco Bustos.<\/p>\n<p style=\"text-align: justify;\">Tras lo expuesto, el diputado solicit\u00f3 ante Contralor\u00eda \u201cse pueda realizar una fiscalizaci\u00f3n a la Secretaria Regional Ministerial de las Culturas, las Artes y el Patrimonio Regi\u00f3n de Ays\u00e9n respecto de los hechos reci\u00e9n relatados, y de establecerse la veracidad de los mismos, instruir los procedimientos disciplinarios correspondientes, a fin de establecer las responsabilidades administrativas, que de ello deriven y aplicar las sanciones que nuestro ordenamiento jur\u00eddico establece\u2026\u201d.<\/p>\n<\/div><\/section><\/div><div  style='height:50px' class='hr hr-invisible   avia-builder-el-6  el_after_av_one_full  el_before_av_social_share '><span class='hr-inner ' ><span class='hr-inner-style'><\/span><\/span><\/div><\/p>\n<div  class='av-social-sharing-box  avia-builder-el-7  el_after_av_hr  el_before_av_hr  '><div class='av-share-box'><h5 class='av-share-link-description av-no-toc '>Compartir esta noticia<\/h5><ul class='av-share-box-list noLightbox'><li class='av-share-link av-social-link-facebook' ><a target=\"_blank\" aria-label=\"Compartir en Facebook\" href='https:\/\/www.facebook.com\/sharer.php?u=https:\/\/radiorevelacionfm.cl\/?p=12630&#038;t=Diputado%20Alinco%20solicit%C3%B3%20a%20Contralor%C3%ADa%20Regional%20una%20fiscalizaci%C3%B3n%20al%20interior%20de%20la%20Seremi%20de%20las%20Culturas' aria-hidden='false' data-av_icon='\ue8f3' data-av_iconfont='entypo-fontello' title='' data-avia-related-tooltip='Compartir en Facebook' rel=\"noopener\"><span class='avia_hidden_link_text'>Compartir en Facebook<\/span><\/a><\/li><li class='av-share-link av-social-link-twitter' ><a target=\"_blank\" aria-label=\"Compartir en Twitter\" href='https:\/\/twitter.com\/share?text=Diputado%20Alinco%20solicit%C3%B3%20a%20Contralor%C3%ADa%20Regional%20una%20fiscalizaci%C3%B3n%20al%20interior%20de%20la%20Seremi%20de%20las%20Culturas&#038;url=https:\/\/radiorevelacionfm.cl\/?p=12630' aria-hidden='false' data-av_icon='\ue8f1' data-av_iconfont='entypo-fontello' title='' data-avia-related-tooltip='Compartir en Twitter' rel=\"noopener\"><span class='avia_hidden_link_text'>Compartir en Twitter<\/span><\/a><\/li><li class='av-share-link av-social-link-whatsapp' ><a target=\"_blank\" aria-label=\"Compartir en Whatsapp\" href='https:\/\/api.whatsapp.com\/send?text=https:\/\/radiorevelacionfm.cl\/?p=12630' aria-hidden='false' data-av_icon='\uf232' data-av_iconfont='entypo-fontello' title='' data-avia-related-tooltip='Compartir en Whatsapp' rel=\"noopener\"><span class='avia_hidden_link_text'>Compartir en Whatsapp<\/span><\/a><\/li><li class='av-share-link av-social-link-linkedin' ><a target=\"_blank\" aria-label=\"Compartir en LinkedIn\" href='https:\/\/linkedin.com\/shareArticle?mini=true&#038;title=Diputado%20Alinco%20solicit%C3%B3%20a%20Contralor%C3%ADa%20Regional%20una%20fiscalizaci%C3%B3n%20al%20interior%20de%20la%20Seremi%20de%20las%20Culturas&#038;url=https:\/\/radiorevelacionfm.cl\/?p=12630' aria-hidden='false' data-av_icon='\ue8fc' data-av_iconfont='entypo-fontello' title='' data-avia-related-tooltip='Compartir en LinkedIn' rel=\"noopener\"><span class='avia_hidden_link_text'>Compartir en LinkedIn<\/span><\/a><\/li><li class='av-share-link av-social-link-mail' ><a  aria-label=\"Compartir por correo\" href='mailto:?subject=Diputado%20Alinco%20solicit%C3%B3%20a%20Contralor%C3%ADa%20Regional%20una%20fiscalizaci%C3%B3n%20al%20interior%20de%20la%20Seremi%20de%20las%20Culturas&#038;body=https:\/\/radiorevelacionfm.cl\/?p=12630' aria-hidden='false' data-av_icon='\ue805' data-av_iconfont='entypo-fontello' title='' data-avia-related-tooltip='Compartir por correo'><span class='avia_hidden_link_text'>Compartir por correo<\/span><\/a><\/li><\/ul><\/div><\/div>\n<div  style='height:50px' class='hr hr-invisible   avia-builder-el-8  el_after_av_social_share  el_before_av_comments_list '><span class='hr-inner ' ><span class='hr-inner-style'><\/span><\/span><\/div>\n<div  class='av-buildercomment  av-blog-meta-html-info-disabled av-blog-meta-tag-disabled  '><\/div>\n","protected":false},"excerpt":{"rendered":"","protected":false},"author":1,"featured_media":8730,"comment_status":"open","ping_status":"open","sticky":false,"template":"","format":"standard","meta":{"footnotes":""},"categories":[35],"tags":[],"class_list":["post-12630","post","type-post","status-publish","format-standard","has-post-thumbnail","hentry","category-politica"],"jetpack_featured_media_url":"https:\/\/radiorevelacionfm.cl\/wp-content\/uploads\/2021\/09\/Diputado-Alinco-14-09a-1-1.jpg","_links":{"self":[{"href":"https:\/\/radiorevelacionfm.cl\/index.php?rest_route=\/wp\/v2\/posts\/12630","targetHints":{"allow":["GET"]}}],"collection":[{"href":"https:\/\/radiorevelacionfm.cl\/index.php?rest_route=\/wp\/v2\/posts"}],"about":[{"href":"https:\/\/radiorevelacionfm.cl\/index.php?rest_route=\/wp\/v2\/types\/post"}],"author":[{"embeddable":true,"href":"https:\/\/radiorevelacionfm.cl\/index.php?rest_route=\/wp\/v2\/users\/1"}],"replies":[{"embeddable":true,"href":"https:\/\/radiorevelacionfm.cl\/index.php?rest_route=%2Fwp%2Fv2%2Fcomments&post=12630"}],"version-history":[{"count":2,"href":"https:\/\/radiorevelacionfm.cl\/index.php?rest_route=\/wp\/v2\/posts\/12630\/revisions"}],"predecessor-version":[{"id":12632,"href":"https:\/\/radiorevelacionfm.cl\/index.php?rest_route=\/wp\/v2\/posts\/12630\/revisions\/12632"}],"wp:featuredmedia":[{"embeddable":true,"href":"https:\/\/radiorevelacionfm.cl\/index.php?rest_route=\/wp\/v2\/media\/8730"}],"wp:attachment":[{"href":"https:\/\/radiorevelacionfm.cl\/index.php?rest_route=%2Fwp%2Fv2%2Fmedia&parent=12630"}],"wp:term":[{"taxonomy":"category","embeddable":true,"href":"https:\/\/radiorevelacionfm.cl\/index.php?rest_route=%2Fwp%2Fv2%2Fcategories&post=12630"},{"taxonomy":"post_tag","embeddable":true,"href":"https:\/\/radiorevelacionfm.cl\/index.php?rest_route=%2Fwp%2Fv2%2Ftags&post=12630"}],"curies":[{"name":"wp","href":"https:\/\/api.w.org\/{rel}","templated":true}]}}