{"id":12622,"date":"2022-01-10T09:31:58","date_gmt":"2022-01-10T12:31:58","guid":{"rendered":"https:\/\/radiorevelacionfm.cl\/?p=12622"},"modified":"2022-01-10T09:31:58","modified_gmt":"2022-01-10T12:31:58","slug":"gobernadora-y-alcalde-de-aysen-abren-dialogos-ciudadanos-en-islas-huichas","status":"publish","type":"post","link":"https:\/\/radiorevelacionfm.cl\/?p=12622","title":{"rendered":"Gobernadora y Alcalde de Ays\u00e9n abren di\u00e1logos ciudadanos en Islas Huichas"},"content":{"rendered":"<div class=\"flex_column av_one_full  flex_column_div av-zero-column-padding first  avia-builder-el-0  el_before_av_one_full  avia-builder-el-first  \" style='border-radius:0px; '><div  class='avia-image-container  av-styling-    avia-builder-el-1  avia-builder-el-no-sibling  avia-align-center '  itemprop=\"image\" itemscope=\"itemscope\" itemtype=\"https:\/\/schema.org\/ImageObject\"  ><div class='avia-image-container-inner'><div class='avia-image-overlay-wrap'><img decoding=\"async\" class='wp-image-12623 avia-img-lazy-loading-not-12623 avia_image' src=\"https:\/\/radiorevelacionfm.cl\/wp-content\/uploads\/2022\/01\/foto-islas-huichas-1-2_optimized.jpeg\" alt='' title='foto-islas-huichas-1-2_optimized' height=\"600\" width=\"901\"  itemprop=\"thumbnailUrl\" srcset=\"https:\/\/radiorevelacionfm.cl\/wp-content\/uploads\/2022\/01\/foto-islas-huichas-1-2_optimized.jpeg 901w, https:\/\/radiorevelacionfm.cl\/wp-content\/uploads\/2022\/01\/foto-islas-huichas-1-2_optimized-300x200.jpeg 300w, https:\/\/radiorevelacionfm.cl\/wp-content\/uploads\/2022\/01\/foto-islas-huichas-1-2_optimized-768x511.jpeg 768w, https:\/\/radiorevelacionfm.cl\/wp-content\/uploads\/2022\/01\/foto-islas-huichas-1-2_optimized-705x469.jpeg 705w, https:\/\/radiorevelacionfm.cl\/wp-content\/uploads\/2022\/01\/foto-islas-huichas-1-2_optimized-600x400.jpeg 600w\" sizes=\"(max-width: 901px) 100vw, 901px\" \/><\/div><\/div><\/div><\/div><div class=\"flex_column av_one_full  flex_column_div av-zero-column-padding first  avia-builder-el-2  el_after_av_one_full  el_before_av_one_full  column-top-margin\" style='border-radius:0px; '><section class=\"av_textblock_section \"  itemscope=\"itemscope\" itemtype=\"https:\/\/schema.org\/BlogPosting\" itemprop=\"blogPost\" ><div class='avia_textblock  '   itemprop=\"text\" ><p style=\"text-align: center;\"><strong><span style=\"font-size: 18pt;\">Gobernadora y Alcalde de Ays\u00e9n abren di\u00e1logos ciudadanos en Islas Huichas <\/span><\/strong><\/p>\n<div id=\"gtx-trans\" style=\"position: absolute; left: -50px; top: 4.31534px;\">\n<div class=\"gtx-trans-icon\"><\/div>\n<\/div>\n<\/div><\/section><\/div><div class=\"flex_column av_one_full  flex_column_div av-zero-column-padding first  avia-builder-el-4  el_after_av_one_full  el_before_av_hr  column-top-margin\" style='border-radius:0px; '><section class=\"av_textblock_section \"  itemscope=\"itemscope\" itemtype=\"https:\/\/schema.org\/BlogPosting\" itemprop=\"blogPost\" ><div class='avia_textblock  '   itemprop=\"text\" ><p style=\"text-align: justify;\">La jornada de las autoridades en el territorio contempl\u00f3 una sesi\u00f3n del Consejo Regional de Seguridad y del Concejo Municipal abierto a los vecinos y vecinas.<\/p>\n<p style=\"text-align: justify;\">\u00abPara empezar recalcar que estos Consejos Municipales se vienen haciendo desde la administraci\u00f3n anterior, pero nunca se hab\u00eda invitado a una primera autoridad regional a este tipo de eventos. Entonces rescato que se den el tiempo de venir hasta Isla Huichas, que sabemos que es de dif\u00edcil acceso de repente por temas clim\u00e1ticos, pero se agradece que est\u00e9n presentes aqu\u00ed en estas instancias. Sabemos que la participaci\u00f3n ciudadana es algo fundamental para el funcionamiento de las entidades gubernamentales, as\u00ed que esperamos que est\u00e9n mucho m\u00e1s presente y m\u00e1s latente en la comunidad tambi\u00e9n\u00bb, comentaba David Coloane, uno de los vecinos que particip\u00f3 en las actividades que realizaron en conjunto autoridad regional y local en Puerto Aguirre.<\/p>\n<p style=\"text-align: justify;\">La jornada en el territorio incluy\u00f3 una sesi\u00f3n del Consejo de Seguridad y del Concejo Municipal del Municipio de Puerto Ays\u00e9n, adem\u00e1s de la visita en terreno para conocer el proyecto de APR que traer\u00eda la soluci\u00f3n de contar con abastecimiento de agua potable para la comunidad.<\/p>\n<p style=\"text-align: justify;\">Para la Gobernadora Regional, Andrea Mac\u00edas Palma, este tipo de visitas son fundamentales para acordar el \u00e9nfasis de la inversi\u00f3n p\u00fablica para que se logre transformar las necesidades de los habitantes del litoral para generar m\u00e1s oportunidades de desarrollo para todos y todas.<\/p>\n<p style=\"text-align: justify;\">\u00abEstamos en esta jornada de trabajo aqu\u00ed en Islas Huichas, Puerto Aguirre, Caleta Andrade y Estero Copa, coordinados con el Alcalde del Municipio a una sesi\u00f3n del Concejo Municipal y a una sesi\u00f3n del Consejo de Seguridad P\u00fablica. Siempre uno agradece estos espacios porque te permiten estar muy cerca de la comunidad y poder conocer de manera efectiva cu\u00e1les son las reales demandas, las necesidades que m\u00e1s aquejan a los vecinos. Hemos logrado acuerdos importantes como Gobierno Regional nos hacemos parte, adem\u00e1s, de muchas situaciones que ocurren en el tema del agua potable, por ejemplo que con la sequ\u00eda que hoy d\u00eda existe la disminuci\u00f3n de las lluvias. Hay temas con salud efectivamente, con los perros, situaciones de adultos mayores, gesti\u00f3n de residuos, entre otros. As\u00ed que tengo la esperanza y compromisos asumidos tambi\u00e9n en conjunto con el Municipio, para poder avanzar y que la inversi\u00f3n p\u00fablica llegue sobre todo estos territorios que reclaman estar en el abandono desde hace muchos a\u00f1os\u00bb, coment\u00f3 la m\u00e1xima autoridad regional.<\/p>\n<p style=\"text-align: justify;\">Por su parte, el Alcalde Julio Uribe, valor\u00f3 empezar el 2022 con esta primera visita a terreno junto a la Gobernadora Regional.<\/p>\n<p style=\"text-align: justify;\">\u00abHa sido espectacular comenzar con nuestra serie de reuniones, de sesiones en Islas Huichas, el lugar m\u00e1s apartado de nuestra comuna y de la regi\u00f3n, adem\u00e1s contando con la presencia de nuestra Gobernadora Regional, sacando dudas, trabajando en conjunto con su Municipio, realmente es motivo de orgullo. Es motivo de orgullo que haya participado en el Consejo de Seguridad Ciudadana que contempla las organizaciones vecinales, a la PDI, Carabineros, Aduana y el SAG, donde pudieron estar presentes y poder dar sus apreciaciones respecto a la seguridad en la Isla y en toda nuestra comuna. Ha sido una jornada de trabajo redonda, d\u00f3nde estamos con la comunidad. Basta ya de prometer cosas sin cumplir as\u00ed que nosotros venimos aqu\u00ed con el overol puesto a trabajar junto a nuestros vecinos\u00bb, afirm\u00f3 el edil.<\/p>\n<p style=\"text-align: justify;\">La Gobernadora Regional adem\u00e1s recalc\u00f3 la importancia de este trabajo de cara a la ciudadan\u00eda en torno al cumplimiento de los desaf\u00edos que tiene la regi\u00f3n de Ays\u00e9n para las oportunidades de la comunidad entera.<\/p>\n<\/div><\/section><\/div><div  style='height:50px' class='hr hr-invisible   avia-builder-el-6  el_after_av_one_full  el_before_av_social_share '><span class='hr-inner ' ><span class='hr-inner-style'><\/span><\/span><\/div><\/p>\n<div  class='av-social-sharing-box  avia-builder-el-7  el_after_av_hr  el_before_av_hr  '><div class='av-share-box'><h5 class='av-share-link-description av-no-toc '>Compartir esta noticia<\/h5><ul class='av-share-box-list noLightbox'><li class='av-share-link av-social-link-facebook' ><a target=\"_blank\" aria-label=\"Compartir en Facebook\" href='https:\/\/www.facebook.com\/sharer.php?u=https:\/\/radiorevelacionfm.cl\/?p=12622&#038;t=Gobernadora%20y%20Alcalde%20de%20Ays%C3%A9n%20abren%20di%C3%A1logos%20ciudadanos%20en%20Islas%20Huichas' aria-hidden='false' data-av_icon='\ue8f3' data-av_iconfont='entypo-fontello' title='' data-avia-related-tooltip='Compartir en Facebook' rel=\"noopener\"><span class='avia_hidden_link_text'>Compartir en Facebook<\/span><\/a><\/li><li class='av-share-link av-social-link-twitter' ><a target=\"_blank\" aria-label=\"Compartir en Twitter\" href='https:\/\/twitter.com\/share?text=Gobernadora%20y%20Alcalde%20de%20Ays%C3%A9n%20abren%20di%C3%A1logos%20ciudadanos%20en%20Islas%20Huichas&#038;url=https:\/\/radiorevelacionfm.cl\/?p=12622' aria-hidden='false' data-av_icon='\ue8f1' data-av_iconfont='entypo-fontello' title='' data-avia-related-tooltip='Compartir en Twitter' rel=\"noopener\"><span class='avia_hidden_link_text'>Compartir en Twitter<\/span><\/a><\/li><li class='av-share-link av-social-link-whatsapp' ><a target=\"_blank\" aria-label=\"Compartir en Whatsapp\" href='https:\/\/api.whatsapp.com\/send?text=https:\/\/radiorevelacionfm.cl\/?p=12622' aria-hidden='false' data-av_icon='\uf232' data-av_iconfont='entypo-fontello' title='' data-avia-related-tooltip='Compartir en Whatsapp' rel=\"noopener\"><span class='avia_hidden_link_text'>Compartir en Whatsapp<\/span><\/a><\/li><li class='av-share-link av-social-link-linkedin' ><a target=\"_blank\" aria-label=\"Compartir en LinkedIn\" href='https:\/\/linkedin.com\/shareArticle?mini=true&#038;title=Gobernadora%20y%20Alcalde%20de%20Ays%C3%A9n%20abren%20di%C3%A1logos%20ciudadanos%20en%20Islas%20Huichas&#038;url=https:\/\/radiorevelacionfm.cl\/?p=12622' aria-hidden='false' data-av_icon='\ue8fc' data-av_iconfont='entypo-fontello' title='' data-avia-related-tooltip='Compartir en LinkedIn' rel=\"noopener\"><span class='avia_hidden_link_text'>Compartir en LinkedIn<\/span><\/a><\/li><li class='av-share-link av-social-link-mail' ><a  aria-label=\"Compartir por correo\" href='mailto:?subject=Gobernadora%20y%20Alcalde%20de%20Ays%C3%A9n%20abren%20di%C3%A1logos%20ciudadanos%20en%20Islas%20Huichas&#038;body=https:\/\/radiorevelacionfm.cl\/?p=12622' aria-hidden='false' data-av_icon='\ue805' data-av_iconfont='entypo-fontello' title='' data-avia-related-tooltip='Compartir por correo'><span class='avia_hidden_link_text'>Compartir por correo<\/span><\/a><\/li><\/ul><\/div><\/div>\n<div  style='height:50px' class='hr hr-invisible   avia-builder-el-8  el_after_av_social_share  el_before_av_comments_list '><span class='hr-inner ' ><span class='hr-inner-style'><\/span><\/span><\/div>\n<div  class='av-buildercomment  av-blog-meta-html-info-disabled av-blog-meta-tag-disabled  '><\/div>\n","protected":false},"excerpt":{"rendered":"","protected":false},"author":1,"featured_media":12623,"comment_status":"open","ping_status":"open","sticky":false,"template":"","format":"standard","meta":{"footnotes":""},"categories":[38],"tags":[],"class_list":["post-12622","post","type-post","status-publish","format-standard","has-post-thumbnail","hentry","category-regional"],"jetpack_featured_media_url":"https:\/\/radiorevelacionfm.cl\/wp-content\/uploads\/2022\/01\/foto-islas-huichas-1-2_optimized.jpeg","_links":{"self":[{"href":"https:\/\/radiorevelacionfm.cl\/index.php?rest_route=\/wp\/v2\/posts\/12622","targetHints":{"allow":["GET"]}}],"collection":[{"href":"https:\/\/radiorevelacionfm.cl\/index.php?rest_route=\/wp\/v2\/posts"}],"about":[{"href":"https:\/\/radiorevelacionfm.cl\/index.php?rest_route=\/wp\/v2\/types\/post"}],"author":[{"embeddable":true,"href":"https:\/\/radiorevelacionfm.cl\/index.php?rest_route=\/wp\/v2\/users\/1"}],"replies":[{"embeddable":true,"href":"https:\/\/radiorevelacionfm.cl\/index.php?rest_route=%2Fwp%2Fv2%2Fcomments&post=12622"}],"version-history":[{"count":2,"href":"https:\/\/radiorevelacionfm.cl\/index.php?rest_route=\/wp\/v2\/posts\/12622\/revisions"}],"predecessor-version":[{"id":12625,"href":"https:\/\/radiorevelacionfm.cl\/index.php?rest_route=\/wp\/v2\/posts\/12622\/revisions\/12625"}],"wp:featuredmedia":[{"embeddable":true,"href":"https:\/\/radiorevelacionfm.cl\/index.php?rest_route=\/wp\/v2\/media\/12623"}],"wp:attachment":[{"href":"https:\/\/radiorevelacionfm.cl\/index.php?rest_route=%2Fwp%2Fv2%2Fmedia&parent=12622"}],"wp:term":[{"taxonomy":"category","embeddable":true,"href":"https:\/\/radiorevelacionfm.cl\/index.php?rest_route=%2Fwp%2Fv2%2Fcategories&post=12622"},{"taxonomy":"post_tag","embeddable":true,"href":"https:\/\/radiorevelacionfm.cl\/index.php?rest_route=%2Fwp%2Fv2%2Ftags&post=12622"}],"curies":[{"name":"wp","href":"https:\/\/api.w.org\/{rel}","templated":true}]}}