{"id":12616,"date":"2022-01-09T19:04:07","date_gmt":"2022-01-09T22:04:07","guid":{"rendered":"https:\/\/radiorevelacionfm.cl\/?p=12616"},"modified":"2022-01-09T19:07:24","modified_gmt":"2022-01-09T22:07:24","slug":"carabineros-detuvo-a-presunto-responsable-de-robo-a-domicilios-en-puerto-aysen","status":"publish","type":"post","link":"https:\/\/radiorevelacionfm.cl\/?p=12616","title":{"rendered":"Carabineros detuvo a presunto responsable de robos a domicilios en Puerto Ays\u00e9n"},"content":{"rendered":"<div class=\"flex_column av_one_full  flex_column_div av-zero-column-padding first  avia-builder-el-0  el_before_av_one_full  avia-builder-el-first  \" style='border-radius:0px; '><div  class='avia-image-container  av-styling-    avia-builder-el-1  avia-builder-el-no-sibling  avia-align-center '  itemprop=\"image\" itemscope=\"itemscope\" itemtype=\"https:\/\/schema.org\/ImageObject\"  ><div class='avia-image-container-inner'><div class='avia-image-overlay-wrap'><img decoding=\"async\" class='wp-image-12617 avia-img-lazy-loading-not-12617 avia_image' src=\"https:\/\/radiorevelacionfm.cl\/wp-content\/uploads\/2022\/01\/Carabineros-Aysen.jpg\" alt='' title='Carabineros Aysen' height=\"600\" width=\"1057\"  itemprop=\"thumbnailUrl\" srcset=\"https:\/\/radiorevelacionfm.cl\/wp-content\/uploads\/2022\/01\/Carabineros-Aysen.jpg 1057w, https:\/\/radiorevelacionfm.cl\/wp-content\/uploads\/2022\/01\/Carabineros-Aysen-300x170.jpg 300w, https:\/\/radiorevelacionfm.cl\/wp-content\/uploads\/2022\/01\/Carabineros-Aysen-1030x585.jpg 1030w, https:\/\/radiorevelacionfm.cl\/wp-content\/uploads\/2022\/01\/Carabineros-Aysen-768x436.jpg 768w, https:\/\/radiorevelacionfm.cl\/wp-content\/uploads\/2022\/01\/Carabineros-Aysen-705x400.jpg 705w, https:\/\/radiorevelacionfm.cl\/wp-content\/uploads\/2022\/01\/Carabineros-Aysen-600x341.jpg 600w\" sizes=\"(max-width: 1057px) 100vw, 1057px\" \/><\/div><\/div><\/div><\/div>\n<div class=\"flex_column av_one_full  flex_column_div av-zero-column-padding first  avia-builder-el-2  el_after_av_one_full  el_before_av_one_full  column-top-margin\" style='border-radius:0px; '><section class=\"av_textblock_section \"  itemscope=\"itemscope\" itemtype=\"https:\/\/schema.org\/BlogPosting\" itemprop=\"blogPost\" ><div class='avia_textblock  '   itemprop=\"text\" ><p style=\"text-align: center;\"><strong><span style=\"font-size: 18pt;\">Carabineros detuvo a presunto responsable de robos a domicilios en Puerto Ays\u00e9n<\/span><\/strong><\/p>\n<div id=\"gtx-trans\" style=\"position: absolute; left: -50px; top: 4.31534px;\">\n<div class=\"gtx-trans-icon\"><\/div>\n<\/div>\n<\/div><\/section><\/div><div class=\"flex_column av_one_full  flex_column_div av-zero-column-padding first  avia-builder-el-4  el_after_av_one_full  el_before_av_hr  column-top-margin\" style='border-radius:0px; '><section class=\"av_textblock_section \"  itemscope=\"itemscope\" itemtype=\"https:\/\/schema.org\/BlogPosting\" itemprop=\"blogPost\" ><div class='avia_textblock  '   itemprop=\"text\" ><p style=\"text-align: justify;\">Exhaustivas diligencias desarrolladas por personal de Carabineros de dotaci\u00f3n de la Secci\u00f3n de Investigaci\u00f3n Policial (S.I.P) de la Segunda Comisar\u00eda de Puerto Ays\u00e9n, culminaron con la detenci\u00f3n de un sujeto mayor de edad, imputado por su presunta participaci\u00f3n en el delito de robo a domicilios particulares en esta ciudad.<\/p>\n<p style=\"text-align: justify;\">El Comisario de Puerto Ays\u00e9n, Mayor Patricio Bustos, indic\u00f3 que lo anterior fue el resultado de las indagatorias de acuerdo a las instrucciones emanadas desde el Ministerio P\u00fablico, sumado a informaci\u00f3n que manejaba la S.I.P y a antecedentes aportados por la comunidad, lo cual el martes de la semana pasada permiti\u00f3 recuperar numerosas especies por un alto aval\u00fao, las cuales fueron reconocidas y entregadas a sus propietarios.<\/p>\n<p style=\"text-align: justify;\">\u00abSe continu\u00f3 con las indagatorias y tal es as\u00ed que el personal de la S.I.P de nuestra Unidad ya ten\u00eda identificado al autor del delito. A ra\u00edz de eso, se continu\u00f3 el desarrollo de diligencias y la b\u00fasqueda de este individuo, siendo localizado y detenido, en tanto que los antecedentes puestos en conocimiento del Ministerio P\u00fablico. Tras el control de detenci\u00f3n, qued\u00f3 sujeto a la medida cautelar de prisi\u00f3n preventiva por estos dos delitos de robo de especies, en los cuales se logr\u00f3 la recuperaci\u00f3n de estas\u00bb, expres\u00f3 el Oficial.<\/p>\n<p style=\"text-align: justify;\">El detenido quien posee antecedentes por delitos similares a los cuales estaba siendo investigado y en virtud de los antecedentes aportados a la Fiscal\u00eda, Carabineros solicit\u00f3 al ente persecutor una orden de detenci\u00f3n en su contra, la cual fue otorgada al personal, quienes tras efectuar la b\u00fasqueda, dieron con su paradero, logrando materializar dicha instrucci\u00f3n.<\/p>\n<p style=\"text-align: justify;\">Tras lo anterior el personal sorprendi\u00f3 al individuo en la v\u00eda p\u00fablica en el sector central de la ciudad de Puerto Ays\u00e9n, concretando su detenci\u00f3n.<\/p>\n<p style=\"text-align: justify;\">Carabineros contin\u00faa el desarrollo de diligencias con la finalidad de determinar si existen o no m\u00e1s personas asociadas a este hecho, al mismo tiempo que record\u00f3 a la comunidad denunciar en forma oportuna la ocurrencia de delitos con la finalidad de realizar la georeferenci\u00f3n de estos, iniciar las diligencias investigativas y derivar los antecedentes a la Fiscal\u00eda.<\/p>\n<\/div><\/section><\/div><\/p>\n<div  style='height:50px' class='hr hr-invisible   avia-builder-el-6  el_after_av_one_full  el_before_av_social_share '><span class='hr-inner ' ><span class='hr-inner-style'><\/span><\/span><\/div>\n<div  class='av-social-sharing-box  avia-builder-el-7  el_after_av_hr  el_before_av_hr  '><div class='av-share-box'><h5 class='av-share-link-description av-no-toc '>Compartir esta noticia<\/h5><ul class='av-share-box-list noLightbox'><li class='av-share-link av-social-link-facebook' ><a target=\"_blank\" aria-label=\"Compartir en Facebook\" href='https:\/\/www.facebook.com\/sharer.php?u=https:\/\/radiorevelacionfm.cl\/?p=12616&#038;t=Carabineros%20detuvo%20a%20presunto%20responsable%20de%20robos%20a%20domicilios%20en%20Puerto%20Ays%C3%A9n' aria-hidden='false' data-av_icon='\ue8f3' data-av_iconfont='entypo-fontello' title='' data-avia-related-tooltip='Compartir en Facebook' rel=\"noopener\"><span class='avia_hidden_link_text'>Compartir en Facebook<\/span><\/a><\/li><li class='av-share-link av-social-link-twitter' ><a target=\"_blank\" aria-label=\"Compartir en Twitter\" href='https:\/\/twitter.com\/share?text=Carabineros%20detuvo%20a%20presunto%20responsable%20de%20robos%20a%20domicilios%20en%20Puerto%20Ays%C3%A9n&#038;url=https:\/\/radiorevelacionfm.cl\/?p=12616' aria-hidden='false' data-av_icon='\ue8f1' data-av_iconfont='entypo-fontello' title='' data-avia-related-tooltip='Compartir en Twitter' rel=\"noopener\"><span class='avia_hidden_link_text'>Compartir en Twitter<\/span><\/a><\/li><li class='av-share-link av-social-link-whatsapp' ><a target=\"_blank\" aria-label=\"Compartir en Whatsapp\" href='https:\/\/api.whatsapp.com\/send?text=https:\/\/radiorevelacionfm.cl\/?p=12616' aria-hidden='false' data-av_icon='\uf232' data-av_iconfont='entypo-fontello' title='' data-avia-related-tooltip='Compartir en Whatsapp' rel=\"noopener\"><span class='avia_hidden_link_text'>Compartir en Whatsapp<\/span><\/a><\/li><li class='av-share-link av-social-link-linkedin' ><a target=\"_blank\" aria-label=\"Compartir en LinkedIn\" href='https:\/\/linkedin.com\/shareArticle?mini=true&#038;title=Carabineros%20detuvo%20a%20presunto%20responsable%20de%20robos%20a%20domicilios%20en%20Puerto%20Ays%C3%A9n&#038;url=https:\/\/radiorevelacionfm.cl\/?p=12616' aria-hidden='false' data-av_icon='\ue8fc' data-av_iconfont='entypo-fontello' title='' data-avia-related-tooltip='Compartir en LinkedIn' rel=\"noopener\"><span class='avia_hidden_link_text'>Compartir en LinkedIn<\/span><\/a><\/li><li class='av-share-link av-social-link-mail' ><a  aria-label=\"Compartir por correo\" href='mailto:?subject=Carabineros%20detuvo%20a%20presunto%20responsable%20de%20robos%20a%20domicilios%20en%20Puerto%20Ays%C3%A9n&#038;body=https:\/\/radiorevelacionfm.cl\/?p=12616' aria-hidden='false' data-av_icon='\ue805' data-av_iconfont='entypo-fontello' title='' data-avia-related-tooltip='Compartir por correo'><span class='avia_hidden_link_text'>Compartir por correo<\/span><\/a><\/li><\/ul><\/div><\/div>\n<div  style='height:50px' class='hr hr-invisible   avia-builder-el-8  el_after_av_social_share  el_before_av_comments_list '><span class='hr-inner ' ><span class='hr-inner-style'><\/span><\/span><\/div>\n<div  class='av-buildercomment  av-blog-meta-html-info-disabled av-blog-meta-tag-disabled  '><\/div>\n","protected":false},"excerpt":{"rendered":"","protected":false},"author":1,"featured_media":12617,"comment_status":"open","ping_status":"open","sticky":false,"template":"","format":"standard","meta":{"footnotes":""},"categories":[36],"tags":[],"class_list":["post-12616","post","type-post","status-publish","format-standard","has-post-thumbnail","hentry","category-policial"],"jetpack_featured_media_url":"https:\/\/radiorevelacionfm.cl\/wp-content\/uploads\/2022\/01\/Carabineros-Aysen.jpg","_links":{"self":[{"href":"https:\/\/radiorevelacionfm.cl\/index.php?rest_route=\/wp\/v2\/posts\/12616","targetHints":{"allow":["GET"]}}],"collection":[{"href":"https:\/\/radiorevelacionfm.cl\/index.php?rest_route=\/wp\/v2\/posts"}],"about":[{"href":"https:\/\/radiorevelacionfm.cl\/index.php?rest_route=\/wp\/v2\/types\/post"}],"author":[{"embeddable":true,"href":"https:\/\/radiorevelacionfm.cl\/index.php?rest_route=\/wp\/v2\/users\/1"}],"replies":[{"embeddable":true,"href":"https:\/\/radiorevelacionfm.cl\/index.php?rest_route=%2Fwp%2Fv2%2Fcomments&post=12616"}],"version-history":[{"count":3,"href":"https:\/\/radiorevelacionfm.cl\/index.php?rest_route=\/wp\/v2\/posts\/12616\/revisions"}],"predecessor-version":[{"id":12620,"href":"https:\/\/radiorevelacionfm.cl\/index.php?rest_route=\/wp\/v2\/posts\/12616\/revisions\/12620"}],"wp:featuredmedia":[{"embeddable":true,"href":"https:\/\/radiorevelacionfm.cl\/index.php?rest_route=\/wp\/v2\/media\/12617"}],"wp:attachment":[{"href":"https:\/\/radiorevelacionfm.cl\/index.php?rest_route=%2Fwp%2Fv2%2Fmedia&parent=12616"}],"wp:term":[{"taxonomy":"category","embeddable":true,"href":"https:\/\/radiorevelacionfm.cl\/index.php?rest_route=%2Fwp%2Fv2%2Fcategories&post=12616"},{"taxonomy":"post_tag","embeddable":true,"href":"https:\/\/radiorevelacionfm.cl\/index.php?rest_route=%2Fwp%2Fv2%2Ftags&post=12616"}],"curies":[{"name":"wp","href":"https:\/\/api.w.org\/{rel}","templated":true}]}}