{"id":12611,"date":"2022-01-09T18:01:34","date_gmt":"2022-01-09T21:01:34","guid":{"rendered":"https:\/\/radiorevelacionfm.cl\/?p=12611"},"modified":"2022-01-09T18:08:13","modified_gmt":"2022-01-09T21:08:13","slug":"gope-rescato-cuerpo-sin-vida-de-joven-que-cayo-al-rio-en-aysen","status":"publish","type":"post","link":"https:\/\/radiorevelacionfm.cl\/?p=12611","title":{"rendered":"GOPE rescat\u00f3 cuerpo sin vida de joven que se habr\u00eda lanzado a las aguas del r\u00edo en Ays\u00e9n"},"content":{"rendered":"<div class=\"flex_column av_one_full  flex_column_div av-zero-column-padding first  avia-builder-el-0  el_before_av_one_full  avia-builder-el-first  \" style='border-radius:0px; '><div  class='avia-image-container  av-styling-    avia-builder-el-1  avia-builder-el-no-sibling  avia-align-center '  itemprop=\"image\" itemscope=\"itemscope\" itemtype=\"https:\/\/schema.org\/ImageObject\"  ><div class='avia-image-container-inner'><div class='avia-image-overlay-wrap'><img decoding=\"async\" class='wp-image-12612 avia-img-lazy-loading-not-12612 avia_image' src=\"https:\/\/radiorevelacionfm.cl\/wp-content\/uploads\/2022\/01\/image-26-2.jpg\" alt='' title='image-26-2' height=\"599\" width=\"693\"  itemprop=\"thumbnailUrl\" srcset=\"https:\/\/radiorevelacionfm.cl\/wp-content\/uploads\/2022\/01\/image-26-2.jpg 693w, https:\/\/radiorevelacionfm.cl\/wp-content\/uploads\/2022\/01\/image-26-2-300x259.jpg 300w, https:\/\/radiorevelacionfm.cl\/wp-content\/uploads\/2022\/01\/image-26-2-600x519.jpg 600w\" sizes=\"(max-width: 693px) 100vw, 693px\" \/><\/div><\/div><\/div><\/div>\n<div class=\"flex_column av_one_full  flex_column_div av-zero-column-padding first  avia-builder-el-2  el_after_av_one_full  el_before_av_one_full  column-top-margin\" style='border-radius:0px; '><section class=\"av_textblock_section \"  itemscope=\"itemscope\" itemtype=\"https:\/\/schema.org\/BlogPosting\" itemprop=\"blogPost\" ><div class='avia_textblock  '   itemprop=\"text\" ><p style=\"text-align: center;\"><strong><span style=\"font-size: 18pt;\">GOPE rescat\u00f3 cuerpo sin vida de joven que se habr\u00eda lanzado a las aguas del r\u00edo en Ays\u00e9n<\/span><\/strong><\/p>\n<div id=\"gtx-trans\" style=\"position: absolute; left: -50px; top: 4.31534px;\">\n<div class=\"gtx-trans-icon\"><\/div>\n<\/div>\n<\/div><\/section><\/div><div class=\"flex_column av_one_full  flex_column_div av-zero-column-padding first  avia-builder-el-4  el_after_av_one_full  el_before_av_hr  column-top-margin\" style='border-radius:0px; '><section class=\"av_textblock_section \"  itemscope=\"itemscope\" itemtype=\"https:\/\/schema.org\/BlogPosting\" itemprop=\"blogPost\" ><div class='avia_textblock  '   itemprop=\"text\" ><p style=\"text-align: justify;\">Una denuncia por presunta desgracia motiv\u00f3 la concurrencia de Carabineros del Grupo de Operaciones Policiales Especiales (GOPE) y de Bomberos hasta el sector La Herradura camino a Lago Riesco tras la desaparici\u00f3n de un joven en las aguas del R\u00edo Ays\u00e9n.<\/p>\n<p style=\"text-align: justify;\">Seg\u00fan los primeros antecedentes, un joven de 23 a\u00f1os de edad tras compartir con un grupo de amigos en un predio particular, se habr\u00eda lanzado a las aguas del citado r\u00edo, sin volver a salir.<\/p>\n<p style=\"text-align: justify;\">Tras conocer del hecho, dicha situaci\u00f3n fue puesta en conocimiento de la Fiscal\u00eda local de esta ciudad, siendo dispuesta la concurrencia del GOPE al lugar, trabajo al que igualmente se sum\u00f3 Bomberos de Puerto Ays\u00e9n.<\/p>\n<p style=\"text-align: justify;\">Tras lo anterior, el personal de este Grupo Especializado arrib\u00f3 al lugar desplegando un bote zodiac con buzos, efectuando diversas inmersiones en el lugar, logrando encontrar el cuerpo aproximadamente a unos 7 metros de profundidad, siendo rescatado y llevado a la superficie.<\/p>\n<p style=\"text-align: justify;\">Los antecedentes del procedimiento fueron puestos en conocimiento de la Fiscal\u00eda, en tanto que el cuerpo fue derivado al Servicio M\u00e9dico Legal con la finalidad de practicar el informe de autopsia y determinar de manera cient\u00edfica la causa basal de su lamentable deceso.<\/p>\n<p style=\"text-align: justify;\">Carabineros reiter\u00f3 el llamado a la comunidad y a quienes visitan la regi\u00f3n a la responsabilidad y al autocuidado al momento de ingresar a r\u00edos, lagos y mar, evitando hacerlo inmediatamente despu\u00e9s de haber ingerido alimentos o bebidas alcoh\u00f3licas. Comprueba la profundidad del agua en el sector, no te lances piqueros dada la presencia de rocas o troncos de \u00e1rboles que puedan estar ocultos bajo la superficie.<\/p>\n<p style=\"text-align: justify;\">La Instituci\u00f3n inst\u00f3 a los padres a no descuidar a sus hijos y estar pendientes de estos con la finalidad de prevenir hechos lamentables tanto en esta temporada estival como en todo momento. Recuerda que los r\u00edos de la regi\u00f3n presentan fuertes corrientes y baja temperatura de sus aguas. Ante alguna emergencia da aviso oportuno a Carabineros 133, Bomberos 132 o Armada 137.<\/p>\n<\/div><\/section><\/div><\/p>\n<div  style='height:50px' class='hr hr-invisible   avia-builder-el-6  el_after_av_one_full  el_before_av_social_share '><span class='hr-inner ' ><span class='hr-inner-style'><\/span><\/span><\/div>\n<div  class='av-social-sharing-box  avia-builder-el-7  el_after_av_hr  el_before_av_hr  '><div class='av-share-box'><h5 class='av-share-link-description av-no-toc '>Compartir esta noticia<\/h5><ul class='av-share-box-list noLightbox'><li class='av-share-link av-social-link-facebook' ><a target=\"_blank\" aria-label=\"Compartir en Facebook\" href='https:\/\/www.facebook.com\/sharer.php?u=https:\/\/radiorevelacionfm.cl\/?p=12611&#038;t=GOPE%20rescat%C3%B3%20cuerpo%20sin%20vida%20de%20joven%20que%20se%20habr%C3%ADa%20lanzado%20a%20las%20aguas%20del%20r%C3%ADo%20en%20Ays%C3%A9n' aria-hidden='false' data-av_icon='\ue8f3' data-av_iconfont='entypo-fontello' title='' data-avia-related-tooltip='Compartir en Facebook' rel=\"noopener\"><span class='avia_hidden_link_text'>Compartir en Facebook<\/span><\/a><\/li><li class='av-share-link av-social-link-twitter' ><a target=\"_blank\" aria-label=\"Compartir en Twitter\" href='https:\/\/twitter.com\/share?text=GOPE%20rescat%C3%B3%20cuerpo%20sin%20vida%20de%20joven%20que%20se%20habr%C3%ADa%20lanzado%20a%20las%20aguas%20del%20r%C3%ADo%20en%20Ays%C3%A9n&#038;url=https:\/\/radiorevelacionfm.cl\/?p=12611' aria-hidden='false' data-av_icon='\ue8f1' data-av_iconfont='entypo-fontello' title='' data-avia-related-tooltip='Compartir en Twitter' rel=\"noopener\"><span class='avia_hidden_link_text'>Compartir en Twitter<\/span><\/a><\/li><li class='av-share-link av-social-link-whatsapp' ><a target=\"_blank\" aria-label=\"Compartir en Whatsapp\" href='https:\/\/api.whatsapp.com\/send?text=https:\/\/radiorevelacionfm.cl\/?p=12611' aria-hidden='false' data-av_icon='\uf232' data-av_iconfont='entypo-fontello' title='' data-avia-related-tooltip='Compartir en Whatsapp' rel=\"noopener\"><span class='avia_hidden_link_text'>Compartir en Whatsapp<\/span><\/a><\/li><li class='av-share-link av-social-link-linkedin' ><a target=\"_blank\" aria-label=\"Compartir en LinkedIn\" href='https:\/\/linkedin.com\/shareArticle?mini=true&#038;title=GOPE%20rescat%C3%B3%20cuerpo%20sin%20vida%20de%20joven%20que%20se%20habr%C3%ADa%20lanzado%20a%20las%20aguas%20del%20r%C3%ADo%20en%20Ays%C3%A9n&#038;url=https:\/\/radiorevelacionfm.cl\/?p=12611' aria-hidden='false' data-av_icon='\ue8fc' data-av_iconfont='entypo-fontello' title='' data-avia-related-tooltip='Compartir en LinkedIn' rel=\"noopener\"><span class='avia_hidden_link_text'>Compartir en LinkedIn<\/span><\/a><\/li><li class='av-share-link av-social-link-mail' ><a  aria-label=\"Compartir por correo\" href='mailto:?subject=GOPE%20rescat%C3%B3%20cuerpo%20sin%20vida%20de%20joven%20que%20se%20habr%C3%ADa%20lanzado%20a%20las%20aguas%20del%20r%C3%ADo%20en%20Ays%C3%A9n&#038;body=https:\/\/radiorevelacionfm.cl\/?p=12611' aria-hidden='false' data-av_icon='\ue805' data-av_iconfont='entypo-fontello' title='' data-avia-related-tooltip='Compartir por correo'><span class='avia_hidden_link_text'>Compartir por correo<\/span><\/a><\/li><\/ul><\/div><\/div>\n<div  style='height:50px' class='hr hr-invisible   avia-builder-el-8  el_after_av_social_share  el_before_av_comments_list '><span class='hr-inner ' ><span class='hr-inner-style'><\/span><\/span><\/div>\n<div  class='av-buildercomment  av-blog-meta-html-info-disabled av-blog-meta-tag-disabled  '><\/div>\n","protected":false},"excerpt":{"rendered":"","protected":false},"author":1,"featured_media":12612,"comment_status":"open","ping_status":"open","sticky":false,"template":"","format":"standard","meta":{"footnotes":""},"categories":[36],"tags":[],"class_list":["post-12611","post","type-post","status-publish","format-standard","has-post-thumbnail","hentry","category-policial"],"jetpack_featured_media_url":"https:\/\/radiorevelacionfm.cl\/wp-content\/uploads\/2022\/01\/image-26-2.jpg","_links":{"self":[{"href":"https:\/\/radiorevelacionfm.cl\/index.php?rest_route=\/wp\/v2\/posts\/12611","targetHints":{"allow":["GET"]}}],"collection":[{"href":"https:\/\/radiorevelacionfm.cl\/index.php?rest_route=\/wp\/v2\/posts"}],"about":[{"href":"https:\/\/radiorevelacionfm.cl\/index.php?rest_route=\/wp\/v2\/types\/post"}],"author":[{"embeddable":true,"href":"https:\/\/radiorevelacionfm.cl\/index.php?rest_route=\/wp\/v2\/users\/1"}],"replies":[{"embeddable":true,"href":"https:\/\/radiorevelacionfm.cl\/index.php?rest_route=%2Fwp%2Fv2%2Fcomments&post=12611"}],"version-history":[{"count":3,"href":"https:\/\/radiorevelacionfm.cl\/index.php?rest_route=\/wp\/v2\/posts\/12611\/revisions"}],"predecessor-version":[{"id":12614,"href":"https:\/\/radiorevelacionfm.cl\/index.php?rest_route=\/wp\/v2\/posts\/12611\/revisions\/12614"}],"wp:featuredmedia":[{"embeddable":true,"href":"https:\/\/radiorevelacionfm.cl\/index.php?rest_route=\/wp\/v2\/media\/12612"}],"wp:attachment":[{"href":"https:\/\/radiorevelacionfm.cl\/index.php?rest_route=%2Fwp%2Fv2%2Fmedia&parent=12611"}],"wp:term":[{"taxonomy":"category","embeddable":true,"href":"https:\/\/radiorevelacionfm.cl\/index.php?rest_route=%2Fwp%2Fv2%2Fcategories&post=12611"},{"taxonomy":"post_tag","embeddable":true,"href":"https:\/\/radiorevelacionfm.cl\/index.php?rest_route=%2Fwp%2Fv2%2Ftags&post=12611"}],"curies":[{"name":"wp","href":"https:\/\/api.w.org\/{rel}","templated":true}]}}