{"id":12607,"date":"2022-01-09T18:54:19","date_gmt":"2022-01-09T21:54:19","guid":{"rendered":"https:\/\/radiorevelacionfm.cl\/?p=12607"},"modified":"2022-01-09T18:54:19","modified_gmt":"2022-01-09T21:54:19","slug":"programa-pace-uach-dispuso-apoyo-directo-a-postulantes-a-las-universidades","status":"publish","type":"post","link":"https:\/\/radiorevelacionfm.cl\/?p=12607","title":{"rendered":"Programa Pace UACh dispuso apoyo directo a postulantes a las universidades"},"content":{"rendered":"<div class=\"flex_column av_one_full  flex_column_div av-zero-column-padding first  avia-builder-el-0  el_before_av_one_full  avia-builder-el-first  \" style='border-radius:0px; '><div  class='avia-image-container  av-styling-    avia-builder-el-1  avia-builder-el-no-sibling  avia-align-center '  itemprop=\"image\" itemscope=\"itemscope\" itemtype=\"https:\/\/schema.org\/ImageObject\"  ><div class='avia-image-container-inner'><div class='avia-image-overlay-wrap'><img decoding=\"async\" class='wp-image-12608 avia-img-lazy-loading-not-12608 avia_image' src=\"https:\/\/radiorevelacionfm.cl\/wp-content\/uploads\/2022\/01\/Foto-Campus2-2-2.jpg\" alt='' title='Foto Campus2-2-2' height=\"600\" width=\"899\"  itemprop=\"thumbnailUrl\" srcset=\"https:\/\/radiorevelacionfm.cl\/wp-content\/uploads\/2022\/01\/Foto-Campus2-2-2.jpg 899w, https:\/\/radiorevelacionfm.cl\/wp-content\/uploads\/2022\/01\/Foto-Campus2-2-2-300x200.jpg 300w, https:\/\/radiorevelacionfm.cl\/wp-content\/uploads\/2022\/01\/Foto-Campus2-2-2-768x513.jpg 768w, https:\/\/radiorevelacionfm.cl\/wp-content\/uploads\/2022\/01\/Foto-Campus2-2-2-705x471.jpg 705w, https:\/\/radiorevelacionfm.cl\/wp-content\/uploads\/2022\/01\/Foto-Campus2-2-2-600x400.jpg 600w\" sizes=\"(max-width: 899px) 100vw, 899px\" \/><\/div><\/div><\/div><\/div><div class=\"flex_column av_one_full  flex_column_div av-zero-column-padding first  avia-builder-el-2  el_after_av_one_full  el_before_av_one_full  column-top-margin\" style='border-radius:0px; '><section class=\"av_textblock_section \"  itemscope=\"itemscope\" itemtype=\"https:\/\/schema.org\/BlogPosting\" itemprop=\"blogPost\" ><div class='avia_textblock  '   itemprop=\"text\" ><p style=\"text-align: center;\"><span style=\"font-size: 18pt;\"><strong>Programa Pace UACh\u00a0dispuso apoyo <\/strong><strong>directo a postulantes a las universidades<\/strong><\/span><\/p>\n<div id=\"gtx-trans\" style=\"position: absolute; left: -50px; top: 4.31534px;\">\n<div class=\"gtx-trans-icon\"><\/div>\n<\/div>\n<\/div><\/section><\/div><div class=\"flex_column av_one_full  flex_column_div av-zero-column-padding first  avia-builder-el-4  el_after_av_one_full  el_before_av_hr  column-top-margin\" style='border-radius:0px; '><section class=\"av_textblock_section \"  itemscope=\"itemscope\" itemtype=\"https:\/\/schema.org\/BlogPosting\" itemprop=\"blogPost\" ><div class='avia_textblock  '   itemprop=\"text\" ><p style=\"text-align: justify;\">Con el objetivo de facilitar la postulaci\u00f3n a las universidades, el Programa de Acompa\u00f1amiento y Acceso efectivo a la Educaci\u00f3n Superior (PACE) de la Universidad Austral de Chile (UACh), dispuso apoyo directo a estudiantes que participen en el proceso de ingreso 2022.<\/p>\n<p style=\"text-align: justify;\">Mariela Gonz\u00e1lez, coordinadora institucional del Programa PACE indic\u00f3 que la instituci\u00f3n trabaja con 40 establecimientos educacionales en las regiones de Los R\u00edos, Los Lagos y Ays\u00e9n, siete de ellos ubicados en las\u00a0localidades de Melinka,\u00a0Puerto\u00a0Cisnes,\u00a0Puerto Ays\u00e9n, Coyhaique,\u00a0Cerro Castillo, Chile Chico y Cochrane.<\/p>\n<p style=\"text-align: justify;\">\u201cEstamos acompa\u00f1ando a los estudiantes en su proceso de definici\u00f3n vocacional, ahora viene todo el proceso de postulaci\u00f3n a las carreras, luego seguimos con las matr\u00edculas y est\u00e1n todos los equipos desplegados para acompa\u00f1ar virtualmente y comenzamos con los acompa\u00f1amientos presenciales tambi\u00e9n. Vamos a tener puntos de atenci\u00f3n presencial para estudiantes, profesores y la comunidad en general, que tenga dudas sobre c\u00f3mo realizar este procedimiento\u201d, se\u00f1al\u00f3<\/p>\n<p style=\"text-align: justify;\">Alejandro Reyes, director regional del Programa PACE UACh y director del Campus Patagonia agreg\u00f3 que el acompa\u00f1amiento se mantendr\u00e1 en la universidad, como parte de los desaf\u00edos que impuso la pandemia.<\/p>\n<p style=\"text-align: justify;\">\u201cTenemos que estar conscientes de que la formaci\u00f3n de los estudiantes en estos dos \u00faltimos a\u00f1os ha sido diferente y, por lo tanto, van a egresar estudiantes de los establecimientos educacionales, posiblemente, con una experiencia distinta. Lo hemos conversado con ellos, y muchos de ellos sienten que perdieron al menos un a\u00f1o, un a\u00f1o y medio de ense\u00f1anza media, algunos pudieron juntarse hacia el final y egresar con alguna ceremonia. Nosotros tuvimos la oportunidad de participar en algunas hacia fines de este a\u00f1o 2021 que acaba de pasar, pero es una realidad que vamos a enfrentar y asumir como programa\u201d, indic\u00f3.<\/p>\n<p style=\"text-align: justify;\">Mariela Gonz\u00e1lez coincidi\u00f3 en ratificar que las universidades en su conjunto han activado los mecanismos de apoyo y acompa\u00f1amiento, con \u00e9nfasis en las etapas iniciales de la formaci\u00f3n universitaria.<\/p>\n<p style=\"text-align: justify;\">\u201cEstamos conscientes y nos hemos estado preparando, para recibir a nuestros estudiantes con las condiciones y caracter\u00edsticas con las que ellos ingresen. Como PACE de la Universidad Austral de Chile, tenemos un equipo de acompa\u00f1amiento en educaci\u00f3n superior del PACE que, precisamente, est\u00e1 a cargo de entregar todos los dispositivos de acompa\u00f1amiento a los estudiantes, para que su ingreso a la universidad sea en las mejores condiciones, que se puedan insertar y adaptar prontamente y que adem\u00e1s sean exitosos acad\u00e9micamente\u201d, concluy\u00f3.<\/p>\n<p style=\"text-align: justify;\">La atenci\u00f3n presencial se desarrollar\u00e1 desde el martes 11 en el Liceo de Melinka, Arturo Prat Chac\u00f3n de Cisnes, Liceo Polit\u00e9cnico A-1 de Puerto Ays\u00e9n, Centro de Atenci\u00f3n y Matr\u00edculas (CAM) de Coyhaique, Liceo Bicentenario Rural Cerro Castillo, Liceo Luisa Rabanal Palma de Chile Chico y Liceo Bicentenario Austral Lord Cochrane de Cochrane. Mayores antecedentes en las redes sociales del Programa PACE UACh.<\/p>\n<\/div><\/section><\/div><div  style='height:50px' class='hr hr-invisible   avia-builder-el-6  el_after_av_one_full  el_before_av_social_share '><span class='hr-inner ' ><span class='hr-inner-style'><\/span><\/span><\/div><\/p>\n<div  class='av-social-sharing-box  avia-builder-el-7  el_after_av_hr  el_before_av_hr  '><div class='av-share-box'><h5 class='av-share-link-description av-no-toc '>Compartir esta noticia<\/h5><ul class='av-share-box-list noLightbox'><li class='av-share-link av-social-link-facebook' ><a target=\"_blank\" aria-label=\"Compartir en Facebook\" href='https:\/\/www.facebook.com\/sharer.php?u=https:\/\/radiorevelacionfm.cl\/?p=12607&#038;t=Programa%20Pace%20UACh%20dispuso%20apoyo%20directo%20a%20postulantes%20a%20las%20universidades' aria-hidden='false' data-av_icon='\ue8f3' data-av_iconfont='entypo-fontello' title='' data-avia-related-tooltip='Compartir en Facebook' rel=\"noopener\"><span class='avia_hidden_link_text'>Compartir en Facebook<\/span><\/a><\/li><li class='av-share-link av-social-link-twitter' ><a target=\"_blank\" aria-label=\"Compartir en Twitter\" href='https:\/\/twitter.com\/share?text=Programa%20Pace%20UACh%20dispuso%20apoyo%20directo%20a%20postulantes%20a%20las%20universidades&#038;url=https:\/\/radiorevelacionfm.cl\/?p=12607' aria-hidden='false' data-av_icon='\ue8f1' data-av_iconfont='entypo-fontello' title='' data-avia-related-tooltip='Compartir en Twitter' rel=\"noopener\"><span class='avia_hidden_link_text'>Compartir en Twitter<\/span><\/a><\/li><li class='av-share-link av-social-link-whatsapp' ><a target=\"_blank\" aria-label=\"Compartir en Whatsapp\" href='https:\/\/api.whatsapp.com\/send?text=https:\/\/radiorevelacionfm.cl\/?p=12607' aria-hidden='false' data-av_icon='\uf232' data-av_iconfont='entypo-fontello' title='' data-avia-related-tooltip='Compartir en Whatsapp' rel=\"noopener\"><span class='avia_hidden_link_text'>Compartir en Whatsapp<\/span><\/a><\/li><li class='av-share-link av-social-link-linkedin' ><a target=\"_blank\" aria-label=\"Compartir en LinkedIn\" href='https:\/\/linkedin.com\/shareArticle?mini=true&#038;title=Programa%20Pace%20UACh%20dispuso%20apoyo%20directo%20a%20postulantes%20a%20las%20universidades&#038;url=https:\/\/radiorevelacionfm.cl\/?p=12607' aria-hidden='false' data-av_icon='\ue8fc' data-av_iconfont='entypo-fontello' title='' data-avia-related-tooltip='Compartir en LinkedIn' rel=\"noopener\"><span class='avia_hidden_link_text'>Compartir en LinkedIn<\/span><\/a><\/li><li class='av-share-link av-social-link-mail' ><a  aria-label=\"Compartir por correo\" href='mailto:?subject=Programa%20Pace%20UACh%20dispuso%20apoyo%20directo%20a%20postulantes%20a%20las%20universidades&#038;body=https:\/\/radiorevelacionfm.cl\/?p=12607' aria-hidden='false' data-av_icon='\ue805' data-av_iconfont='entypo-fontello' title='' data-avia-related-tooltip='Compartir por correo'><span class='avia_hidden_link_text'>Compartir por correo<\/span><\/a><\/li><\/ul><\/div><\/div>\n<div  style='height:50px' class='hr hr-invisible   avia-builder-el-8  el_after_av_social_share  el_before_av_comments_list '><span class='hr-inner ' ><span class='hr-inner-style'><\/span><\/span><\/div>\n<div  class='av-buildercomment  av-blog-meta-html-info-disabled av-blog-meta-tag-disabled  '><\/div>\n","protected":false},"excerpt":{"rendered":"","protected":false},"author":1,"featured_media":12608,"comment_status":"open","ping_status":"open","sticky":false,"template":"","format":"standard","meta":{"footnotes":""},"categories":[49],"tags":[],"class_list":["post-12607","post","type-post","status-publish","format-standard","has-post-thumbnail","hentry","category-educacion"],"jetpack_featured_media_url":"https:\/\/radiorevelacionfm.cl\/wp-content\/uploads\/2022\/01\/Foto-Campus2-2-2.jpg","_links":{"self":[{"href":"https:\/\/radiorevelacionfm.cl\/index.php?rest_route=\/wp\/v2\/posts\/12607","targetHints":{"allow":["GET"]}}],"collection":[{"href":"https:\/\/radiorevelacionfm.cl\/index.php?rest_route=\/wp\/v2\/posts"}],"about":[{"href":"https:\/\/radiorevelacionfm.cl\/index.php?rest_route=\/wp\/v2\/types\/post"}],"author":[{"embeddable":true,"href":"https:\/\/radiorevelacionfm.cl\/index.php?rest_route=\/wp\/v2\/users\/1"}],"replies":[{"embeddable":true,"href":"https:\/\/radiorevelacionfm.cl\/index.php?rest_route=%2Fwp%2Fv2%2Fcomments&post=12607"}],"version-history":[{"count":2,"href":"https:\/\/radiorevelacionfm.cl\/index.php?rest_route=\/wp\/v2\/posts\/12607\/revisions"}],"predecessor-version":[{"id":12619,"href":"https:\/\/radiorevelacionfm.cl\/index.php?rest_route=\/wp\/v2\/posts\/12607\/revisions\/12619"}],"wp:featuredmedia":[{"embeddable":true,"href":"https:\/\/radiorevelacionfm.cl\/index.php?rest_route=\/wp\/v2\/media\/12608"}],"wp:attachment":[{"href":"https:\/\/radiorevelacionfm.cl\/index.php?rest_route=%2Fwp%2Fv2%2Fmedia&parent=12607"}],"wp:term":[{"taxonomy":"category","embeddable":true,"href":"https:\/\/radiorevelacionfm.cl\/index.php?rest_route=%2Fwp%2Fv2%2Fcategories&post=12607"},{"taxonomy":"post_tag","embeddable":true,"href":"https:\/\/radiorevelacionfm.cl\/index.php?rest_route=%2Fwp%2Fv2%2Ftags&post=12607"}],"curies":[{"name":"wp","href":"https:\/\/api.w.org\/{rel}","templated":true}]}}