{"id":12604,"date":"2022-01-09T16:41:56","date_gmt":"2022-01-09T19:41:56","guid":{"rendered":"https:\/\/radiorevelacionfm.cl\/?p=12604"},"modified":"2022-01-09T16:41:56","modified_gmt":"2022-01-09T19:41:56","slug":"sandoval-presenta-proyecto-de-ley-para-incorporar-conceptos-de-seguridad-alimentaria-y-cadena-de-valor-alimentaria-en-la-actividad-pesquera-y-acuicola-del-pais","status":"publish","type":"post","link":"https:\/\/radiorevelacionfm.cl\/?p=12604","title":{"rendered":"Sandoval presenta proyecto de ley para incorporar conceptos de Seguridad Alimentaria y Cadena de Valor Alimentaria en la actividad pesquera y acu\u00edcola del pa\u00eds"},"content":{"rendered":"<div class=\"flex_column av_one_full  flex_column_div av-zero-column-padding first  avia-builder-el-0  el_before_av_one_full  avia-builder-el-first  \" style='border-radius:0px; '><div  class='avia-image-container  av-styling-    avia-builder-el-1  avia-builder-el-no-sibling  avia-align-center '  itemprop=\"image\" itemscope=\"itemscope\" itemtype=\"https:\/\/schema.org\/ImageObject\"  ><div class='avia-image-container-inner'><div class='avia-image-overlay-wrap'><img decoding=\"async\" class='wp-image-12605 avia-img-lazy-loading-not-12605 avia_image' src=\"https:\/\/radiorevelacionfm.cl\/wp-content\/uploads\/2022\/01\/senador-sandoval-2-2.jpeg\" alt='' title='senador sandoval-2-2' height=\"600\" width=\"901\"  itemprop=\"thumbnailUrl\" srcset=\"https:\/\/radiorevelacionfm.cl\/wp-content\/uploads\/2022\/01\/senador-sandoval-2-2.jpeg 901w, https:\/\/radiorevelacionfm.cl\/wp-content\/uploads\/2022\/01\/senador-sandoval-2-2-300x200.jpeg 300w, https:\/\/radiorevelacionfm.cl\/wp-content\/uploads\/2022\/01\/senador-sandoval-2-2-768x511.jpeg 768w, https:\/\/radiorevelacionfm.cl\/wp-content\/uploads\/2022\/01\/senador-sandoval-2-2-705x469.jpeg 705w, https:\/\/radiorevelacionfm.cl\/wp-content\/uploads\/2022\/01\/senador-sandoval-2-2-600x400.jpeg 600w\" sizes=\"(max-width: 901px) 100vw, 901px\" \/><\/div><\/div><\/div><\/div><div class=\"flex_column av_one_full  flex_column_div av-zero-column-padding first  avia-builder-el-2  el_after_av_one_full  el_before_av_one_full  column-top-margin\" style='border-radius:0px; '><section class=\"av_textblock_section \"  itemscope=\"itemscope\" itemtype=\"https:\/\/schema.org\/BlogPosting\" itemprop=\"blogPost\" ><div class='avia_textblock  '   itemprop=\"text\" ><p style=\"text-align: center;\"><span style=\"font-size: 18pt;\"><strong>Sandoval presenta proyecto de ley para incorporar <\/strong><\/span><strong><span style=\"font-size: 18pt;\">conceptos de Seguridad Alimentaria y Cadena de Valor Alimentaria en la actividad pesquera y acu\u00edcola del pa\u00eds<\/span> <\/strong><\/p>\n<div id=\"gtx-trans\" style=\"position: absolute; left: -50px; top: 4.31534px;\">\n<div class=\"gtx-trans-icon\"><\/div>\n<\/div>\n<\/div><\/section><\/div><div class=\"flex_column av_one_full  flex_column_div av-zero-column-padding first  avia-builder-el-4  el_after_av_one_full  el_before_av_hr  column-top-margin\" style='border-radius:0px; '><section class=\"av_textblock_section \"  itemscope=\"itemscope\" itemtype=\"https:\/\/schema.org\/BlogPosting\" itemprop=\"blogPost\" ><div class='avia_textblock  '   itemprop=\"text\" ><p style=\"text-align: justify;\">Iniciativa que modifica la Ley de Pesca, tambi\u00e9n agrega definiciones de Industria pesquera, Trabajador de la industria pesquera extractiva, de la industria de procesamiento y del sector acu\u00edcola<\/p>\n<p style=\"text-align: justify;\">El senador David Sandoval present\u00f3 en los \u00faltimos d\u00edas un proyecto de ley que busca incorporar conceptos de Seguridad Alimentaria y Cadena de Valor Alimentaria en la actividad pesquera y acu\u00edcola del pa\u00eds, iniciativa que comenz\u00f3 su tr\u00e1mite en el Senado, la cual busca modificar la Ley General de Pesca.<\/p>\n<p style=\"text-align: justify;\">La instancia, explic\u00f3 el parlamentario, busca poner de relieve la importancia de esta actividad en Chile, labores sobre las que se fundamenta buena parte del sustento alimentario, econ\u00f3mico, social y cultural de millones de personas en el planeta. \u201cD\u00eda a d\u00eda el tema pesquero y acu\u00edcola ha ido adquiriendo m\u00e1s significaci\u00f3n e importancia, particularmente en un pa\u00eds como el nuestro, con esta vocaci\u00f3n mar\u00edtima tan clara y evidente\u201d, se\u00f1al\u00f3.<\/p>\n<p style=\"text-align: justify;\">El proyecto, agreg\u00f3, \u201cse hace parte y es complementario a la idea de crear una visi\u00f3n m\u00e1s sistem\u00e1tica de lo que significa el desarrollo de la actividad acu\u00edcola\u201d, recordando que esta actividad representa, en Ays\u00e9n, un 29% del PIB. \u201cPor eso necesitamos hacer un cambio\u201d, enfatiz\u00f3, recalcando que la propia FAO ha elaborado informes del profundo rol que tiene la acuicultura y pesca en general, en la producci\u00f3n de prote\u00ednas de calidad y de bastante menor impacto que otras prote\u00ednas. \u201cPor eso la incorporaci\u00f3n de este concepto de la seguridad alimentaria y cadena de valor en el sistema pesquero constituye un avance relevante\u201d, puntualiz\u00f3.<\/p>\n<p style=\"text-align: justify;\">La propuesta de Sandoval tambi\u00e9n agrega definiciones de Industria pesquera y de trabajadores de la industria pesquera extractiva, de la industria de procesamiento y del sector acu\u00edcola, con el objeto de visibilizar al personal embarcado y de plantas de proceso, temas que no est\u00e1n en la Ley General de Pesca. \u201cEsta diferenciaci\u00f3n se hace, porque entre un trabajador de industria pesquera extractiva y uno de la industria de procesamiento hay dos realidades laborales, econ\u00f3micas, de exigencias, de tiempos de descanso radicalmente distintas. Por eso la necesidad de incorporar estos elementos\u201d, precis\u00f3.<\/p>\n<p style=\"text-align: justify;\">Todo lo anterior, agreg\u00f3 el legislador, en la idea de poder continuar perfeccionando la industria. \u201cNosotros muchas veces hemos sostenido que esta es una actividad que requiere constante perfeccionamiento, entre ello, darle un profundo sentido de valor a lo que significa la distribuci\u00f3n equitativa de los beneficios y costos. Este proyecto se hace cargo de esta necesidad de ir mejorando los est\u00e1ndar en que se desarrolla esta actividad\u201d, subray\u00f3.<\/p>\n<p style=\"text-align: justify;\">Cabe se\u00f1alar que la iniciativa ya est\u00e1 en debate en la comisi\u00f3n de Pesca de la C\u00e1mara Alta, la cual seguir\u00e1 siendo analizada durante la pr\u00f3xima sesi\u00f3n de esta instancia parlamentaria.<\/p>\n<\/div><\/section><\/div><div  style='height:50px' class='hr hr-invisible   avia-builder-el-6  el_after_av_one_full  el_before_av_social_share '><span class='hr-inner ' ><span class='hr-inner-style'><\/span><\/span><\/div><\/p>\n<div  class='av-social-sharing-box  avia-builder-el-7  el_after_av_hr  el_before_av_hr  '><div class='av-share-box'><h5 class='av-share-link-description av-no-toc '>Compartir esta noticia<\/h5><ul class='av-share-box-list noLightbox'><li class='av-share-link av-social-link-facebook' ><a target=\"_blank\" aria-label=\"Compartir en Facebook\" href='https:\/\/www.facebook.com\/sharer.php?u=https:\/\/radiorevelacionfm.cl\/?p=12604&#038;t=Sandoval%20presenta%20proyecto%20de%20ley%20para%20incorporar%20conceptos%20de%20Seguridad%20Alimentaria%20y%20Cadena%20de%20Valor%20Alimentaria%20en%20la%20actividad%20pesquera%20y%20acu%C3%ADcola%20del%20pa%C3%ADs' aria-hidden='false' data-av_icon='\ue8f3' data-av_iconfont='entypo-fontello' title='' data-avia-related-tooltip='Compartir en Facebook' rel=\"noopener\"><span class='avia_hidden_link_text'>Compartir en Facebook<\/span><\/a><\/li><li class='av-share-link av-social-link-twitter' ><a target=\"_blank\" aria-label=\"Compartir en Twitter\" href='https:\/\/twitter.com\/share?text=Sandoval%20presenta%20proyecto%20de%20ley%20para%20incorporar%20conceptos%20de%20Seguridad%20Alimentaria%20y%20Cadena%20de%20Valor%20Alimentaria%20en%20la%20actividad%20pesquera%20y%20acu%C3%ADcola%20del%20pa%C3%ADs&#038;url=https:\/\/radiorevelacionfm.cl\/?p=12604' aria-hidden='false' data-av_icon='\ue8f1' data-av_iconfont='entypo-fontello' title='' data-avia-related-tooltip='Compartir en Twitter' rel=\"noopener\"><span class='avia_hidden_link_text'>Compartir en Twitter<\/span><\/a><\/li><li class='av-share-link av-social-link-whatsapp' ><a target=\"_blank\" aria-label=\"Compartir en Whatsapp\" href='https:\/\/api.whatsapp.com\/send?text=https:\/\/radiorevelacionfm.cl\/?p=12604' aria-hidden='false' data-av_icon='\uf232' data-av_iconfont='entypo-fontello' title='' data-avia-related-tooltip='Compartir en Whatsapp' rel=\"noopener\"><span class='avia_hidden_link_text'>Compartir en Whatsapp<\/span><\/a><\/li><li class='av-share-link av-social-link-linkedin' ><a target=\"_blank\" aria-label=\"Compartir en LinkedIn\" href='https:\/\/linkedin.com\/shareArticle?mini=true&#038;title=Sandoval%20presenta%20proyecto%20de%20ley%20para%20incorporar%20conceptos%20de%20Seguridad%20Alimentaria%20y%20Cadena%20de%20Valor%20Alimentaria%20en%20la%20actividad%20pesquera%20y%20acu%C3%ADcola%20del%20pa%C3%ADs&#038;url=https:\/\/radiorevelacionfm.cl\/?p=12604' aria-hidden='false' data-av_icon='\ue8fc' data-av_iconfont='entypo-fontello' title='' data-avia-related-tooltip='Compartir en LinkedIn' rel=\"noopener\"><span class='avia_hidden_link_text'>Compartir en LinkedIn<\/span><\/a><\/li><li class='av-share-link av-social-link-mail' ><a  aria-label=\"Compartir por correo\" href='mailto:?subject=Sandoval%20presenta%20proyecto%20de%20ley%20para%20incorporar%20conceptos%20de%20Seguridad%20Alimentaria%20y%20Cadena%20de%20Valor%20Alimentaria%20en%20la%20actividad%20pesquera%20y%20acu%C3%ADcola%20del%20pa%C3%ADs&#038;body=https:\/\/radiorevelacionfm.cl\/?p=12604' aria-hidden='false' data-av_icon='\ue805' data-av_iconfont='entypo-fontello' title='' data-avia-related-tooltip='Compartir por correo'><span class='avia_hidden_link_text'>Compartir por correo<\/span><\/a><\/li><\/ul><\/div><\/div>\n<div  style='height:50px' class='hr hr-invisible   avia-builder-el-8  el_after_av_social_share  el_before_av_comments_list '><span class='hr-inner ' ><span class='hr-inner-style'><\/span><\/span><\/div>\n<div  class='av-buildercomment  av-blog-meta-html-info-disabled av-blog-meta-tag-disabled  '><\/div>\n","protected":false},"excerpt":{"rendered":"","protected":false},"author":1,"featured_media":12605,"comment_status":"open","ping_status":"open","sticky":false,"template":"","format":"standard","meta":{"footnotes":""},"categories":[35],"tags":[],"class_list":["post-12604","post","type-post","status-publish","format-standard","has-post-thumbnail","hentry","category-politica"],"jetpack_featured_media_url":"https:\/\/radiorevelacionfm.cl\/wp-content\/uploads\/2022\/01\/senador-sandoval-2-2.jpeg","_links":{"self":[{"href":"https:\/\/radiorevelacionfm.cl\/index.php?rest_route=\/wp\/v2\/posts\/12604","targetHints":{"allow":["GET"]}}],"collection":[{"href":"https:\/\/radiorevelacionfm.cl\/index.php?rest_route=\/wp\/v2\/posts"}],"about":[{"href":"https:\/\/radiorevelacionfm.cl\/index.php?rest_route=\/wp\/v2\/types\/post"}],"author":[{"embeddable":true,"href":"https:\/\/radiorevelacionfm.cl\/index.php?rest_route=\/wp\/v2\/users\/1"}],"replies":[{"embeddable":true,"href":"https:\/\/radiorevelacionfm.cl\/index.php?rest_route=%2Fwp%2Fv2%2Fcomments&post=12604"}],"version-history":[{"count":2,"href":"https:\/\/radiorevelacionfm.cl\/index.php?rest_route=\/wp\/v2\/posts\/12604\/revisions"}],"predecessor-version":[{"id":12610,"href":"https:\/\/radiorevelacionfm.cl\/index.php?rest_route=\/wp\/v2\/posts\/12604\/revisions\/12610"}],"wp:featuredmedia":[{"embeddable":true,"href":"https:\/\/radiorevelacionfm.cl\/index.php?rest_route=\/wp\/v2\/media\/12605"}],"wp:attachment":[{"href":"https:\/\/radiorevelacionfm.cl\/index.php?rest_route=%2Fwp%2Fv2%2Fmedia&parent=12604"}],"wp:term":[{"taxonomy":"category","embeddable":true,"href":"https:\/\/radiorevelacionfm.cl\/index.php?rest_route=%2Fwp%2Fv2%2Fcategories&post=12604"},{"taxonomy":"post_tag","embeddable":true,"href":"https:\/\/radiorevelacionfm.cl\/index.php?rest_route=%2Fwp%2Fv2%2Ftags&post=12604"}],"curies":[{"name":"wp","href":"https:\/\/api.w.org\/{rel}","templated":true}]}}