{"id":12596,"date":"2022-01-09T13:25:02","date_gmt":"2022-01-09T16:25:02","guid":{"rendered":"https:\/\/radiorevelacionfm.cl\/?p=12596"},"modified":"2022-01-09T13:25:02","modified_gmt":"2022-01-09T16:25:02","slug":"gobierno-regional-entrega-equipamiento-de-ultima-generacion-a-la-onemi-aysen","status":"publish","type":"post","link":"https:\/\/radiorevelacionfm.cl\/?p=12596","title":{"rendered":"Gobierno Regional entrega equipamiento de \u00faltima generaci\u00f3n a la ONEMI Ays\u00e9n"},"content":{"rendered":"<div class=\"flex_column av_one_full  flex_column_div av-zero-column-padding first  avia-builder-el-0  el_before_av_one_full  avia-builder-el-first  \" style='border-radius:0px; '><div  class='avia-image-container  av-styling-    avia-builder-el-1  avia-builder-el-no-sibling  avia-align-center '  itemprop=\"image\" itemscope=\"itemscope\" itemtype=\"https:\/\/schema.org\/ImageObject\"  ><div class='avia-image-container-inner'><div class='avia-image-overlay-wrap'><img decoding=\"async\" class='wp-image-12597 avia-img-lazy-loading-not-12597 avia_image' src=\"https:\/\/radiorevelacionfm.cl\/wp-content\/uploads\/2022\/01\/image-23.jpg\" alt='' title='image-23' height=\"600\" width=\"969\"  itemprop=\"thumbnailUrl\" srcset=\"https:\/\/radiorevelacionfm.cl\/wp-content\/uploads\/2022\/01\/image-23.jpg 969w, https:\/\/radiorevelacionfm.cl\/wp-content\/uploads\/2022\/01\/image-23-300x186.jpg 300w, https:\/\/radiorevelacionfm.cl\/wp-content\/uploads\/2022\/01\/image-23-768x476.jpg 768w, https:\/\/radiorevelacionfm.cl\/wp-content\/uploads\/2022\/01\/image-23-705x437.jpg 705w, https:\/\/radiorevelacionfm.cl\/wp-content\/uploads\/2022\/01\/image-23-600x372.jpg 600w\" sizes=\"(max-width: 969px) 100vw, 969px\" \/><\/div><\/div><\/div><\/div><div class=\"flex_column av_one_full  flex_column_div av-zero-column-padding first  avia-builder-el-2  el_after_av_one_full  el_before_av_one_full  column-top-margin\" style='border-radius:0px; '><section class=\"av_textblock_section \"  itemscope=\"itemscope\" itemtype=\"https:\/\/schema.org\/BlogPosting\" itemprop=\"blogPost\" ><div class='avia_textblock  '   itemprop=\"text\" ><p style=\"text-align: center;\"><b><span style=\"font-size: 18pt;\">Gobierno Regional entrega equipamiento de \u00faltima generaci\u00f3n a la ONEMI Ays\u00e9n<\/span> <\/b><\/p>\n<div id=\"gtx-trans\" style=\"position: absolute; left: -50px; top: 4.31534px;\">\n<div class=\"gtx-trans-icon\"><\/div>\n<\/div>\n<\/div><\/section><\/div><div class=\"flex_column av_one_full  flex_column_div av-zero-column-padding first  avia-builder-el-4  el_after_av_one_full  el_before_av_hr  column-top-margin\" style='border-radius:0px; '><section class=\"av_textblock_section \"  itemscope=\"itemscope\" itemtype=\"https:\/\/schema.org\/BlogPosting\" itemprop=\"blogPost\" ><div class='avia_textblock  '   itemprop=\"text\" ><p style=\"text-align: justify;\">Un aporte a la Red de Emergencias regional realiz\u00f3 el GORE con la compra de una camioneta, carpa especial e implementaci\u00f3n de telecomunicaciones que ayudar\u00e1n a la respuesta oportuna en caso de emergencias en la regi\u00f3n de Ays\u00e9n.<\/p>\n<p style=\"text-align: justify;\">\u00abHoy d\u00eda logramos concretar este hito de larga data d\u00f3nde est\u00e1bamos esperando la adquisici\u00f3n de una camioneta, dos carpas para puesto de mando para poder colaborar con la implementaci\u00f3n de nuestra red de gesti\u00f3n de riesgos y desastres a nivel regional as\u00ed que estamos haciendo hoy d\u00eda entrega a ONEMI. Con mayor oportunidad en la medida que vamos implementando y dotando de mayor equipamiento nuestra red de gesti\u00f3n de riesgos tambi\u00e9n significa que vamos reduciendo el nivel de impacto da\u00f1o que se puede llegar a producir tanta emergencia\u00bb, afirm\u00f3 la Gobernadora Andrea Mac\u00edas Palma, en la ceremonia de entrega.<\/p>\n<p style=\"text-align: justify;\">La adquisici\u00f3n de esta implementaci\u00f3n fue posible gracias al acuerdo del Consejo Regional, de la se\u00f1ora consejera y consejeros, que confirmaron la importancia de este tipo de inversiones para la regi\u00f3n de Ays\u00e9n. El Presidente de la Comisi\u00f3n de Seguridad P\u00fablica y Emergencias, Luis Co\u00f1uecar, afirm\u00f3:<\/p>\n<p style=\"text-align: justify;\">\u00abPara nosotros como consejeros regionales es tremendamente importante poder implementar a ONEMI con este tipo de equipamiento porque sin duda viene a apoyar a todos los puntos de emergencia que puedan suscitarse en nuestra regi\u00f3n, por lo tanto que el Consejo haya aprobado estos recursos y demuestra cierto que cada uno nosotros tiene la mirada puesta cierto en el apoyo que d\u00e1rsele en los distintos territorios, en los temas de emergencia y de seguridad que debe tener nuestra comunidad, as\u00ed que muy contento como presidente de comisi\u00f3n, que ONEMI reciba equipamiento de \u00faltima generaci\u00f3n que sin duda los aprovechar\u00e1n muy bien\u00bb.<\/p>\n<p style=\"text-align: justify;\">Para el Director ONEMI, Sidi Bravo, el aporte ser\u00e1 fundamental tanto para el \u00e1rea de telecomunicaciones como en apoyo a la gesti\u00f3n regional de desastres.<\/p>\n<p style=\"text-align: justify;\">\u00abHay que recordar que ya en pandemia ONEMI cuenta con una de estas carpas, fueron utilizadas en distintos puntos de la regi\u00f3n, en barrera sanitaria, en puestos sanitarios en Melinka. La primera ciudad que tuvimos en cuarentena fue Tortel, donde ONEMI tambi\u00e9n coloc\u00f3 esta carpa, eso demuestra que esta implementaci\u00f3n no es solamente para enfrentar emergencias, sino que tambi\u00e9n para otros \u00e1mbitos de cosa. Prestamos apoyo a la regi\u00f3n de Los Lagos en Villa Santa Luc\u00eda por m\u00e1s de cuatro meses, por lo tanto como lo ha se\u00f1alado la se\u00f1ora Gobernadora, esta es una implementaci\u00f3n que es para el sistema de protecci\u00f3n civil, que sumando el aporte del Gobierno Regional, podemos tener 300 metros cuadrados en carpa, los cuales en un momento determinado si Salud lo requiriera podr\u00edamos tener un Centro Sanitario de Emergencia o un Hospital de Campa\u00f1a\u00bb, afirm\u00f3 Bravo.<\/p>\n<p style=\"text-align: justify;\">El trabajo colaborativo entre las instituciones fue tremendamente valorado por las autoridades presentes y el trabajo de funcionarios y funcionarias del Gobierno Regional.<\/p>\n<\/div><\/section><\/div><div  style='height:50px' class='hr hr-invisible   avia-builder-el-6  el_after_av_one_full  el_before_av_social_share '><span class='hr-inner ' ><span class='hr-inner-style'><\/span><\/span><\/div><\/p>\n<div  class='av-social-sharing-box  avia-builder-el-7  el_after_av_hr  el_before_av_hr  '><div class='av-share-box'><h5 class='av-share-link-description av-no-toc '>Compartir esta noticia<\/h5><ul class='av-share-box-list noLightbox'><li class='av-share-link av-social-link-facebook' ><a target=\"_blank\" aria-label=\"Compartir en Facebook\" href='https:\/\/www.facebook.com\/sharer.php?u=https:\/\/radiorevelacionfm.cl\/?p=12596&#038;t=Gobierno%20Regional%20entrega%20equipamiento%20de%20%C3%BAltima%20generaci%C3%B3n%20a%20la%20ONEMI%20Ays%C3%A9n' aria-hidden='false' data-av_icon='\ue8f3' data-av_iconfont='entypo-fontello' title='' data-avia-related-tooltip='Compartir en Facebook' rel=\"noopener\"><span class='avia_hidden_link_text'>Compartir en Facebook<\/span><\/a><\/li><li class='av-share-link av-social-link-twitter' ><a target=\"_blank\" aria-label=\"Compartir en Twitter\" href='https:\/\/twitter.com\/share?text=Gobierno%20Regional%20entrega%20equipamiento%20de%20%C3%BAltima%20generaci%C3%B3n%20a%20la%20ONEMI%20Ays%C3%A9n&#038;url=https:\/\/radiorevelacionfm.cl\/?p=12596' aria-hidden='false' data-av_icon='\ue8f1' data-av_iconfont='entypo-fontello' title='' data-avia-related-tooltip='Compartir en Twitter' rel=\"noopener\"><span class='avia_hidden_link_text'>Compartir en Twitter<\/span><\/a><\/li><li class='av-share-link av-social-link-whatsapp' ><a target=\"_blank\" aria-label=\"Compartir en Whatsapp\" href='https:\/\/api.whatsapp.com\/send?text=https:\/\/radiorevelacionfm.cl\/?p=12596' aria-hidden='false' data-av_icon='\uf232' data-av_iconfont='entypo-fontello' title='' data-avia-related-tooltip='Compartir en Whatsapp' rel=\"noopener\"><span class='avia_hidden_link_text'>Compartir en Whatsapp<\/span><\/a><\/li><li class='av-share-link av-social-link-linkedin' ><a target=\"_blank\" aria-label=\"Compartir en LinkedIn\" href='https:\/\/linkedin.com\/shareArticle?mini=true&#038;title=Gobierno%20Regional%20entrega%20equipamiento%20de%20%C3%BAltima%20generaci%C3%B3n%20a%20la%20ONEMI%20Ays%C3%A9n&#038;url=https:\/\/radiorevelacionfm.cl\/?p=12596' aria-hidden='false' data-av_icon='\ue8fc' data-av_iconfont='entypo-fontello' title='' data-avia-related-tooltip='Compartir en LinkedIn' rel=\"noopener\"><span class='avia_hidden_link_text'>Compartir en LinkedIn<\/span><\/a><\/li><li class='av-share-link av-social-link-mail' ><a  aria-label=\"Compartir por correo\" href='mailto:?subject=Gobierno%20Regional%20entrega%20equipamiento%20de%20%C3%BAltima%20generaci%C3%B3n%20a%20la%20ONEMI%20Ays%C3%A9n&#038;body=https:\/\/radiorevelacionfm.cl\/?p=12596' aria-hidden='false' data-av_icon='\ue805' data-av_iconfont='entypo-fontello' title='' data-avia-related-tooltip='Compartir por correo'><span class='avia_hidden_link_text'>Compartir por correo<\/span><\/a><\/li><\/ul><\/div><\/div>\n<div  style='height:50px' class='hr hr-invisible   avia-builder-el-8  el_after_av_social_share  el_before_av_comments_list '><span class='hr-inner ' ><span class='hr-inner-style'><\/span><\/span><\/div>\n<div  class='av-buildercomment  av-blog-meta-html-info-disabled av-blog-meta-tag-disabled  '><\/div>\n","protected":false},"excerpt":{"rendered":"","protected":false},"author":1,"featured_media":12597,"comment_status":"open","ping_status":"open","sticky":false,"template":"","format":"standard","meta":{"footnotes":""},"categories":[38],"tags":[],"class_list":["post-12596","post","type-post","status-publish","format-standard","has-post-thumbnail","hentry","category-regional"],"jetpack_featured_media_url":"https:\/\/radiorevelacionfm.cl\/wp-content\/uploads\/2022\/01\/image-23.jpg","_links":{"self":[{"href":"https:\/\/radiorevelacionfm.cl\/index.php?rest_route=\/wp\/v2\/posts\/12596","targetHints":{"allow":["GET"]}}],"collection":[{"href":"https:\/\/radiorevelacionfm.cl\/index.php?rest_route=\/wp\/v2\/posts"}],"about":[{"href":"https:\/\/radiorevelacionfm.cl\/index.php?rest_route=\/wp\/v2\/types\/post"}],"author":[{"embeddable":true,"href":"https:\/\/radiorevelacionfm.cl\/index.php?rest_route=\/wp\/v2\/users\/1"}],"replies":[{"embeddable":true,"href":"https:\/\/radiorevelacionfm.cl\/index.php?rest_route=%2Fwp%2Fv2%2Fcomments&post=12596"}],"version-history":[{"count":2,"href":"https:\/\/radiorevelacionfm.cl\/index.php?rest_route=\/wp\/v2\/posts\/12596\/revisions"}],"predecessor-version":[{"id":12599,"href":"https:\/\/radiorevelacionfm.cl\/index.php?rest_route=\/wp\/v2\/posts\/12596\/revisions\/12599"}],"wp:featuredmedia":[{"embeddable":true,"href":"https:\/\/radiorevelacionfm.cl\/index.php?rest_route=\/wp\/v2\/media\/12597"}],"wp:attachment":[{"href":"https:\/\/radiorevelacionfm.cl\/index.php?rest_route=%2Fwp%2Fv2%2Fmedia&parent=12596"}],"wp:term":[{"taxonomy":"category","embeddable":true,"href":"https:\/\/radiorevelacionfm.cl\/index.php?rest_route=%2Fwp%2Fv2%2Fcategories&post=12596"},{"taxonomy":"post_tag","embeddable":true,"href":"https:\/\/radiorevelacionfm.cl\/index.php?rest_route=%2Fwp%2Fv2%2Ftags&post=12596"}],"curies":[{"name":"wp","href":"https:\/\/api.w.org\/{rel}","templated":true}]}}