{"id":12592,"date":"2022-01-08T13:25:28","date_gmt":"2022-01-08T16:25:28","guid":{"rendered":"https:\/\/radiorevelacionfm.cl\/?p=12592"},"modified":"2022-01-08T13:25:28","modified_gmt":"2022-01-08T16:25:28","slug":"ayseninos-disfrutaron-de-la-exitosa-presentacion-de-violonchelista-internacional-matias-de-oliveira","status":"publish","type":"post","link":"https:\/\/radiorevelacionfm.cl\/?p=12592","title":{"rendered":"Ayseninos disfrutaron de la exitosa presentaci\u00f3n de violonchelista internacional Mat\u00edas de Oliveira"},"content":{"rendered":"<div class=\"flex_column av_one_full  flex_column_div av-zero-column-padding first  avia-builder-el-0  el_before_av_one_full  avia-builder-el-first  \" style='border-radius:0px; '><div  class='avia-image-container  av-styling-    avia-builder-el-1  avia-builder-el-no-sibling  avia-align-center '  itemprop=\"image\" itemscope=\"itemscope\" itemtype=\"https:\/\/schema.org\/ImageObject\"  ><div class='avia-image-container-inner'><div class='avia-image-overlay-wrap'><img decoding=\"async\" class='wp-image-12593 avia-img-lazy-loading-not-12593 avia_image' src=\"https:\/\/radiorevelacionfm.cl\/wp-content\/uploads\/2022\/01\/270017701_4649198185207139_4909940814740617731_n-2-2.jpg\" alt='' title='270017701_4649198185207139_4909940814740617731_n-2-2' height=\"600\" width=\"800\"  itemprop=\"thumbnailUrl\" srcset=\"https:\/\/radiorevelacionfm.cl\/wp-content\/uploads\/2022\/01\/270017701_4649198185207139_4909940814740617731_n-2-2.jpg 800w, https:\/\/radiorevelacionfm.cl\/wp-content\/uploads\/2022\/01\/270017701_4649198185207139_4909940814740617731_n-2-2-300x225.jpg 300w, https:\/\/radiorevelacionfm.cl\/wp-content\/uploads\/2022\/01\/270017701_4649198185207139_4909940814740617731_n-2-2-768x576.jpg 768w, https:\/\/radiorevelacionfm.cl\/wp-content\/uploads\/2022\/01\/270017701_4649198185207139_4909940814740617731_n-2-2-705x529.jpg 705w, https:\/\/radiorevelacionfm.cl\/wp-content\/uploads\/2022\/01\/270017701_4649198185207139_4909940814740617731_n-2-2-600x450.jpg 600w\" sizes=\"(max-width: 800px) 100vw, 800px\" \/><\/div><\/div><\/div><\/div><div class=\"flex_column av_one_full  flex_column_div av-zero-column-padding first  avia-builder-el-2  el_after_av_one_full  el_before_av_one_full  column-top-margin\" style='border-radius:0px; '><section class=\"av_textblock_section \"  itemscope=\"itemscope\" itemtype=\"https:\/\/schema.org\/BlogPosting\" itemprop=\"blogPost\" ><div class='avia_textblock  '   itemprop=\"text\" ><p style=\"text-align: center;\"><span style=\"font-size: 18pt;\"><strong>Ayseninos disfrutaron de la exitosa presentaci\u00f3n de violonchelista internacional Mat\u00edas de Oliveira<\/strong><\/span><\/p>\n<div id=\"gtx-trans\" style=\"position: absolute; left: -50px; top: 4.31534px;\">\n<div class=\"gtx-trans-icon\"><\/div>\n<\/div>\n<\/div><\/section><\/div><div class=\"flex_column av_one_full  flex_column_div av-zero-column-padding first  avia-builder-el-4  el_after_av_one_full  el_before_av_hr  column-top-margin\" style='border-radius:0px; '><section class=\"av_textblock_section \"  itemscope=\"itemscope\" itemtype=\"https:\/\/schema.org\/BlogPosting\" itemprop=\"blogPost\" ><div class='avia_textblock  '   itemprop=\"text\" ><p style=\"text-align: justify;\">Habilidad musical, destreza instrumental y experiencia a borbotones fue lo que este viernes se vivi\u00f3 en Puerto Ays\u00e9n, durante la presentaci\u00f3n de la destacada m\u00fasica, Magdalena Rosas acompa\u00f1ando al concertista internacional, Mat\u00edas de Oliveira Pinto.<\/p>\n<p style=\"text-align: justify;\">Ni\u00f1os, j\u00f3venes y adultos mayores arribaron hasta las dependencias de la Biblioteca Municipal, donde disfrutaron de m\u00e1s de una hora de las mejores piezas musicales del compositor alem\u00e1n, Johann Sebastian Bach, en el marco del proyecto denominado \u201cConcierto Bach en la Ruta Austral\u201d, a trav\u00e9s de la magistral interpretaci\u00f3n de los dos reconocidos profesores de m\u00fasica y violonchelistas.<\/p>\n<p style=\"text-align: justify;\">De esta manera, Magdalena Rosas y De Oliveira Pinto, directora ejecutiva y director musical, respectivamente, del Festival Internacional de Violonchelos Patagonia Chelo-fest, se presentaron en la comuna de Ays\u00e9n, en que adem\u00e1s estuvieron presentes los estudiantes del taller de violonchelo de la Orquesta Escolar Comunal de la Direcci\u00f3n de Educaci\u00f3n Municipal aysenina, quienes se mostraron maravillados con este concierto, que finaliz\u00f3 con la interpretaci\u00f3n de la popular ranchera \u201cmate amargo\u201d.<\/p>\n<p style=\"text-align: justify;\">Dada la relevancia que adquiri\u00f3 el evento -del que fueron parte el alcalde de la comuna, Julio Uribe; los concejales Silvia Klagges, Alejandro Soto, Rosa Gonz\u00e1lez y Jorge Figueroa; y la directora DEM, Tamara Villegas-, y pese a que los participantes debieron inscribirse mediante casilla electr\u00f3nica, dado el contexto de pandemia, la alta demanda por parte de la comunidad, oblig\u00f3 a la instalaci\u00f3n de sillas y parlante fuera del recinto bibliotecario para que, de esta manera, quienes no pudieron ingresar, de todas maneras disfrutaran de la m\u00fasica interpretada por el brasilero.<\/p>\n<p style=\"text-align: justify;\">En este sentido, feliz se mostr\u00f3 el artista, afincado desde hace algunos a\u00f1os en Alemania, y quien recorre el mundo dando cuenta de su talento en el instrumento de cuerda. \u201cMuy, muy lindo porque es la sociedad haci\u00e9ndose parte de un todo. J\u00f3venes, ni\u00f1os, adultos mayores, todos disfrutando la m\u00fasica cl\u00e1sica, maravilloso eso. Realmente, les felicito a ustedes por este movimiento de cultura que hay con los j\u00f3venes profesores de m\u00fasica que tienen, es una visi\u00f3n para ir al futuro, un futuro mejor. Es muy importante porque Ays\u00e9n tiene muchos ni\u00f1os y j\u00f3venes muy talentosos, s\u00f3lo hay que darles la oportunidad de crecer, de mejorar, para hacer un mundo mejor, y para eso la m\u00fasica es esencial, en la educaci\u00f3n, en generar inspiraci\u00f3n en la gente. Imagina c\u00f3mo ser\u00eda el mundo si no existiera la m\u00fasica. Es imposible, y si los j\u00f3venes cuentan con esto, tendr\u00e1n una dimensi\u00f3n distinta de lo que pueden ser en el futuro\u201d, manifest\u00f3 De Oliveira, refiri\u00e9ndose as\u00ed al desarrollo de una cl\u00ednica musical que brind\u00f3 a los ni\u00f1os y ni\u00f1as de la Orquesta durante la ma\u00f1ana de este viernes.<\/p>\n<p style=\"text-align: justify;\">Por su parte, Magdalena Rosas defini\u00f3 al p\u00fablico aysenino como \u201cla mejor recepci\u00f3n de todos los conciertos que hemos tenido en el \u00faltimo tiempo. Alcalde, concejales, directora DEM, hay onda aqu\u00ed en Ays\u00e9n, definitivamente. Eso se nota, y siempre es un agrado\u201d.<\/p>\n<p style=\"text-align: justify;\">Sobre una nueva versi\u00f3n del Chelo-fest, programado para los d\u00edas 20 al 23 de enero en Coyhaique, Rosas Ossa indic\u00f3 que \u201cnosotros estamos esperando que vengan los ni\u00f1os de Ays\u00e9n, y yo me atrevo a decir que esto que est\u00e1 haciendo la municipalidad de Ays\u00e9n es muy muy significativo, muy importante. Sigo atentamente los pasos y las actuaciones de la orquesta escolar comunal de Ays\u00e9n, y su directora musical, Patricia Araya es una tremenda profesional, con estudios en Europa, que sabe de qu\u00e9 estamos hablando, y lo maravilloso es que con el apoyo del DEM todo ser\u00e1 m\u00e1s f\u00e1cil. Sin el apoyo de la instituci\u00f3n cuesta mucho poder perdurar el tiempo. Si siguen adelante tal cual lo est\u00e1n haciendo, con fuerza y paciencia, en un tiempo m\u00e1s estoy segura que tendr\u00e1n una orquesta sinf\u00f3nica de primer nivel en Ays\u00e9n. Reitero mis gracias al DEM, a su directora, el alcalde, a los concejales, porque son todos ellos los que hacen que esto sea posible. Todos para uno y uno para todos, ese debe ser el lema\u201d.<\/p>\n<p style=\"text-align: justify;\">Para la directora DEM, Tamara Villegas, apoyar estas actividades es esencial para continuar proyectando la Unidad de Orquestas Escolares, uno de los principales sellos de la direcci\u00f3n que representa, y que hoy se traduce en la realizaci\u00f3n de las terceras jornadas musicales en la comuna, de la que participan una cincuentena de estudiantes de las diversas localidades, a trav\u00e9s de los talleres de violonchelo, viola y viol\u00edn. \u201cEstamos muy contentos. Agradecer la participaci\u00f3n de estos dos tremendos m\u00fasicos que quisieron estar aqu\u00ed y que dieron cuenta de la vasta trayectoria que poseen. Por nuestra parte, siempre prestos a seguir colaborando con nuestros ni\u00f1os y ni\u00f1as m\u00fasicos, y lo que necesiten para continuar tras sus sue\u00f1os\u201d, explic\u00f3.<\/p>\n<p style=\"text-align: justify;\"><strong>Reacciones<\/strong><\/p>\n<p style=\"text-align: justify;\">Emocionada se mostr\u00f3 la vecina aysenina Alicia Rosales, quien presenci\u00f3 la puesta en escena y disfrut\u00f3 cada una de las piezas musicales. \u201cHace muchos a\u00f1os vi algo como esto, cuando estaba cerca de Casa Blanca. Llegu\u00e9 ayer a Puerto Ays\u00e9n, y estoy muy, muy feliz porque hoy pude estar aqu\u00ed. Yo no entiendo de tecnolog\u00eda, as\u00ed que no sab\u00eda c\u00f3mo inscribirme, pero justo se liber\u00f3 un cupo, y esa persona me incluy\u00f3 a m\u00ed. As\u00ed que un tremendo regalo. Y estar aqu\u00ed me encant\u00f3, y estoy tan agradecida, y tan contenta. Este es el mejor premio que me podr\u00edan haber dado. Ojal\u00e1 que pueda seguir viniendo a Ays\u00e9n gente as\u00ed, tan profesional, de este nivel. Hace un tiempo fui a ver un pianista, me tom\u00e9 una foto con \u00e9l, y la tengo en mi casa y en mi coraz\u00f3n. Y ahora tengo una foto con este maestro as\u00ed que feliz\u201d.<\/p>\n<p style=\"text-align: justify;\">En tanto, Natalia Vargas, mam\u00e1 de uno de los integrantes del taller de Violonchelo en la orquesta Escolar, relev\u00f3 que este tipo de iniciativas se desarrollen en la ciudad de forma abierta y gratuita para la comunidad. \u201cMe pareci\u00f3 excelente, s\u00faper agradecida. Soy apoderada de la escuela Ays\u00e9n, Mi hijo tiene 7 a\u00f1os, y hoy est\u00e1 feliz. Este m\u00fasico es muy talentoso, es reconocido internacionalmente y poder hoy disfrutar de su m\u00fasica es incre\u00edble. Lamentablemente, no todos pudimos entrar a verlo por los aforos, pero s\u00ed desde fuera pude apreciar su presentaci\u00f3n. Y lo m\u00e1s importante, mi hijo estuvo vi\u00e9ndolo en primera fila. Es una bonita experiencia para nuestros peque\u00f1os de poder acercarlos y abrir un mundo ante ellos, especialmente en esta zona m\u00e1s aislada donde quiz\u00e1s no hay tantas oportunidades para los ni\u00f1os\u201d, finaliz\u00f3.<\/p>\n<\/div><\/section><\/div><div  style='height:50px' class='hr hr-invisible   avia-builder-el-6  el_after_av_one_full  el_before_av_social_share '><span class='hr-inner ' ><span class='hr-inner-style'><\/span><\/span><\/div><\/p>\n<div  class='av-social-sharing-box  avia-builder-el-7  el_after_av_hr  el_before_av_hr  '><div class='av-share-box'><h5 class='av-share-link-description av-no-toc '>Compartir esta noticia<\/h5><ul class='av-share-box-list noLightbox'><li class='av-share-link av-social-link-facebook' ><a target=\"_blank\" aria-label=\"Compartir en Facebook\" href='https:\/\/www.facebook.com\/sharer.php?u=https:\/\/radiorevelacionfm.cl\/?p=12592&#038;t=Ayseninos%20disfrutaron%20de%20la%20exitosa%20presentaci%C3%B3n%20de%20violonchelista%20internacional%20Mat%C3%ADas%20de%20Oliveira' aria-hidden='false' data-av_icon='\ue8f3' data-av_iconfont='entypo-fontello' title='' data-avia-related-tooltip='Compartir en Facebook' rel=\"noopener\"><span class='avia_hidden_link_text'>Compartir en Facebook<\/span><\/a><\/li><li class='av-share-link av-social-link-twitter' ><a target=\"_blank\" aria-label=\"Compartir en Twitter\" href='https:\/\/twitter.com\/share?text=Ayseninos%20disfrutaron%20de%20la%20exitosa%20presentaci%C3%B3n%20de%20violonchelista%20internacional%20Mat%C3%ADas%20de%20Oliveira&#038;url=https:\/\/radiorevelacionfm.cl\/?p=12592' aria-hidden='false' data-av_icon='\ue8f1' data-av_iconfont='entypo-fontello' title='' data-avia-related-tooltip='Compartir en Twitter' rel=\"noopener\"><span class='avia_hidden_link_text'>Compartir en Twitter<\/span><\/a><\/li><li class='av-share-link av-social-link-whatsapp' ><a target=\"_blank\" aria-label=\"Compartir en Whatsapp\" href='https:\/\/api.whatsapp.com\/send?text=https:\/\/radiorevelacionfm.cl\/?p=12592' aria-hidden='false' data-av_icon='\uf232' data-av_iconfont='entypo-fontello' title='' data-avia-related-tooltip='Compartir en Whatsapp' rel=\"noopener\"><span class='avia_hidden_link_text'>Compartir en Whatsapp<\/span><\/a><\/li><li class='av-share-link av-social-link-linkedin' ><a target=\"_blank\" aria-label=\"Compartir en LinkedIn\" href='https:\/\/linkedin.com\/shareArticle?mini=true&#038;title=Ayseninos%20disfrutaron%20de%20la%20exitosa%20presentaci%C3%B3n%20de%20violonchelista%20internacional%20Mat%C3%ADas%20de%20Oliveira&#038;url=https:\/\/radiorevelacionfm.cl\/?p=12592' aria-hidden='false' data-av_icon='\ue8fc' data-av_iconfont='entypo-fontello' title='' data-avia-related-tooltip='Compartir en LinkedIn' rel=\"noopener\"><span class='avia_hidden_link_text'>Compartir en LinkedIn<\/span><\/a><\/li><li class='av-share-link av-social-link-mail' ><a  aria-label=\"Compartir por correo\" href='mailto:?subject=Ayseninos%20disfrutaron%20de%20la%20exitosa%20presentaci%C3%B3n%20de%20violonchelista%20internacional%20Mat%C3%ADas%20de%20Oliveira&#038;body=https:\/\/radiorevelacionfm.cl\/?p=12592' aria-hidden='false' data-av_icon='\ue805' data-av_iconfont='entypo-fontello' title='' data-avia-related-tooltip='Compartir por correo'><span class='avia_hidden_link_text'>Compartir por correo<\/span><\/a><\/li><\/ul><\/div><\/div>\n<div  style='height:50px' class='hr hr-invisible   avia-builder-el-8  el_after_av_social_share  el_before_av_comments_list '><span class='hr-inner ' ><span class='hr-inner-style'><\/span><\/span><\/div>\n<div  class='av-buildercomment  av-blog-meta-html-info-disabled av-blog-meta-tag-disabled  '><\/div>\n","protected":false},"excerpt":{"rendered":"","protected":false},"author":1,"featured_media":12593,"comment_status":"open","ping_status":"open","sticky":false,"template":"","format":"standard","meta":{"footnotes":""},"categories":[38],"tags":[],"class_list":["post-12592","post","type-post","status-publish","format-standard","has-post-thumbnail","hentry","category-regional"],"jetpack_featured_media_url":"https:\/\/radiorevelacionfm.cl\/wp-content\/uploads\/2022\/01\/270017701_4649198185207139_4909940814740617731_n-2-2.jpg","_links":{"self":[{"href":"https:\/\/radiorevelacionfm.cl\/index.php?rest_route=\/wp\/v2\/posts\/12592","targetHints":{"allow":["GET"]}}],"collection":[{"href":"https:\/\/radiorevelacionfm.cl\/index.php?rest_route=\/wp\/v2\/posts"}],"about":[{"href":"https:\/\/radiorevelacionfm.cl\/index.php?rest_route=\/wp\/v2\/types\/post"}],"author":[{"embeddable":true,"href":"https:\/\/radiorevelacionfm.cl\/index.php?rest_route=\/wp\/v2\/users\/1"}],"replies":[{"embeddable":true,"href":"https:\/\/radiorevelacionfm.cl\/index.php?rest_route=%2Fwp%2Fv2%2Fcomments&post=12592"}],"version-history":[{"count":2,"href":"https:\/\/radiorevelacionfm.cl\/index.php?rest_route=\/wp\/v2\/posts\/12592\/revisions"}],"predecessor-version":[{"id":12595,"href":"https:\/\/radiorevelacionfm.cl\/index.php?rest_route=\/wp\/v2\/posts\/12592\/revisions\/12595"}],"wp:featuredmedia":[{"embeddable":true,"href":"https:\/\/radiorevelacionfm.cl\/index.php?rest_route=\/wp\/v2\/media\/12593"}],"wp:attachment":[{"href":"https:\/\/radiorevelacionfm.cl\/index.php?rest_route=%2Fwp%2Fv2%2Fmedia&parent=12592"}],"wp:term":[{"taxonomy":"category","embeddable":true,"href":"https:\/\/radiorevelacionfm.cl\/index.php?rest_route=%2Fwp%2Fv2%2Fcategories&post=12592"},{"taxonomy":"post_tag","embeddable":true,"href":"https:\/\/radiorevelacionfm.cl\/index.php?rest_route=%2Fwp%2Fv2%2Ftags&post=12592"}],"curies":[{"name":"wp","href":"https:\/\/api.w.org\/{rel}","templated":true}]}}