{"id":12588,"date":"2022-01-07T20:38:12","date_gmt":"2022-01-07T23:38:12","guid":{"rendered":"https:\/\/radiorevelacionfm.cl\/?p=12588"},"modified":"2022-01-07T20:38:12","modified_gmt":"2022-01-07T23:38:12","slug":"dan-a-conocer-programa-de-aniversario-de-puerto-aysen-con-cambios-sustanciales-enfocados-al-deporte-y-la-recreacion","status":"publish","type":"post","link":"https:\/\/radiorevelacionfm.cl\/?p=12588","title":{"rendered":"Dan a conocer programa de Aniversario de Puerto Ays\u00e9n con cambios sustanciales enfocados al deporte y la recreaci\u00f3n"},"content":{"rendered":"<div class=\"flex_column av_one_full  flex_column_div av-zero-column-padding first  avia-builder-el-0  el_before_av_one_full  avia-builder-el-first  \" style='border-radius:0px; '><div  class='avia-image-container  av-styling-    avia-builder-el-1  avia-builder-el-no-sibling  avia-align-center '  itemprop=\"image\" itemscope=\"itemscope\" itemtype=\"https:\/\/schema.org\/ImageObject\"  ><div class='avia-image-container-inner'><div class='avia-image-overlay-wrap'><img decoding=\"async\" class='wp-image-12589 avia-img-lazy-loading-not-12589 avia_image' src=\"https:\/\/radiorevelacionfm.cl\/wp-content\/uploads\/2022\/01\/veranoenaysen-2-2-2.jpeg\" alt='' title='veranoenaysen-2-2-2' height=\"600\" width=\"900\"  itemprop=\"thumbnailUrl\" srcset=\"https:\/\/radiorevelacionfm.cl\/wp-content\/uploads\/2022\/01\/veranoenaysen-2-2-2.jpeg 900w, https:\/\/radiorevelacionfm.cl\/wp-content\/uploads\/2022\/01\/veranoenaysen-2-2-2-300x200.jpeg 300w, https:\/\/radiorevelacionfm.cl\/wp-content\/uploads\/2022\/01\/veranoenaysen-2-2-2-768x512.jpeg 768w, https:\/\/radiorevelacionfm.cl\/wp-content\/uploads\/2022\/01\/veranoenaysen-2-2-2-705x470.jpeg 705w, https:\/\/radiorevelacionfm.cl\/wp-content\/uploads\/2022\/01\/veranoenaysen-2-2-2-600x400.jpeg 600w\" sizes=\"(max-width: 900px) 100vw, 900px\" \/><\/div><\/div><\/div><\/div><div class=\"flex_column av_one_full  flex_column_div av-zero-column-padding first  avia-builder-el-2  el_after_av_one_full  el_before_av_one_full  column-top-margin\" style='border-radius:0px; '><section class=\"av_textblock_section \"  itemscope=\"itemscope\" itemtype=\"https:\/\/schema.org\/BlogPosting\" itemprop=\"blogPost\" ><div class='avia_textblock  '   itemprop=\"text\" ><p style=\"text-align: center;\"><span style=\"font-size: 18pt;\"><strong>Dan a conocer programa de Aniversario de Puerto Ays\u00e9n con cambios sustanciales enfocados al deporte y la recreaci\u00f3n<\/strong><\/span><\/p>\n<div id=\"gtx-trans\" style=\"position: absolute; left: -50px; top: 4.31534px;\">\n<div class=\"gtx-trans-icon\"><\/div>\n<\/div>\n<\/div><\/section><\/div><div class=\"flex_column av_one_full  flex_column_div av-zero-column-padding first  avia-builder-el-4  el_after_av_one_full  el_before_av_hr  column-top-margin\" style='border-radius:0px; '><section class=\"av_textblock_section \"  itemscope=\"itemscope\" itemtype=\"https:\/\/schema.org\/BlogPosting\" itemprop=\"blogPost\" ><div class='avia_textblock  '   itemprop=\"text\" ><p style=\"text-align: justify;\">Actividades deportivas, sociales y culturales son parte de la apuesta que hoy transform\u00f3 la tradicional actividad de Aniversario de Puerto Ays\u00e9n en un programa mucho m\u00e1s completo y con mayor duraci\u00f3n denominado \u201c<strong>Verano en Ays\u00e9n<\/strong>\u201d, el cual buscar\u00e1 abarcar lo expresado por la comunidad en las distintas audiencias sostenidas por el alcalde, Julio Uribe Alvarado, en la capital de la comuna de Ays\u00e9n. Esto, acompa\u00f1ado de una importante reducci\u00f3n de recursos para otorgar nuevos servicios municipales a los vecinos que m\u00e1s lo requieren.<\/p>\n<p style=\"text-align: justify;\">Alta expectaci\u00f3n ha causado en la comunidad el aniversario de Puerto Ays\u00e9n, una instancia que debido a la pandemia y las distintas restricciones contempladas en el Plan Paso a Paso debi\u00f3 sortear su desarrollo s\u00f3lo en entornos telem\u00e1ticos durante el 2021, pero que en su versi\u00f3n N\u00ba94 busca entregar una importa mucho m\u00e1s social y de manera presencial con la participaci\u00f3n de distintos actores de la comunidad, as\u00ed como tambi\u00e9n, continuar entregando alegr\u00eda a trav\u00e9s de la m\u00fasica y el espect\u00e1culo que ya forma parte del ideario colectivo de la zona.<\/p>\n<p style=\"text-align: justify;\">En el lanzamiento realizado desde la infograf\u00eda tur\u00edstica de Puerto Ays\u00e9n, el alcalde Julio Uribe Alvarado, destac\u00f3 que \u201cnormalmente las iniciativas que tra\u00eda el municipio hist\u00f3ricamente han sido enfocadas en traer grandes artistas. Sin embargo, hoy est\u00e1 enfocado al turismo, actividades deportivas, culturales que para nosotros tienen una trascendencia especial porque queremos trabajar directamente con las personas y eso se hace forma colaborativa, tenemos diferentes instituciones que nos est\u00e1n colaborando para poder agregar tambi\u00e9n otras actividades y por eso es tan importante el c\u00f3digo QR porque nosotros estaremos mejorando d\u00eda a d\u00eda nuestra parrilla program\u00e1tica con lo que ya est\u00e1 instalado\u201d.<\/p>\n<p style=\"text-align: justify;\">En tanto, Loreta Co\u00f1uecar, encargada de la Unidad de Turismo del municipio aysenino enfatiz\u00f3 que \u201ca diferencia de versiones anteriores, estamos contando con actividades en el mes de enero y febrero con el programa de Verano en Ays\u00e9n, adem\u00e1s empezamos lo que es la celebraci\u00f3n del aniversario n\u00famero 94 desde el d\u00eda 22 hasta el 28 de enero con actividades culturales, deportivas, recreativas. Tenemos que ser conscientes y realizar actividades en las cuales podamos controlar la convocatoria que vamos a tener, los aforos. Si bien estamos en fase 3, tenemos que cuidarnos, ser precavidos, pero a\u00fan as\u00ed nosotros quisimos realizar un aniversario con actividades para que la comunidad pueda disfrutar despu\u00e9s de todo este tiempo de pandemia y encierro\u201d.<\/p>\n<p style=\"text-align: justify;\">Finalmente, la encargada municipal invit\u00f3 a la comunidad a participar a trav\u00e9s de las redes sociales del programa de aniversario, as\u00ed como tambi\u00e9n, colaborar en las iniciativas sociales que estar\u00e1n en esta versi\u00f3n del Verano en Ays\u00e9n como la colecta por la Agrupaci\u00f3n Ays\u00e9n Rehabilita que tendr\u00e1 una jornada solidaria de 16 horas de amor el s\u00e1bado 15 de enero para apoyar a las personas de la comuna porte\u00f1a que poseen alguna condici\u00f3n de discapacidad f\u00edsica.<\/p>\n<p style=\"text-align: justify;\"><strong>Principales actividades<\/strong><\/p>\n<p style=\"text-align: justify;\"><strong>Enero <\/strong><\/p>\n<p style=\"text-align: justify;\"><strong>S\u00e1bado 08: <\/strong>12:00 horas Taller de Kayak (Bah\u00eda Acantilada)<\/p>\n<p style=\"text-align: justify;\"><strong>Viernes 14: <\/strong>17:00 horas Rinc\u00f3n Infantil y Recital de Artistas Comunales (Plaza de Armas, Puerto Ays\u00e9n)<\/p>\n<p style=\"text-align: justify;\"><strong>S\u00e1bado 15: <\/strong>22:00 horas Recital de Artista Regional (Plaza de Armas, Puerto Ays\u00e9n)<\/p>\n<p style=\"text-align: justify;\"><strong>Viernes 21: <\/strong>07:00 horas Acenso de Cerro Cord\u00f3n (Lugar por confirmar)<\/p>\n<p style=\"text-align: justify;\"><strong>S\u00e1bado 22<\/strong>: 15:00 horas Color Run (Infograf\u00eda Tur\u00edstica en Teniente Merino )<\/p>\n<p style=\"text-align: justify;\"><strong>Martes 25:<\/strong> Ceremonia Aniversario del Cuerpo de Bombero<\/p>\n<p style=\"text-align: justify;\"><strong>Viernes 28: <\/strong>22:00 horas Artista Nacional en Isla D\u00edaz<\/p>\n<p style=\"text-align: justify;\"><strong>Febrero<\/strong><\/p>\n<p style=\"text-align: justify;\"><strong>Viernes 04: <\/strong>15:00 horas Cuenta Cuentos en el Parque Las Lavanderas (Villa Ma\u00f1ihuales)<\/p>\n<p style=\"text-align: justify;\"><strong>Viernes 11:<\/strong> 17:00 horas Zumba en Puerto Chacabuco desde la Plaza de los Artesanos<\/p>\n<p style=\"text-align: justify;\"><strong>Desde el 21 al 24: <\/strong>11:00 horas Taller de Escalada sector La Gruta<\/p>\n<p style=\"text-align: justify;\">Para obtener mayor informaci\u00f3n la municipalidad ha dispuesto en su sitio web <a href=\"http:\/\/www.puertoaysen.cl\/\">www.puertoaysen.cl<\/a> un banner informativo con todo el variopinto de actividades disponibles para turistas y habitantes en temporada estival.<\/p>\n<\/div><\/section><\/div><div  style='height:50px' class='hr hr-invisible   avia-builder-el-6  el_after_av_one_full  el_before_av_social_share '><span class='hr-inner ' ><span class='hr-inner-style'><\/span><\/span><\/div><\/p>\n<div  class='av-social-sharing-box  avia-builder-el-7  el_after_av_hr  el_before_av_hr  '><div class='av-share-box'><h5 class='av-share-link-description av-no-toc '>Compartir esta noticia<\/h5><ul class='av-share-box-list noLightbox'><li class='av-share-link av-social-link-facebook' ><a target=\"_blank\" aria-label=\"Compartir en Facebook\" href='https:\/\/www.facebook.com\/sharer.php?u=https:\/\/radiorevelacionfm.cl\/?p=12588&#038;t=Dan%20a%20conocer%20programa%20de%20Aniversario%20de%20Puerto%20Ays%C3%A9n%20con%20cambios%20sustanciales%20enfocados%20al%20deporte%20y%20la%20recreaci%C3%B3n' aria-hidden='false' data-av_icon='\ue8f3' data-av_iconfont='entypo-fontello' title='' data-avia-related-tooltip='Compartir en Facebook' rel=\"noopener\"><span class='avia_hidden_link_text'>Compartir en Facebook<\/span><\/a><\/li><li class='av-share-link av-social-link-twitter' ><a target=\"_blank\" aria-label=\"Compartir en Twitter\" href='https:\/\/twitter.com\/share?text=Dan%20a%20conocer%20programa%20de%20Aniversario%20de%20Puerto%20Ays%C3%A9n%20con%20cambios%20sustanciales%20enfocados%20al%20deporte%20y%20la%20recreaci%C3%B3n&#038;url=https:\/\/radiorevelacionfm.cl\/?p=12588' aria-hidden='false' data-av_icon='\ue8f1' data-av_iconfont='entypo-fontello' title='' data-avia-related-tooltip='Compartir en Twitter' rel=\"noopener\"><span class='avia_hidden_link_text'>Compartir en Twitter<\/span><\/a><\/li><li class='av-share-link av-social-link-whatsapp' ><a target=\"_blank\" aria-label=\"Compartir en Whatsapp\" href='https:\/\/api.whatsapp.com\/send?text=https:\/\/radiorevelacionfm.cl\/?p=12588' aria-hidden='false' data-av_icon='\uf232' data-av_iconfont='entypo-fontello' title='' data-avia-related-tooltip='Compartir en Whatsapp' rel=\"noopener\"><span class='avia_hidden_link_text'>Compartir en Whatsapp<\/span><\/a><\/li><li class='av-share-link av-social-link-linkedin' ><a target=\"_blank\" aria-label=\"Compartir en LinkedIn\" href='https:\/\/linkedin.com\/shareArticle?mini=true&#038;title=Dan%20a%20conocer%20programa%20de%20Aniversario%20de%20Puerto%20Ays%C3%A9n%20con%20cambios%20sustanciales%20enfocados%20al%20deporte%20y%20la%20recreaci%C3%B3n&#038;url=https:\/\/radiorevelacionfm.cl\/?p=12588' aria-hidden='false' data-av_icon='\ue8fc' data-av_iconfont='entypo-fontello' title='' data-avia-related-tooltip='Compartir en LinkedIn' rel=\"noopener\"><span class='avia_hidden_link_text'>Compartir en LinkedIn<\/span><\/a><\/li><li class='av-share-link av-social-link-mail' ><a  aria-label=\"Compartir por correo\" href='mailto:?subject=Dan%20a%20conocer%20programa%20de%20Aniversario%20de%20Puerto%20Ays%C3%A9n%20con%20cambios%20sustanciales%20enfocados%20al%20deporte%20y%20la%20recreaci%C3%B3n&#038;body=https:\/\/radiorevelacionfm.cl\/?p=12588' aria-hidden='false' data-av_icon='\ue805' data-av_iconfont='entypo-fontello' title='' data-avia-related-tooltip='Compartir por correo'><span class='avia_hidden_link_text'>Compartir por correo<\/span><\/a><\/li><\/ul><\/div><\/div>\n<div  style='height:50px' class='hr hr-invisible   avia-builder-el-8  el_after_av_social_share  el_before_av_comments_list '><span class='hr-inner ' ><span class='hr-inner-style'><\/span><\/span><\/div>\n<div  class='av-buildercomment  av-blog-meta-html-info-disabled av-blog-meta-tag-disabled  '><\/div>\n","protected":false},"excerpt":{"rendered":"","protected":false},"author":1,"featured_media":12589,"comment_status":"open","ping_status":"open","sticky":false,"template":"","format":"standard","meta":{"footnotes":""},"categories":[1],"tags":[],"class_list":["post-12588","post","type-post","status-publish","format-standard","has-post-thumbnail","hentry","category-sin-categoria"],"jetpack_featured_media_url":"https:\/\/radiorevelacionfm.cl\/wp-content\/uploads\/2022\/01\/veranoenaysen-2-2-2.jpeg","_links":{"self":[{"href":"https:\/\/radiorevelacionfm.cl\/index.php?rest_route=\/wp\/v2\/posts\/12588","targetHints":{"allow":["GET"]}}],"collection":[{"href":"https:\/\/radiorevelacionfm.cl\/index.php?rest_route=\/wp\/v2\/posts"}],"about":[{"href":"https:\/\/radiorevelacionfm.cl\/index.php?rest_route=\/wp\/v2\/types\/post"}],"author":[{"embeddable":true,"href":"https:\/\/radiorevelacionfm.cl\/index.php?rest_route=\/wp\/v2\/users\/1"}],"replies":[{"embeddable":true,"href":"https:\/\/radiorevelacionfm.cl\/index.php?rest_route=%2Fwp%2Fv2%2Fcomments&post=12588"}],"version-history":[{"count":2,"href":"https:\/\/radiorevelacionfm.cl\/index.php?rest_route=\/wp\/v2\/posts\/12588\/revisions"}],"predecessor-version":[{"id":12591,"href":"https:\/\/radiorevelacionfm.cl\/index.php?rest_route=\/wp\/v2\/posts\/12588\/revisions\/12591"}],"wp:featuredmedia":[{"embeddable":true,"href":"https:\/\/radiorevelacionfm.cl\/index.php?rest_route=\/wp\/v2\/media\/12589"}],"wp:attachment":[{"href":"https:\/\/radiorevelacionfm.cl\/index.php?rest_route=%2Fwp%2Fv2%2Fmedia&parent=12588"}],"wp:term":[{"taxonomy":"category","embeddable":true,"href":"https:\/\/radiorevelacionfm.cl\/index.php?rest_route=%2Fwp%2Fv2%2Fcategories&post=12588"},{"taxonomy":"post_tag","embeddable":true,"href":"https:\/\/radiorevelacionfm.cl\/index.php?rest_route=%2Fwp%2Fv2%2Ftags&post=12588"}],"curies":[{"name":"wp","href":"https:\/\/api.w.org\/{rel}","templated":true}]}}