{"id":12584,"date":"2022-01-07T18:59:55","date_gmt":"2022-01-07T21:59:55","guid":{"rendered":"https:\/\/radiorevelacionfm.cl\/?p=12584"},"modified":"2022-01-07T18:59:55","modified_gmt":"2022-01-07T21:59:55","slug":"diputado-alinco-destaco-avance-del-proyecto-gas-licuado-a-precio-justo-en-la-camara-baja","status":"publish","type":"post","link":"https:\/\/radiorevelacionfm.cl\/?p=12584","title":{"rendered":"Diputado Alinco destac\u00f3 avance del proyecto \u201cgas licuado a precio justo\u201d en la C\u00e1mara Baja"},"content":{"rendered":"<div class=\"flex_column av_one_full  flex_column_div av-zero-column-padding first  avia-builder-el-0  el_before_av_one_full  avia-builder-el-first  \" style='border-radius:0px; '><div  class='avia-image-container  av-styling-    avia-builder-el-1  avia-builder-el-no-sibling  avia-align-center '  itemprop=\"image\" itemscope=\"itemscope\" itemtype=\"https:\/\/schema.org\/ImageObject\"  ><div class='avia-image-container-inner'><div class='avia-image-overlay-wrap'><img decoding=\"async\" class='wp-image-12585 avia-img-lazy-loading-not-12585 avia_image' src=\"https:\/\/radiorevelacionfm.cl\/wp-content\/uploads\/2022\/01\/image-21-2.jpg\" alt='' title='image-21-2' height=\"600\" width=\"876\"  itemprop=\"thumbnailUrl\" srcset=\"https:\/\/radiorevelacionfm.cl\/wp-content\/uploads\/2022\/01\/image-21-2.jpg 876w, https:\/\/radiorevelacionfm.cl\/wp-content\/uploads\/2022\/01\/image-21-2-300x205.jpg 300w, https:\/\/radiorevelacionfm.cl\/wp-content\/uploads\/2022\/01\/image-21-2-768x526.jpg 768w, https:\/\/radiorevelacionfm.cl\/wp-content\/uploads\/2022\/01\/image-21-2-705x483.jpg 705w, https:\/\/radiorevelacionfm.cl\/wp-content\/uploads\/2022\/01\/image-21-2-600x411.jpg 600w\" sizes=\"(max-width: 876px) 100vw, 876px\" \/><\/div><\/div><\/div><\/div><div class=\"flex_column av_one_full  flex_column_div av-zero-column-padding first  avia-builder-el-2  el_after_av_one_full  el_before_av_one_full  column-top-margin\" style='border-radius:0px; '><section class=\"av_textblock_section \"  itemscope=\"itemscope\" itemtype=\"https:\/\/schema.org\/BlogPosting\" itemprop=\"blogPost\" ><div class='avia_textblock  '   itemprop=\"text\" ><p style=\"text-align: center;\"><span style=\"font-size: 18pt;\"><strong>Diputado Alinco destac\u00f3 avance del proyecto \u201cgas licuado a precio justo\u201d en la C\u00e1mara Baja<\/strong><\/span><\/p>\n<div id=\"gtx-trans\" style=\"position: absolute; left: -50px; top: 4.31534px;\">\n<div class=\"gtx-trans-icon\"><\/div>\n<\/div>\n<\/div><\/section><\/div><div class=\"flex_column av_one_full  flex_column_div av-zero-column-padding first  avia-builder-el-4  el_after_av_one_full  el_before_av_hr  column-top-margin\" style='border-radius:0px; '><section class=\"av_textblock_section \"  itemscope=\"itemscope\" itemtype=\"https:\/\/schema.org\/BlogPosting\" itemprop=\"blogPost\" ><div class='avia_textblock  '   itemprop=\"text\" ><p style=\"text-align: justify;\">En noviembre del a\u00f1o pasado, el diputado Ren\u00e9 Alinco Bustos junto a los parlamentarios de la Bancada PPD, ingresaron un proyecto de Ley que permita facultar a los municipios distribuir y comercializar gas licuado con el objetivo de abaratar costos del esencial producto para la comunidad en general.<\/p>\n<p style=\"text-align: justify;\">Como se recuerda, previo a esta iniciativa varios municipios del pa\u00eds anunciaron su intenci\u00f3n de poder convertirse en distribuidores de gas licuado luego de la constante alza de precios instalados por las principales empresas, situaci\u00f3n que fue ratificada por la propia Fiscal\u00eda Nacional Econ\u00f3mica, y que\u00a0 en paralelo gener\u00f3 la creaci\u00f3n de una comisi\u00f3n investigadora del mercado del gas licuado, donde se lleg\u00f3 a la conclusi\u00f3n de un mal funcionamiento, alta concentraci\u00f3n y baja competencia en el rubro. En ese contexto es que nace la norma, debido a la m\u00e1s grande traba de Contralor\u00eda que dictamin\u00f3 que los municipios no cuentan con facultades legales para poder realizar dicha actividad, se\u00f1alando que esta acci\u00f3n ser\u00eda inconstitucional.<\/p>\n<p style=\"text-align: justify;\">El diputado Ren\u00e9 Alinco, se\u00f1al\u00f3 que siempre estar\u00e1 de acuerdo con proyectos que vayan en directo beneficio de las personas. \u201cY si es beneficioso (el proyecto) para ayudar al presupuesto del hogar de las familias humildes de Chile, bienvenido sea que los municipios puedan vender a precio costo, un elemento tan necesario como es el gas\u201d, sostuvo el parlamentario aysenino a\u00f1adiendo que \u201cdebemos tomar todas las medidas pertinentes para que este proceso de distribuci\u00f3n o venta de gas a precio costo de gas a la comunidad, sea lo m\u00e1s transparente posible, cosa que no haya algunos inescrupulosos que se aprovechen de estas circunstancias\u201d, enfatiz\u00f3 Alinco, dejando en claro que apoyar\u00e1 firmemente la iniciativa que patrocina junto a sus pares de la bancada que integra.<\/p>\n<p style=\"text-align: justify;\">En ese contexto y continuando con su tr\u00e1mite legislativo, el 5 de enero la comisi\u00f3n de Gobierno Interior despach\u00f3 el proyecto a Sala de la C\u00e1mara tras refundir mociones que persiguen un mismo fin. La norma autoriza a las municipalidades o a las asociaciones de municipalidades a\u00a0ofrecer el servicio de suministro de gas residencial, comercial o industrial a clientes o consumidores finales. Ello podr\u00e1 realizarse mediante la distribuci\u00f3n directa o a trav\u00e9s de distribuidores minoristas autorizados por ley.<\/p>\n<p style=\"text-align: justify;\">El texto define condiciones para el transporte, comercializaci\u00f3n y distribuci\u00f3n de gas licuado. Este se podr\u00e1 realizar dentro de todo el territorio nacional, en el caso de las asociaciones de municipalidades que se constituyan para tales efectos. Para las que desarrollen la actividad de manera particular el l\u00edmite ser\u00e1 dentro del territorio de la comuna respectiva.<\/p>\n<p style=\"text-align: justify;\">La iniciativa determina que las municipalidades y asociaciones de municipalidades deber\u00e1n cumplir con las leyes y dem\u00e1s normativas que regulan este mercado. En ello se incluye temas como la comercializaci\u00f3n del gas licuado de petr\u00f3leo, el transporte y las medidas de seguridad respectivas, entre otras.<\/p>\n<p style=\"text-align: justify;\">Asimismo, las sociedades o asociaciones que se constituyan en virtud de esta iniciativa se encontraran sometidas a las normas sobre\u00a0control, fiscalizaci\u00f3n y transparencia que regulan a los \u00f3rganos de la administraci\u00f3n del Estado. Adicionalmente, se regula lo concierne a la promoci\u00f3n y defensa de la libre competencia en los mercados. Al respecto, se indica que las citadas entidades quedar\u00e1n sujetas a las disposiciones del Decreto Ley 211, que fija normas para la defensa de la libre competencia.<\/p>\n<p style=\"text-align: justify;\">En la instancia se aprob\u00f3, adem\u00e1s, el art\u00edculo transitorio. Este aborda la entrada en vigencia de la normativa, la cual ser\u00e1 a partir del d\u00e9cimo quinto d\u00eda de su publicaci\u00f3n en el Diario Oficial.<\/p>\n<\/div><\/section><\/div><div  style='height:50px' class='hr hr-invisible   avia-builder-el-6  el_after_av_one_full  el_before_av_social_share '><span class='hr-inner ' ><span class='hr-inner-style'><\/span><\/span><\/div><\/p>\n<div  class='av-social-sharing-box  avia-builder-el-7  el_after_av_hr  el_before_av_hr  '><div class='av-share-box'><h5 class='av-share-link-description av-no-toc '>Compartir esta noticia<\/h5><ul class='av-share-box-list noLightbox'><li class='av-share-link av-social-link-facebook' ><a target=\"_blank\" aria-label=\"Compartir en Facebook\" href='https:\/\/www.facebook.com\/sharer.php?u=https:\/\/radiorevelacionfm.cl\/?p=12584&#038;t=Diputado%20Alinco%20destac%C3%B3%20avance%20del%20proyecto%20%E2%80%9Cgas%20licuado%20a%20precio%20justo%E2%80%9D%20en%20la%20C%C3%A1mara%20Baja' aria-hidden='false' data-av_icon='\ue8f3' data-av_iconfont='entypo-fontello' title='' data-avia-related-tooltip='Compartir en Facebook' rel=\"noopener\"><span class='avia_hidden_link_text'>Compartir en Facebook<\/span><\/a><\/li><li class='av-share-link av-social-link-twitter' ><a target=\"_blank\" aria-label=\"Compartir en Twitter\" href='https:\/\/twitter.com\/share?text=Diputado%20Alinco%20destac%C3%B3%20avance%20del%20proyecto%20%E2%80%9Cgas%20licuado%20a%20precio%20justo%E2%80%9D%20en%20la%20C%C3%A1mara%20Baja&#038;url=https:\/\/radiorevelacionfm.cl\/?p=12584' aria-hidden='false' data-av_icon='\ue8f1' data-av_iconfont='entypo-fontello' title='' data-avia-related-tooltip='Compartir en Twitter' rel=\"noopener\"><span class='avia_hidden_link_text'>Compartir en Twitter<\/span><\/a><\/li><li class='av-share-link av-social-link-whatsapp' ><a target=\"_blank\" aria-label=\"Compartir en Whatsapp\" href='https:\/\/api.whatsapp.com\/send?text=https:\/\/radiorevelacionfm.cl\/?p=12584' aria-hidden='false' data-av_icon='\uf232' data-av_iconfont='entypo-fontello' title='' data-avia-related-tooltip='Compartir en Whatsapp' rel=\"noopener\"><span class='avia_hidden_link_text'>Compartir en Whatsapp<\/span><\/a><\/li><li class='av-share-link av-social-link-linkedin' ><a target=\"_blank\" aria-label=\"Compartir en LinkedIn\" href='https:\/\/linkedin.com\/shareArticle?mini=true&#038;title=Diputado%20Alinco%20destac%C3%B3%20avance%20del%20proyecto%20%E2%80%9Cgas%20licuado%20a%20precio%20justo%E2%80%9D%20en%20la%20C%C3%A1mara%20Baja&#038;url=https:\/\/radiorevelacionfm.cl\/?p=12584' aria-hidden='false' data-av_icon='\ue8fc' data-av_iconfont='entypo-fontello' title='' data-avia-related-tooltip='Compartir en LinkedIn' rel=\"noopener\"><span class='avia_hidden_link_text'>Compartir en LinkedIn<\/span><\/a><\/li><li class='av-share-link av-social-link-mail' ><a  aria-label=\"Compartir por correo\" href='mailto:?subject=Diputado%20Alinco%20destac%C3%B3%20avance%20del%20proyecto%20%E2%80%9Cgas%20licuado%20a%20precio%20justo%E2%80%9D%20en%20la%20C%C3%A1mara%20Baja&#038;body=https:\/\/radiorevelacionfm.cl\/?p=12584' aria-hidden='false' data-av_icon='\ue805' data-av_iconfont='entypo-fontello' title='' data-avia-related-tooltip='Compartir por correo'><span class='avia_hidden_link_text'>Compartir por correo<\/span><\/a><\/li><\/ul><\/div><\/div>\n<div  style='height:50px' class='hr hr-invisible   avia-builder-el-8  el_after_av_social_share  el_before_av_comments_list '><span class='hr-inner ' ><span class='hr-inner-style'><\/span><\/span><\/div>\n<div  class='av-buildercomment  av-blog-meta-html-info-disabled av-blog-meta-tag-disabled  '><\/div>\n","protected":false},"excerpt":{"rendered":"","protected":false},"author":1,"featured_media":12585,"comment_status":"open","ping_status":"open","sticky":false,"template":"","format":"standard","meta":{"footnotes":""},"categories":[35],"tags":[],"class_list":["post-12584","post","type-post","status-publish","format-standard","has-post-thumbnail","hentry","category-politica"],"jetpack_featured_media_url":"https:\/\/radiorevelacionfm.cl\/wp-content\/uploads\/2022\/01\/image-21-2.jpg","_links":{"self":[{"href":"https:\/\/radiorevelacionfm.cl\/index.php?rest_route=\/wp\/v2\/posts\/12584","targetHints":{"allow":["GET"]}}],"collection":[{"href":"https:\/\/radiorevelacionfm.cl\/index.php?rest_route=\/wp\/v2\/posts"}],"about":[{"href":"https:\/\/radiorevelacionfm.cl\/index.php?rest_route=\/wp\/v2\/types\/post"}],"author":[{"embeddable":true,"href":"https:\/\/radiorevelacionfm.cl\/index.php?rest_route=\/wp\/v2\/users\/1"}],"replies":[{"embeddable":true,"href":"https:\/\/radiorevelacionfm.cl\/index.php?rest_route=%2Fwp%2Fv2%2Fcomments&post=12584"}],"version-history":[{"count":2,"href":"https:\/\/radiorevelacionfm.cl\/index.php?rest_route=\/wp\/v2\/posts\/12584\/revisions"}],"predecessor-version":[{"id":12587,"href":"https:\/\/radiorevelacionfm.cl\/index.php?rest_route=\/wp\/v2\/posts\/12584\/revisions\/12587"}],"wp:featuredmedia":[{"embeddable":true,"href":"https:\/\/radiorevelacionfm.cl\/index.php?rest_route=\/wp\/v2\/media\/12585"}],"wp:attachment":[{"href":"https:\/\/radiorevelacionfm.cl\/index.php?rest_route=%2Fwp%2Fv2%2Fmedia&parent=12584"}],"wp:term":[{"taxonomy":"category","embeddable":true,"href":"https:\/\/radiorevelacionfm.cl\/index.php?rest_route=%2Fwp%2Fv2%2Fcategories&post=12584"},{"taxonomy":"post_tag","embeddable":true,"href":"https:\/\/radiorevelacionfm.cl\/index.php?rest_route=%2Fwp%2Fv2%2Ftags&post=12584"}],"curies":[{"name":"wp","href":"https:\/\/api.w.org\/{rel}","templated":true}]}}