{"id":12575,"date":"2022-01-07T15:14:11","date_gmt":"2022-01-07T18:14:11","guid":{"rendered":"https:\/\/radiorevelacionfm.cl\/?p=12575"},"modified":"2022-01-07T15:18:30","modified_gmt":"2022-01-07T18:18:30","slug":"firman-convenio-por-1-500-millones-para-ejecucion-del-programa-pequenas-localidades-en-la-comuna-de-lago-verde","status":"publish","type":"post","link":"https:\/\/radiorevelacionfm.cl\/?p=12575","title":{"rendered":"Firman convenio por 1.500 millones para ejecuci\u00f3n del programa \u201cPeque\u00f1as Localidades\u201d en la comuna de Lago Verde"},"content":{"rendered":"<div class=\"flex_column av_one_full  flex_column_div av-zero-column-padding first  avia-builder-el-0  el_before_av_one_full  avia-builder-el-first  \" style='border-radius:0px; '><div  class='avia-image-container  av-styling-    avia-builder-el-1  avia-builder-el-no-sibling  avia-align-center '  itemprop=\"image\" itemscope=\"itemscope\" itemtype=\"https:\/\/schema.org\/ImageObject\"  ><div class='avia-image-container-inner'><div class='avia-image-overlay-wrap'><img decoding=\"async\" class='wp-image-12576 avia-img-lazy-loading-not-12576 avia_image' src=\"https:\/\/radiorevelacionfm.cl\/wp-content\/uploads\/2022\/01\/FIRMA-PEQUENAS-LOC-2-2-2.jpeg\" alt='' title='FIRMA PEQUE\u00d1AS LOC 2-2-2' height=\"600\" width=\"900\"  itemprop=\"thumbnailUrl\" srcset=\"https:\/\/radiorevelacionfm.cl\/wp-content\/uploads\/2022\/01\/FIRMA-PEQUENAS-LOC-2-2-2.jpeg 900w, https:\/\/radiorevelacionfm.cl\/wp-content\/uploads\/2022\/01\/FIRMA-PEQUENAS-LOC-2-2-2-300x200.jpeg 300w, https:\/\/radiorevelacionfm.cl\/wp-content\/uploads\/2022\/01\/FIRMA-PEQUENAS-LOC-2-2-2-768x512.jpeg 768w, https:\/\/radiorevelacionfm.cl\/wp-content\/uploads\/2022\/01\/FIRMA-PEQUENAS-LOC-2-2-2-705x470.jpeg 705w, https:\/\/radiorevelacionfm.cl\/wp-content\/uploads\/2022\/01\/FIRMA-PEQUENAS-LOC-2-2-2-600x400.jpeg 600w\" sizes=\"(max-width: 900px) 100vw, 900px\" \/><\/div><\/div><\/div><\/div>\n<div class=\"flex_column av_one_full  flex_column_div av-zero-column-padding first  avia-builder-el-2  el_after_av_one_full  el_before_av_one_full  column-top-margin\" style='border-radius:0px; '><section class=\"av_textblock_section \"  itemscope=\"itemscope\" itemtype=\"https:\/\/schema.org\/BlogPosting\" itemprop=\"blogPost\" ><div class='avia_textblock  '   itemprop=\"text\" ><p style=\"text-align: center;\"><span style=\"font-size: 18pt;\"><strong>Firman convenio por 1.500 millones para ejecuci\u00f3n del programa \u201cPeque\u00f1as Localidades\u201d en la comuna de Lago Verde<\/strong><\/span><\/p>\n<div id=\"gtx-trans\" style=\"position: absolute; left: -50px; top: 4.31534px;\">\n<div class=\"gtx-trans-icon\"><\/div>\n<\/div>\n<\/div><\/section><\/div>\n<div class=\"flex_column av_one_full  flex_column_div av-zero-column-padding first  avia-builder-el-4  el_after_av_one_full  el_before_av_hr  column-top-margin\" style='border-radius:0px; '><section class=\"av_textblock_section \"  itemscope=\"itemscope\" itemtype=\"https:\/\/schema.org\/BlogPosting\" itemprop=\"blogPost\" ><div class='avia_textblock  '   itemprop=\"text\" ><p style=\"text-align: justify;\">Una importante y significativa actividad fue la que se desarroll\u00f3 en dependencias del Ministerio de Vivienda y Urbanismo en la regi\u00f3n de Ays\u00e9n, donde el Seremi Diego Silva Barrera y el Alcalde de la comuna de Lago Verde, Nelson Opazo L\u00f3pez, firmaron el primer convenio en torno al programa \u201cPeque\u00f1as Localidades\u201d, una iniciativa que considera en total un inversi\u00f3n de 1.500 millones de pesos.<\/p>\n<p style=\"text-align: justify;\">En una primera etapa se contratar\u00e1 a los profesionales que formular\u00e1n los proyectos a ejecutar las distintas localidades de Villa Amengual, Villa La Tapera y Lago Verde. As\u00ed lo explic\u00f3 el Seremi, Diego Silva.<\/p>\n<p style=\"text-align: justify;\">\u201cUna de las grandes atribuciones que tiene este programa es, primero dotar de profesionales para que puedan elaborar un sinf\u00edn de proyectos a convenir junto al Municipio y los vecinos de Lago Verde, Tapera y Amengual. As\u00ed es que, estamos muy contentos porque hoy firmamos este convenio que le da el vamos a este trabajo entre el Ministerio de Vivienda y el Municipio de Lago Verde. Son cerca de 1.500 millones de pesos para empezar a trabajar ya una obra detonante que son cerca de 80 millones de pesos, despu\u00e9s 52 millones 800 mil pesos para la contrataci\u00f3n de estos profesionales que van a estar a m\u00e1s tardar el mes de marzo, en lo que va a ser el proyecto de peque\u00f1as localidades que gan\u00f3 leg\u00edtimamente Lago Verde\u201d.<\/p>\n<p style=\"text-align: justify;\">Contento se mostr\u00f3 el Alcalde Nelson Opazo, de haber firmado el convenio que permitir\u00e1 ejecutar una serie de iniciativas que van en directo beneficio de las comunidades en los distintos territorios de la comuna.<\/p>\n<p style=\"text-align: justify;\">\u201cEsta es la firma del primer convenio para lo que es la implementaci\u00f3n del programa Peque\u00f1as Localidades, que involucra una inversi\u00f3n important\u00edsima para nuestro territorio de 1.500 millones de pesos, que van a ir en apoyo directo a lo que significan las diferentes obras en infraestructura. Nos sentimos muy contentos de poder dar este paso importante, muy agradecido de todos quienes nos han podido colaborar en poder concretar la materializaci\u00f3n de este programa en la comuna. Agradecemos al Seremi de Vivienda, agradecemos a todo su equipo de trabajo, valoramos el compromiso de nuestro Concejo Municipal en forma un\u00e1nime y por cierto nuestro equipo t\u00e9cnico que desarrolla funciones d\u00eda a d\u00eda, con la idea de poder concretar diversos temas para los vecinos de toda nuestra comuna\u201d.<\/p>\n<p style=\"text-align: justify;\">En tanto, el Concejal Flavio Reyes, destac\u00f3 la iniciativa que va a beneficiar a toda la comuna de Lago Verde. \u201cUna gran alegr\u00eda el haber podido asistir a la firma de convenio entre el Seremi del MINVU, don Diego Silva y nuestro Alcalde Nelson Opazo, adem\u00e1s de los Concejales, los que asistimos a esta ceremonia que es tan importante para el avance y el desarrollo de nuestra comuna, en la parte social, construcciones p\u00fablicas, turismo, a lo que se le va a dar \u00e9nfasis gracias a este convenio\u201d.<\/p>\n<p style=\"text-align: justify;\">En la ceremonia de firma de convenio para la ejecuci\u00f3n del programa \u201cPeque\u00f1as Localidades\u201d, estuvieron tambi\u00e9n los Concejales, Celio Cadag\u00e1n, Ra\u00fal Becerra y Carolina Loncochino, adem\u00e1s del director de Secplan del Municipio de Lago Verde, Mat\u00edas Araya.<\/p>\n<\/div><\/section><\/div><div  style='height:50px' class='hr hr-invisible   avia-builder-el-6  el_after_av_one_full  el_before_av_social_share '><span class='hr-inner ' ><span class='hr-inner-style'><\/span><\/span><\/div><\/p>\n<div  class='av-social-sharing-box  avia-builder-el-7  el_after_av_hr  el_before_av_hr  '><div class='av-share-box'><h5 class='av-share-link-description av-no-toc '>Compartir esta noticia<\/h5><ul class='av-share-box-list noLightbox'><li class='av-share-link av-social-link-facebook' ><a target=\"_blank\" aria-label=\"Compartir en Facebook\" href='https:\/\/www.facebook.com\/sharer.php?u=https:\/\/radiorevelacionfm.cl\/?p=12575&#038;t=Firman%20convenio%20por%201.500%20millones%20para%20ejecuci%C3%B3n%20del%20programa%20%E2%80%9CPeque%C3%B1as%20Localidades%E2%80%9D%20en%20la%20comuna%20de%20Lago%20Verde' aria-hidden='false' data-av_icon='\ue8f3' data-av_iconfont='entypo-fontello' title='' data-avia-related-tooltip='Compartir en Facebook' rel=\"noopener\"><span class='avia_hidden_link_text'>Compartir en Facebook<\/span><\/a><\/li><li class='av-share-link av-social-link-twitter' ><a target=\"_blank\" aria-label=\"Compartir en Twitter\" href='https:\/\/twitter.com\/share?text=Firman%20convenio%20por%201.500%20millones%20para%20ejecuci%C3%B3n%20del%20programa%20%E2%80%9CPeque%C3%B1as%20Localidades%E2%80%9D%20en%20la%20comuna%20de%20Lago%20Verde&#038;url=https:\/\/radiorevelacionfm.cl\/?p=12575' aria-hidden='false' data-av_icon='\ue8f1' data-av_iconfont='entypo-fontello' title='' data-avia-related-tooltip='Compartir en Twitter' rel=\"noopener\"><span class='avia_hidden_link_text'>Compartir en Twitter<\/span><\/a><\/li><li class='av-share-link av-social-link-whatsapp' ><a target=\"_blank\" aria-label=\"Compartir en Whatsapp\" href='https:\/\/api.whatsapp.com\/send?text=https:\/\/radiorevelacionfm.cl\/?p=12575' aria-hidden='false' data-av_icon='\uf232' data-av_iconfont='entypo-fontello' title='' data-avia-related-tooltip='Compartir en Whatsapp' rel=\"noopener\"><span class='avia_hidden_link_text'>Compartir en Whatsapp<\/span><\/a><\/li><li class='av-share-link av-social-link-linkedin' ><a target=\"_blank\" aria-label=\"Compartir en LinkedIn\" href='https:\/\/linkedin.com\/shareArticle?mini=true&#038;title=Firman%20convenio%20por%201.500%20millones%20para%20ejecuci%C3%B3n%20del%20programa%20%E2%80%9CPeque%C3%B1as%20Localidades%E2%80%9D%20en%20la%20comuna%20de%20Lago%20Verde&#038;url=https:\/\/radiorevelacionfm.cl\/?p=12575' aria-hidden='false' data-av_icon='\ue8fc' data-av_iconfont='entypo-fontello' title='' data-avia-related-tooltip='Compartir en LinkedIn' rel=\"noopener\"><span class='avia_hidden_link_text'>Compartir en LinkedIn<\/span><\/a><\/li><li class='av-share-link av-social-link-mail' ><a  aria-label=\"Compartir por correo\" href='mailto:?subject=Firman%20convenio%20por%201.500%20millones%20para%20ejecuci%C3%B3n%20del%20programa%20%E2%80%9CPeque%C3%B1as%20Localidades%E2%80%9D%20en%20la%20comuna%20de%20Lago%20Verde&#038;body=https:\/\/radiorevelacionfm.cl\/?p=12575' aria-hidden='false' data-av_icon='\ue805' data-av_iconfont='entypo-fontello' title='' data-avia-related-tooltip='Compartir por correo'><span class='avia_hidden_link_text'>Compartir por correo<\/span><\/a><\/li><\/ul><\/div><\/div>\n<div  style='height:50px' class='hr hr-invisible   avia-builder-el-8  el_after_av_social_share  el_before_av_comments_list '><span class='hr-inner ' ><span class='hr-inner-style'><\/span><\/span><\/div>\n<div  class='av-buildercomment  av-blog-meta-html-info-disabled av-blog-meta-tag-disabled  '><\/div>\n","protected":false},"excerpt":{"rendered":"","protected":false},"author":1,"featured_media":12576,"comment_status":"open","ping_status":"open","sticky":false,"template":"","format":"standard","meta":{"footnotes":""},"categories":[38],"tags":[],"class_list":["post-12575","post","type-post","status-publish","format-standard","has-post-thumbnail","hentry","category-regional"],"jetpack_featured_media_url":"https:\/\/radiorevelacionfm.cl\/wp-content\/uploads\/2022\/01\/FIRMA-PEQUENAS-LOC-2-2-2.jpeg","_links":{"self":[{"href":"https:\/\/radiorevelacionfm.cl\/index.php?rest_route=\/wp\/v2\/posts\/12575","targetHints":{"allow":["GET"]}}],"collection":[{"href":"https:\/\/radiorevelacionfm.cl\/index.php?rest_route=\/wp\/v2\/posts"}],"about":[{"href":"https:\/\/radiorevelacionfm.cl\/index.php?rest_route=\/wp\/v2\/types\/post"}],"author":[{"embeddable":true,"href":"https:\/\/radiorevelacionfm.cl\/index.php?rest_route=\/wp\/v2\/users\/1"}],"replies":[{"embeddable":true,"href":"https:\/\/radiorevelacionfm.cl\/index.php?rest_route=%2Fwp%2Fv2%2Fcomments&post=12575"}],"version-history":[{"count":3,"href":"https:\/\/radiorevelacionfm.cl\/index.php?rest_route=\/wp\/v2\/posts\/12575\/revisions"}],"predecessor-version":[{"id":12578,"href":"https:\/\/radiorevelacionfm.cl\/index.php?rest_route=\/wp\/v2\/posts\/12575\/revisions\/12578"}],"wp:featuredmedia":[{"embeddable":true,"href":"https:\/\/radiorevelacionfm.cl\/index.php?rest_route=\/wp\/v2\/media\/12576"}],"wp:attachment":[{"href":"https:\/\/radiorevelacionfm.cl\/index.php?rest_route=%2Fwp%2Fv2%2Fmedia&parent=12575"}],"wp:term":[{"taxonomy":"category","embeddable":true,"href":"https:\/\/radiorevelacionfm.cl\/index.php?rest_route=%2Fwp%2Fv2%2Fcategories&post=12575"},{"taxonomy":"post_tag","embeddable":true,"href":"https:\/\/radiorevelacionfm.cl\/index.php?rest_route=%2Fwp%2Fv2%2Ftags&post=12575"}],"curies":[{"name":"wp","href":"https:\/\/api.w.org\/{rel}","templated":true}]}}