{"id":12572,"date":"2022-01-07T11:22:23","date_gmt":"2022-01-07T14:22:23","guid":{"rendered":"https:\/\/radiorevelacionfm.cl\/?p=12572"},"modified":"2022-01-07T11:22:23","modified_gmt":"2022-01-07T14:22:23","slug":"anuncian-vacunacion-con-cuarta-dosis-contra-el-covid-19-desde-el-lunes-10-de-enero","status":"publish","type":"post","link":"https:\/\/radiorevelacionfm.cl\/?p=12572","title":{"rendered":"Anuncian vacunaci\u00f3n con cuarta dosis contra el Covid-19 desde el lunes 10 de enero"},"content":{"rendered":"<div class=\"flex_column av_one_full  flex_column_div av-zero-column-padding first  avia-builder-el-0  el_before_av_one_full  avia-builder-el-first  \" style='border-radius:0px; '><div  class='avia-image-container  av-styling-    avia-builder-el-1  avia-builder-el-no-sibling  avia-align-center '  itemprop=\"image\" itemscope=\"itemscope\" itemtype=\"https:\/\/schema.org\/ImageObject\"  ><div class='avia-image-container-inner'><div class='avia-image-overlay-wrap'><img decoding=\"async\" class='wp-image-10014 avia-img-lazy-loading-not-10014 avia_image' src=\"https:\/\/radiorevelacionfm.cl\/wp-content\/uploads\/2021\/10\/Vacuna-refuerzo3i-1-1.jpg\" alt='' title='Vacuna refuerzo3i (1) (1)' height=\"600\" width=\"1097\"  itemprop=\"thumbnailUrl\" srcset=\"https:\/\/radiorevelacionfm.cl\/wp-content\/uploads\/2021\/10\/Vacuna-refuerzo3i-1-1.jpg 1097w, https:\/\/radiorevelacionfm.cl\/wp-content\/uploads\/2021\/10\/Vacuna-refuerzo3i-1-1-300x164.jpg 300w, https:\/\/radiorevelacionfm.cl\/wp-content\/uploads\/2021\/10\/Vacuna-refuerzo3i-1-1-1030x563.jpg 1030w, https:\/\/radiorevelacionfm.cl\/wp-content\/uploads\/2021\/10\/Vacuna-refuerzo3i-1-1-768x420.jpg 768w, https:\/\/radiorevelacionfm.cl\/wp-content\/uploads\/2021\/10\/Vacuna-refuerzo3i-1-1-705x386.jpg 705w, https:\/\/radiorevelacionfm.cl\/wp-content\/uploads\/2021\/10\/Vacuna-refuerzo3i-1-1-600x328.jpg 600w\" sizes=\"(max-width: 1097px) 100vw, 1097px\" \/><\/div><\/div><\/div><\/div><div class=\"flex_column av_one_full  flex_column_div av-zero-column-padding first  avia-builder-el-2  el_after_av_one_full  el_before_av_one_full  column-top-margin\" style='border-radius:0px; '><section class=\"av_textblock_section \"  itemscope=\"itemscope\" itemtype=\"https:\/\/schema.org\/BlogPosting\" itemprop=\"blogPost\" ><div class='avia_textblock  '   itemprop=\"text\" ><p style=\"text-align: center;\"><span style=\"font-size: 18pt;\"><strong>Anuncian vacunaci\u00f3n con cuarta dosis contra el Covid-19 desde el lunes 10 de enero<\/strong><\/span><\/p>\n<div id=\"gtx-trans\" style=\"position: absolute; left: -50px; top: 4.31534px;\">\n<div class=\"gtx-trans-icon\"><\/div>\n<\/div>\n<\/div><\/section><\/div><div class=\"flex_column av_one_full  flex_column_div av-zero-column-padding first  avia-builder-el-4  el_after_av_one_full  el_before_av_hr  column-top-margin\" style='border-radius:0px; '><section class=\"av_textblock_section \"  itemscope=\"itemscope\" itemtype=\"https:\/\/schema.org\/BlogPosting\" itemprop=\"blogPost\" ><div class='avia_textblock  '   itemprop=\"text\" ><p style=\"text-align: justify;\">A partir del pr\u00f3ximo lunes 10 de enero,\u00a0iniciar\u00e1 un nuevo proceso de vacunaci\u00f3n masivo con una cuarta dosis o una segunda dosis de refuerzo, que va a comenzar con las personas inmunocomprometidas porque necesitan reforzar su esquema con mayor urgencia.\u00a0De esta forma, los primeros inoculados ser\u00e1n las personas inmunodeprimidas de 12 a\u00f1os o m\u00e1s, que recibieron su primera dosis de refuerzo hasta el 12 de septiembre, es decir, que hayan pasado m\u00ednimo cuatro meses.<\/p>\n<p style=\"text-align: justify;\">A partir de la semana del 7 de febrero se continuar\u00e1 vacunando a todas las personas de 55 a\u00f1os o m\u00e1s, que hayan recibido su primera dosis de refuerzo hasta el 15 de agosto.\u00a0Esa semana tambi\u00e9n se incorporar\u00e1 al calendario el personal de salud que realiza atenci\u00f3n cl\u00ednica, con el mismo intervalo de seis meses desde su primera dosis de refuerzo.<\/p>\n<p style=\"text-align: justify;\">El mandatario record\u00f3 que el \u00e9xito que ha tenido Chile en el proceso de vacunaci\u00f3n y en la protecci\u00f3n de la salud y la vida es m\u00e9rito de todos los chilenos y nos pone entre los mejores pa\u00edses del mundo en la forma en que hemos logrado combatir esta pandemia. \u00abEsto nos ha permitido salvar muchas vidas\u201d, dijo el Jefe de Estado.<\/p>\n<p style=\"text-align: justify;\">El proceso de vacunaci\u00f3n contra el Covid-19 comenz\u00f3 el 24 de diciembre de 2020, con la llegada de las primeras 9.750 unidades del laboratorio Pfizer-BioNTech, que fueron destinadas al personal de las Unidades de Cuidados Intensivos las regiones que presentaban los \u00edndices m\u00e1s altos de contagio.\u00a0El 3 de febrero comenz\u00f3 el proceso de inoculaci\u00f3n masiva, y el 11 de agosto de 2020 parti\u00f3 la primera dosis de refuerzo. Esto dej\u00f3 a Chile como uno de los primeros pa\u00edses del mundo en iniciar masivamente la aplicaci\u00f3n de una dosis adicional al esquema primario.<\/p>\n<p style=\"text-align: justify;\">Hoy, gracias al esfuerzo y el compromiso de todos los actores y organismos involucrados en el proceso de vacunaci\u00f3n, se incorpor\u00f3 a otros grupos de la poblaci\u00f3n, tales como adolescentes entre 12 y 17 a\u00f1os; luego a ni\u00f1as y ni\u00f1os entre 6 y 11 a\u00f1os, y posteriormente a los m\u00e1s peque\u00f1os entre 3 y 5 a\u00f1os.<\/p>\n<p style=\"text-align: justify;\">De esta forma, hasta el mi\u00e9rcoles 5 de enero se han administrado 44.743.849 dosis de vacunas contra el Covid-19 en el pa\u00eds. Un 94,09% de la poblaci\u00f3n mayor de 18 a\u00f1os ha recibido una \u00fanica y primera dosis, mientras un 92,2% ha completado su esquema de vacunaci\u00f3n contra.<\/p>\n<\/div><\/section><\/div><div  style='height:50px' class='hr hr-invisible   avia-builder-el-6  el_after_av_one_full  el_before_av_social_share '><span class='hr-inner ' ><span class='hr-inner-style'><\/span><\/span><\/div><\/p>\n<div  class='av-social-sharing-box  avia-builder-el-7  el_after_av_hr  el_before_av_hr  '><div class='av-share-box'><h5 class='av-share-link-description av-no-toc '>Compartir esta noticia<\/h5><ul class='av-share-box-list noLightbox'><li class='av-share-link av-social-link-facebook' ><a target=\"_blank\" aria-label=\"Compartir en Facebook\" href='https:\/\/www.facebook.com\/sharer.php?u=https:\/\/radiorevelacionfm.cl\/?p=12572&#038;t=Anuncian%20vacunaci%C3%B3n%20con%20cuarta%20dosis%20contra%20el%20Covid-19%20desde%20el%20lunes%2010%20de%20enero' aria-hidden='false' data-av_icon='\ue8f3' data-av_iconfont='entypo-fontello' title='' data-avia-related-tooltip='Compartir en Facebook' rel=\"noopener\"><span class='avia_hidden_link_text'>Compartir en Facebook<\/span><\/a><\/li><li class='av-share-link av-social-link-twitter' ><a target=\"_blank\" aria-label=\"Compartir en Twitter\" href='https:\/\/twitter.com\/share?text=Anuncian%20vacunaci%C3%B3n%20con%20cuarta%20dosis%20contra%20el%20Covid-19%20desde%20el%20lunes%2010%20de%20enero&#038;url=https:\/\/radiorevelacionfm.cl\/?p=12572' aria-hidden='false' data-av_icon='\ue8f1' data-av_iconfont='entypo-fontello' title='' data-avia-related-tooltip='Compartir en Twitter' rel=\"noopener\"><span class='avia_hidden_link_text'>Compartir en Twitter<\/span><\/a><\/li><li class='av-share-link av-social-link-whatsapp' ><a target=\"_blank\" aria-label=\"Compartir en Whatsapp\" href='https:\/\/api.whatsapp.com\/send?text=https:\/\/radiorevelacionfm.cl\/?p=12572' aria-hidden='false' data-av_icon='\uf232' data-av_iconfont='entypo-fontello' title='' data-avia-related-tooltip='Compartir en Whatsapp' rel=\"noopener\"><span class='avia_hidden_link_text'>Compartir en Whatsapp<\/span><\/a><\/li><li class='av-share-link av-social-link-linkedin' ><a target=\"_blank\" aria-label=\"Compartir en LinkedIn\" href='https:\/\/linkedin.com\/shareArticle?mini=true&#038;title=Anuncian%20vacunaci%C3%B3n%20con%20cuarta%20dosis%20contra%20el%20Covid-19%20desde%20el%20lunes%2010%20de%20enero&#038;url=https:\/\/radiorevelacionfm.cl\/?p=12572' aria-hidden='false' data-av_icon='\ue8fc' data-av_iconfont='entypo-fontello' title='' data-avia-related-tooltip='Compartir en LinkedIn' rel=\"noopener\"><span class='avia_hidden_link_text'>Compartir en LinkedIn<\/span><\/a><\/li><li class='av-share-link av-social-link-mail' ><a  aria-label=\"Compartir por correo\" href='mailto:?subject=Anuncian%20vacunaci%C3%B3n%20con%20cuarta%20dosis%20contra%20el%20Covid-19%20desde%20el%20lunes%2010%20de%20enero&#038;body=https:\/\/radiorevelacionfm.cl\/?p=12572' aria-hidden='false' data-av_icon='\ue805' data-av_iconfont='entypo-fontello' title='' data-avia-related-tooltip='Compartir por correo'><span class='avia_hidden_link_text'>Compartir por correo<\/span><\/a><\/li><\/ul><\/div><\/div>\n<div  style='height:50px' class='hr hr-invisible   avia-builder-el-8  el_after_av_social_share  el_before_av_comments_list '><span class='hr-inner ' ><span class='hr-inner-style'><\/span><\/span><\/div>\n<div  class='av-buildercomment  av-blog-meta-html-info-disabled av-blog-meta-tag-disabled  '><\/div>\n","protected":false},"excerpt":{"rendered":"","protected":false},"author":1,"featured_media":10014,"comment_status":"open","ping_status":"open","sticky":false,"template":"","format":"standard","meta":{"footnotes":""},"categories":[46],"tags":[],"class_list":["post-12572","post","type-post","status-publish","format-standard","has-post-thumbnail","hentry","category-salud"],"jetpack_featured_media_url":"https:\/\/radiorevelacionfm.cl\/wp-content\/uploads\/2021\/10\/Vacuna-refuerzo3i-1-1.jpg","_links":{"self":[{"href":"https:\/\/radiorevelacionfm.cl\/index.php?rest_route=\/wp\/v2\/posts\/12572","targetHints":{"allow":["GET"]}}],"collection":[{"href":"https:\/\/radiorevelacionfm.cl\/index.php?rest_route=\/wp\/v2\/posts"}],"about":[{"href":"https:\/\/radiorevelacionfm.cl\/index.php?rest_route=\/wp\/v2\/types\/post"}],"author":[{"embeddable":true,"href":"https:\/\/radiorevelacionfm.cl\/index.php?rest_route=\/wp\/v2\/users\/1"}],"replies":[{"embeddable":true,"href":"https:\/\/radiorevelacionfm.cl\/index.php?rest_route=%2Fwp%2Fv2%2Fcomments&post=12572"}],"version-history":[{"count":2,"href":"https:\/\/radiorevelacionfm.cl\/index.php?rest_route=\/wp\/v2\/posts\/12572\/revisions"}],"predecessor-version":[{"id":12574,"href":"https:\/\/radiorevelacionfm.cl\/index.php?rest_route=\/wp\/v2\/posts\/12572\/revisions\/12574"}],"wp:featuredmedia":[{"embeddable":true,"href":"https:\/\/radiorevelacionfm.cl\/index.php?rest_route=\/wp\/v2\/media\/10014"}],"wp:attachment":[{"href":"https:\/\/radiorevelacionfm.cl\/index.php?rest_route=%2Fwp%2Fv2%2Fmedia&parent=12572"}],"wp:term":[{"taxonomy":"category","embeddable":true,"href":"https:\/\/radiorevelacionfm.cl\/index.php?rest_route=%2Fwp%2Fv2%2Fcategories&post=12572"},{"taxonomy":"post_tag","embeddable":true,"href":"https:\/\/radiorevelacionfm.cl\/index.php?rest_route=%2Fwp%2Fv2%2Ftags&post=12572"}],"curies":[{"name":"wp","href":"https:\/\/api.w.org\/{rel}","templated":true}]}}