{"id":12567,"date":"2022-01-07T09:37:07","date_gmt":"2022-01-07T12:37:07","guid":{"rendered":"https:\/\/radiorevelacionfm.cl\/?p=12567"},"modified":"2022-01-07T09:37:07","modified_gmt":"2022-01-07T12:37:07","slug":"autoridad-central-visita-instalaciones-para-la-puesta-en-marcha-del-cft-aysen","status":"publish","type":"post","link":"https:\/\/radiorevelacionfm.cl\/?p=12567","title":{"rendered":"Autoridad central visita instalaciones para la puesta en marcha del CFT Ays\u00e9n"},"content":{"rendered":"<div class=\"flex_column av_one_full  flex_column_div av-zero-column-padding first  avia-builder-el-0  el_before_av_one_full  avia-builder-el-first  \" style='border-radius:0px; '><div  class='avia-image-container  av-styling-    avia-builder-el-1  avia-builder-el-no-sibling  avia-align-center '  itemprop=\"image\" itemscope=\"itemscope\" itemtype=\"https:\/\/schema.org\/ImageObject\"  ><div class='avia-image-container-inner'><div class='avia-image-overlay-wrap'><img decoding=\"async\" class='wp-image-12568 avia-img-lazy-loading-not-12568 avia_image' src=\"https:\/\/radiorevelacionfm.cl\/wp-content\/uploads\/2022\/01\/270290350_4643221279138163_7246357824048943712_n-2.jpg\" alt='' title='270290350_4643221279138163_7246357824048943712_n-2' height=\"600\" width=\"800\"  itemprop=\"thumbnailUrl\" srcset=\"https:\/\/radiorevelacionfm.cl\/wp-content\/uploads\/2022\/01\/270290350_4643221279138163_7246357824048943712_n-2.jpg 800w, https:\/\/radiorevelacionfm.cl\/wp-content\/uploads\/2022\/01\/270290350_4643221279138163_7246357824048943712_n-2-300x225.jpg 300w, https:\/\/radiorevelacionfm.cl\/wp-content\/uploads\/2022\/01\/270290350_4643221279138163_7246357824048943712_n-2-768x576.jpg 768w, https:\/\/radiorevelacionfm.cl\/wp-content\/uploads\/2022\/01\/270290350_4643221279138163_7246357824048943712_n-2-705x529.jpg 705w, https:\/\/radiorevelacionfm.cl\/wp-content\/uploads\/2022\/01\/270290350_4643221279138163_7246357824048943712_n-2-600x450.jpg 600w\" sizes=\"(max-width: 800px) 100vw, 800px\" \/><\/div><\/div><\/div><\/div><div class=\"flex_column av_one_full  flex_column_div av-zero-column-padding first  avia-builder-el-2  el_after_av_one_full  el_before_av_one_full  column-top-margin\" style='border-radius:0px; '><section class=\"av_textblock_section \"  itemscope=\"itemscope\" itemtype=\"https:\/\/schema.org\/BlogPosting\" itemprop=\"blogPost\" ><div class='avia_textblock  '   itemprop=\"text\" ><p style=\"text-align: center;\"><span style=\"font-size: 18pt;\"><strong>Autoridad central visita instalaciones para la puesta en marcha del CFT Ays\u00e9n<\/strong><\/span><\/p>\n<div id=\"gtx-trans\" style=\"position: absolute; left: -50px; top: 4.31534px;\">\n<div class=\"gtx-trans-icon\"><\/div>\n<\/div>\n<\/div><\/section><\/div><div class=\"flex_column av_one_full  flex_column_div av-zero-column-padding first  avia-builder-el-4  el_after_av_one_full  el_before_av_hr  column-top-margin\" style='border-radius:0px; '><section class=\"av_textblock_section \"  itemscope=\"itemscope\" itemtype=\"https:\/\/schema.org\/BlogPosting\" itemprop=\"blogPost\" ><div class='avia_textblock  '   itemprop=\"text\" ><p style=\"text-align: justify;\">En el marco de su visita a la regi\u00f3n, el subsecretario de Educaci\u00f3n Superior, Juan Eduardo Vargas, acompa\u00f1ado por el seremi de la cartera, Sergio Becerra, arrib\u00f3 hasta el liceo Polit\u00e9cnico de Puerto Ays\u00e9n, para conocer las dependencias en que inicialmente se emplazar\u00e1 el Centro de Formaci\u00f3n T\u00e9cnica Estatal aysenino, uno de los 15 recintos educacionales del estado comprometidos a lo largo del pa\u00eds, a trav\u00e9s de la ley 20.910.<\/p>\n<p style=\"text-align: justify;\">Con el fin de analizar todos y cada uno de los detalles de la instalaci\u00f3n del CFT local, la autoridad de nivel central se reuni\u00f3n con el equipo de trabajo del centro educacional, encabezado por su rector, V\u00edctor Hugo \u00c1lvarez; en que estuvieron presentes el alcalde de la comuna, Julio Uribe; la directora de Educaci\u00f3n Municipal de Ays\u00e9n, Tamara Villegas; y la docente Edith Riquelme, en representaci\u00f3n de la directora del liceo municipalizado.<\/p>\n<p style=\"text-align: justify;\">Al respecto, el subsecretario de educaci\u00f3n Superior, Juan Eduardo Vargas relev\u00f3 la puesta en marcha de este complejo estudiantil, que iniciar\u00e1 en marzo pr\u00f3ximo y cuyo proceso de postulaci\u00f3n ha sido totalmente exitoso. \u201cPara nosotros es tremendamente importante esta visita a la regi\u00f3n y, especialmente a la comuna, porque est\u00e1 enmarcado en un plan de visitas a las instituciones de educaci\u00f3n superior estatales, universidades y centros de formaci\u00f3n t\u00e9cnica, y con particular fuerza hemos querido estar presentes en aquellas localidades donde se est\u00e1 empezando a desarrollar una institucionalidad, como es el caso de Puerto Ays\u00e9n\u201d.<\/p>\n<p style=\"text-align: justify;\">La autoridad central agreg\u00f3 que \u201ccon mucha alegr\u00eda hemos podido constatar los avances y hemos conocido de primera fuente lo buena que ha sido la recepci\u00f3n de la comunidad en general, lo que se hace latente que, en ambas carreras, se llenaron todas las vacantes que puso a disposici\u00f3n el CFT y eso da cuenta del enorme inter\u00e9s que existe en la comunidad de poder acceder a oportunidades que, en definitiva, les permita mejorar su calidad de vida\u201d.<\/p>\n<p style=\"text-align: justify;\">Por su parte, el rector de la instituci\u00f3n, V\u00edctor Hugo \u00c1lvarez, destac\u00f3 la mancomuni\u00f3n entre las entidades, lo que ha permitido que el proyecto avance y que hoy est\u00e9 ad portas de iniciar con sus dos primeras carreras t\u00e9cnicas de nivel superior, como son Log\u00edstica y Administraci\u00f3n P\u00fablica. \u201cEstamos sumamente contentos de que se est\u00e9 logrando un anhelo tan importante para la regi\u00f3n y la comuna, en que hoy nos visita nuestro subsecretario, y que se enmarca en una reuni\u00f3n de trabajo en que le hemos contado respecto a lo positivo que ha sido todo el proceso, y donde la cooperaci\u00f3n entre las entidades ha sido fundamental. Agradecemos al alcalde, a la directora DEM, a la directora del liceo, quienes nos albergar\u00e1n en esta primera fase en horario vespertino para luego so\u00f1ar con nuestro edificio. Por lo dem\u00e1s, los recursos se encuentran ya en las arcas de nuestro centro de formaci\u00f3n t\u00e9cnica, por lo que durante este primer semestre estaremos licitando nuestro proyecto de edificio. As\u00ed que muy satisfechos\u201d.<\/p>\n<p style=\"text-align: justify;\"><strong>Alianza estrat\u00e9gica<\/strong><\/p>\n<p style=\"text-align: justify;\">\u201cComo sostenedor del liceo Polit\u00e9cnico destacar que realmente esta es una alianza muy importante. El equipo de trabajo ya se ha conformado, y eso nos ha permitido en tiempo r\u00e9cord generar el cien por ciento de las matr\u00edculas, donde ha habido un apoyo total por parte de nuestra direcci\u00f3n de educaci\u00f3n y eso nos tiene muy contentos. A nivel nacional hemos sido los primeros en completar todos los cupos. Hoy d\u00eda tambi\u00e9n estamos entregando todo nuestro apoyo para que r\u00e1pidamente se inicie el proceso que permita tener sus propias dependencias. Pero, mientras tanto, vamos a colaborar con dependencias del Liceo Polit\u00e9cnico, donde se formar\u00e1n los alumnos sin interrumpir de forma alguna las clases de los estudiantes del liceo\u201d, se\u00f1al\u00f3 el edil de la comuna, Julio Uribe, quien dio cuenta de la importancia de este proyecto, que busca entregar una oferta adecuada a los requerimientos del desarrollo de las localidades por parte de los futuros estudiantes.<\/p>\n<p style=\"text-align: justify;\">Finalmente, el seremi de Educaci\u00f3n, Sergio Becerra, valor\u00f3 que las primeras carreras hayan sido pensadas de acuerdo a la demanda y oferta en el territorio, as\u00ed como la proyecci\u00f3n para encontrar un trabajo o bien perfeccionarlo, en caso que ya se tuviera. \u201cEstamos muy felices con la venida del subsecretario, donde se le ha podido dar a conocer que ya estamos en tierra derecha. Nosotros como gobierno nos hemos comprometido que en marzo partir\u00e1 este CFT, ubicado en Puerto Ays\u00e9n, y as\u00ed ser\u00e1. Contentos, porque podr\u00e1 darle la oportunidad a tantos j\u00f3venes, y tambi\u00e9n a tanta gente adulta, as\u00ed que felicitamos al rector del CFT y todo su equipo y la evaluaci\u00f3n ya la realizar\u00e1 la comunidad en un tiempo m\u00e1s\u201d.<\/p>\n<\/div><\/section><\/div><div  style='height:50px' class='hr hr-invisible   avia-builder-el-6  el_after_av_one_full  el_before_av_social_share '><span class='hr-inner ' ><span class='hr-inner-style'><\/span><\/span><\/div><\/p>\n<div  class='av-social-sharing-box  avia-builder-el-7  el_after_av_hr  el_before_av_hr  '><div class='av-share-box'><h5 class='av-share-link-description av-no-toc '>Compartir esta noticia<\/h5><ul class='av-share-box-list noLightbox'><li class='av-share-link av-social-link-facebook' ><a target=\"_blank\" aria-label=\"Compartir en Facebook\" href='https:\/\/www.facebook.com\/sharer.php?u=https:\/\/radiorevelacionfm.cl\/?p=12567&#038;t=Autoridad%20central%20visita%20instalaciones%20para%20la%20puesta%20en%20marcha%20del%20CFT%20Ays%C3%A9n' aria-hidden='false' data-av_icon='\ue8f3' data-av_iconfont='entypo-fontello' title='' data-avia-related-tooltip='Compartir en Facebook' rel=\"noopener\"><span class='avia_hidden_link_text'>Compartir en Facebook<\/span><\/a><\/li><li class='av-share-link av-social-link-twitter' ><a target=\"_blank\" aria-label=\"Compartir en Twitter\" href='https:\/\/twitter.com\/share?text=Autoridad%20central%20visita%20instalaciones%20para%20la%20puesta%20en%20marcha%20del%20CFT%20Ays%C3%A9n&#038;url=https:\/\/radiorevelacionfm.cl\/?p=12567' aria-hidden='false' data-av_icon='\ue8f1' data-av_iconfont='entypo-fontello' title='' data-avia-related-tooltip='Compartir en Twitter' rel=\"noopener\"><span class='avia_hidden_link_text'>Compartir en Twitter<\/span><\/a><\/li><li class='av-share-link av-social-link-whatsapp' ><a target=\"_blank\" aria-label=\"Compartir en Whatsapp\" href='https:\/\/api.whatsapp.com\/send?text=https:\/\/radiorevelacionfm.cl\/?p=12567' aria-hidden='false' data-av_icon='\uf232' data-av_iconfont='entypo-fontello' title='' data-avia-related-tooltip='Compartir en Whatsapp' rel=\"noopener\"><span class='avia_hidden_link_text'>Compartir en Whatsapp<\/span><\/a><\/li><li class='av-share-link av-social-link-linkedin' ><a target=\"_blank\" aria-label=\"Compartir en LinkedIn\" href='https:\/\/linkedin.com\/shareArticle?mini=true&#038;title=Autoridad%20central%20visita%20instalaciones%20para%20la%20puesta%20en%20marcha%20del%20CFT%20Ays%C3%A9n&#038;url=https:\/\/radiorevelacionfm.cl\/?p=12567' aria-hidden='false' data-av_icon='\ue8fc' data-av_iconfont='entypo-fontello' title='' data-avia-related-tooltip='Compartir en LinkedIn' rel=\"noopener\"><span class='avia_hidden_link_text'>Compartir en LinkedIn<\/span><\/a><\/li><li class='av-share-link av-social-link-mail' ><a  aria-label=\"Compartir por correo\" href='mailto:?subject=Autoridad%20central%20visita%20instalaciones%20para%20la%20puesta%20en%20marcha%20del%20CFT%20Ays%C3%A9n&#038;body=https:\/\/radiorevelacionfm.cl\/?p=12567' aria-hidden='false' data-av_icon='\ue805' data-av_iconfont='entypo-fontello' title='' data-avia-related-tooltip='Compartir por correo'><span class='avia_hidden_link_text'>Compartir por correo<\/span><\/a><\/li><\/ul><\/div><\/div>\n<div  style='height:50px' class='hr hr-invisible   avia-builder-el-8  el_after_av_social_share  el_before_av_comments_list '><span class='hr-inner ' ><span class='hr-inner-style'><\/span><\/span><\/div>\n<div  class='av-buildercomment  av-blog-meta-html-info-disabled av-blog-meta-tag-disabled  '><\/div>\n","protected":false},"excerpt":{"rendered":"","protected":false},"author":1,"featured_media":12568,"comment_status":"open","ping_status":"open","sticky":false,"template":"","format":"standard","meta":{"footnotes":""},"categories":[38],"tags":[],"class_list":["post-12567","post","type-post","status-publish","format-standard","has-post-thumbnail","hentry","category-regional"],"jetpack_featured_media_url":"https:\/\/radiorevelacionfm.cl\/wp-content\/uploads\/2022\/01\/270290350_4643221279138163_7246357824048943712_n-2.jpg","_links":{"self":[{"href":"https:\/\/radiorevelacionfm.cl\/index.php?rest_route=\/wp\/v2\/posts\/12567","targetHints":{"allow":["GET"]}}],"collection":[{"href":"https:\/\/radiorevelacionfm.cl\/index.php?rest_route=\/wp\/v2\/posts"}],"about":[{"href":"https:\/\/radiorevelacionfm.cl\/index.php?rest_route=\/wp\/v2\/types\/post"}],"author":[{"embeddable":true,"href":"https:\/\/radiorevelacionfm.cl\/index.php?rest_route=\/wp\/v2\/users\/1"}],"replies":[{"embeddable":true,"href":"https:\/\/radiorevelacionfm.cl\/index.php?rest_route=%2Fwp%2Fv2%2Fcomments&post=12567"}],"version-history":[{"count":2,"href":"https:\/\/radiorevelacionfm.cl\/index.php?rest_route=\/wp\/v2\/posts\/12567\/revisions"}],"predecessor-version":[{"id":12570,"href":"https:\/\/radiorevelacionfm.cl\/index.php?rest_route=\/wp\/v2\/posts\/12567\/revisions\/12570"}],"wp:featuredmedia":[{"embeddable":true,"href":"https:\/\/radiorevelacionfm.cl\/index.php?rest_route=\/wp\/v2\/media\/12568"}],"wp:attachment":[{"href":"https:\/\/radiorevelacionfm.cl\/index.php?rest_route=%2Fwp%2Fv2%2Fmedia&parent=12567"}],"wp:term":[{"taxonomy":"category","embeddable":true,"href":"https:\/\/radiorevelacionfm.cl\/index.php?rest_route=%2Fwp%2Fv2%2Fcategories&post=12567"},{"taxonomy":"post_tag","embeddable":true,"href":"https:\/\/radiorevelacionfm.cl\/index.php?rest_route=%2Fwp%2Fv2%2Ftags&post=12567"}],"curies":[{"name":"wp","href":"https:\/\/api.w.org\/{rel}","templated":true}]}}