{"id":12563,"date":"2022-01-06T20:45:07","date_gmt":"2022-01-06T23:45:07","guid":{"rendered":"https:\/\/radiorevelacionfm.cl\/?p=12563"},"modified":"2022-01-06T20:45:07","modified_gmt":"2022-01-06T23:45:07","slug":"senadores-ordenes-y-sandoval-confian-en-concrecion-de-la-unidad-de-hemodinamia-del-hospital-regional-coyhaique","status":"publish","type":"post","link":"https:\/\/radiorevelacionfm.cl\/?p=12563","title":{"rendered":"Senadores \u00d3rdenes y Sandoval conf\u00edan en concreci\u00f3n de la Unidad de Hemodinamia del Hospital Regional Coyhaique"},"content":{"rendered":"<div class=\"flex_column av_one_full  flex_column_div av-zero-column-padding first  avia-builder-el-0  el_before_av_one_full  avia-builder-el-first  \" style='border-radius:0px; '><div  class='avia-image-container  av-styling-    avia-builder-el-1  avia-builder-el-no-sibling  avia-align-center '  itemprop=\"image\" itemscope=\"itemscope\" itemtype=\"https:\/\/schema.org\/ImageObject\"  ><div class='avia-image-container-inner'><div class='avia-image-overlay-wrap'><img decoding=\"async\" class='wp-image-12564 avia-img-lazy-loading-not-12564 avia_image' src=\"https:\/\/radiorevelacionfm.cl\/wp-content\/uploads\/2022\/01\/senadores-Ordenes-y-sandoval-2-2_optimized.jpg\" alt='' title='senadores-\u00d3rdenes-y-sandoval-2-2_optimized' height=\"600\" width=\"900\"  itemprop=\"thumbnailUrl\" srcset=\"https:\/\/radiorevelacionfm.cl\/wp-content\/uploads\/2022\/01\/senadores-Ordenes-y-sandoval-2-2_optimized.jpg 900w, https:\/\/radiorevelacionfm.cl\/wp-content\/uploads\/2022\/01\/senadores-Ordenes-y-sandoval-2-2_optimized-300x200.jpg 300w, https:\/\/radiorevelacionfm.cl\/wp-content\/uploads\/2022\/01\/senadores-Ordenes-y-sandoval-2-2_optimized-768x512.jpg 768w, https:\/\/radiorevelacionfm.cl\/wp-content\/uploads\/2022\/01\/senadores-Ordenes-y-sandoval-2-2_optimized-705x470.jpg 705w, https:\/\/radiorevelacionfm.cl\/wp-content\/uploads\/2022\/01\/senadores-Ordenes-y-sandoval-2-2_optimized-600x400.jpg 600w\" sizes=\"(max-width: 900px) 100vw, 900px\" \/><\/div><\/div><\/div><\/div><div class=\"flex_column av_one_full  flex_column_div av-zero-column-padding first  avia-builder-el-2  el_after_av_one_full  el_before_av_one_full  column-top-margin\" style='border-radius:0px; '><section class=\"av_textblock_section \"  itemscope=\"itemscope\" itemtype=\"https:\/\/schema.org\/BlogPosting\" itemprop=\"blogPost\" ><div class='avia_textblock  '   itemprop=\"text\" ><p style=\"text-align: center;\"><strong><span style=\"font-size: 18pt;\">Senadores \u00d3rdenes y Sandoval conf\u00edan en concreci\u00f3n de la Unidad de Hemodinamia del Hospital Regional Coyhaique<\/span><\/strong><\/p>\n<div id=\"gtx-trans\" style=\"position: absolute; left: -50px; top: 4.31534px;\">\n<div class=\"gtx-trans-icon\"><\/div>\n<\/div>\n<\/div><\/section><\/div><div class=\"flex_column av_one_full  flex_column_div av-zero-column-padding first  avia-builder-el-4  el_after_av_one_full  el_before_av_hr  column-top-margin\" style='border-radius:0px; '><section class=\"av_textblock_section \"  itemscope=\"itemscope\" itemtype=\"https:\/\/schema.org\/BlogPosting\" itemprop=\"blogPost\" ><div class='avia_textblock  '   itemprop=\"text\" ><p style=\"text-align: justify;\">Los senadores Ximena \u00d3rdenes y David Sandoval manifestaron su confianza en que los equipos t\u00e9cnicos del Servicio de Salud Ays\u00e9n, avanzar\u00e1n r\u00e1pidamente en la concreci\u00f3n de la unidad de Hemodinamia del Hospital Regional de Coyhaique, a partir de la adquisici\u00f3n del angiografo, equipamiento indispensable para poner en marcha dicha unidad.<\/p>\n<p style=\"text-align: justify;\">En ese sentido, ambos parlamentarios enviaron en los \u00faltimos d\u00edas un oficio dirigido al director del SSA, Gabriel Burgos, a fin de conocer el estado de avance de esta iniciativa.<\/p>\n<p style=\"text-align: justify;\">Al respecto, la senadora \u00d3rdenes record\u00f3 que uno de los grandes desaf\u00edos que existe a nivel regional es avanzar en la agenda de salud, recordando el trabajo conjunto realizado con Sandoval para llegar a buen puerto con esta instancia. \u201cNos propusimos la meta de dotar a la regi\u00f3n de una unidad de hemodinia, de que la regi\u00f3n cuente con un angiografo. Hemos avanzado de manera significativa en ese aspecto\u201d, se\u00f1al\u00f3.<\/p>\n<p style=\"text-align: justify;\">En esa l\u00ednea, la parlamentaria dijo confiar en el trabajo que va a realizar el SSA para avanzar en esta materia. \u201cYo estoy confiada que el a\u00f1o 2022 va a ser el a\u00f1o en que Ays\u00e9n va a contar con un nuevo angiografo\u201d, recalc\u00f3.<\/p>\n<p style=\"text-align: justify;\">Lo anterior, pues record\u00f3 que las enfermedades cardiovasculares son una de las causas de muerte m\u00e1s importante en la regi\u00f3n, por lo tanto, enfatiz\u00f3 en la necesidad de contar con estrategias focalizadas y as\u00ed dar m\u00e1s espacio para que los especialistas cardi\u00f3logos \u201cpuedan tener mayor capacidad de acci\u00f3n frente a situaciones y enfermedades cardiovasculares\u201d.<\/p>\n<p style=\"text-align: justify;\">Por su parte, el senador Sandoval dijo compartir el anhelo y aspiraci\u00f3n de la regi\u00f3n por contar con esta implementaci\u00f3n, que es fundamental en materia sanitaria, considerando que los problemas card\u00edacos son una de las principales causas de muerte en la regi\u00f3n. \u201cEste equipamiento, que cuesta poco m\u00e1s de 2,5 millones de d\u00f3lares, cuenta con el compromiso financiero del Ministerio de Hacienda, con la pertinencia t\u00e9cnica del ministerio de Salud\u201d, explic\u00f3.<\/p>\n<p style=\"text-align: justify;\">Asimismo, agreg\u00f3: \u201cConfiamos que el equipo t\u00e9cnico del Servicio de Salud est\u00e1 poniendo todo su empe\u00f1o, est\u00e1 acelerando todas las acciones a fin de que este proyecto sea una realidad en el menor lapso posible\u201d, subray\u00f3.<\/p>\n<p style=\"text-align: justify;\">En este contexto, valor\u00f3 el trabajo parlamentario conjunto que se ha llevado adelante \u201cpara dar una soluci\u00f3n a un tema que no me cabe la menor duda va a servir significativamente a los pacientes\u201d.<\/p>\n<p style=\"text-align: justify;\">\u201cRespaldamos este tema y esperamos que el equipo t\u00e9cnico avance r\u00e1pidamente en este gran proyecto para la regi\u00f3n de Ays\u00e9n\u201d, agreg\u00f3 el legislador, quien tambi\u00e9n espera contar con esta unidad en el a\u00f1o 2022.<\/p>\n<p style=\"text-align: justify;\">Finalmente, ambos parlamentarios destacaron el trabajo y compromiso de los dos cardi\u00f3logos del hospital regional, los doctores Patricio Julio y Marcelo Reynaud.<\/p>\n<\/div><\/section><\/div><div  style='height:50px' class='hr hr-invisible   avia-builder-el-6  el_after_av_one_full  el_before_av_social_share '><span class='hr-inner ' ><span class='hr-inner-style'><\/span><\/span><\/div><\/p>\n<div  class='av-social-sharing-box  avia-builder-el-7  el_after_av_hr  el_before_av_hr  '><div class='av-share-box'><h5 class='av-share-link-description av-no-toc '>Compartir esta noticia<\/h5><ul class='av-share-box-list noLightbox'><li class='av-share-link av-social-link-facebook' ><a target=\"_blank\" aria-label=\"Compartir en Facebook\" href='https:\/\/www.facebook.com\/sharer.php?u=https:\/\/radiorevelacionfm.cl\/?p=12563&#038;t=Senadores%20%C3%93rdenes%20y%20Sandoval%20conf%C3%ADan%20en%20concreci%C3%B3n%20de%20la%20Unidad%20de%20Hemodinamia%20del%20Hospital%20Regional%20Coyhaique' aria-hidden='false' data-av_icon='\ue8f3' data-av_iconfont='entypo-fontello' title='' data-avia-related-tooltip='Compartir en Facebook' rel=\"noopener\"><span class='avia_hidden_link_text'>Compartir en Facebook<\/span><\/a><\/li><li class='av-share-link av-social-link-twitter' ><a target=\"_blank\" aria-label=\"Compartir en Twitter\" href='https:\/\/twitter.com\/share?text=Senadores%20%C3%93rdenes%20y%20Sandoval%20conf%C3%ADan%20en%20concreci%C3%B3n%20de%20la%20Unidad%20de%20Hemodinamia%20del%20Hospital%20Regional%20Coyhaique&#038;url=https:\/\/radiorevelacionfm.cl\/?p=12563' aria-hidden='false' data-av_icon='\ue8f1' data-av_iconfont='entypo-fontello' title='' data-avia-related-tooltip='Compartir en Twitter' rel=\"noopener\"><span class='avia_hidden_link_text'>Compartir en Twitter<\/span><\/a><\/li><li class='av-share-link av-social-link-whatsapp' ><a target=\"_blank\" aria-label=\"Compartir en Whatsapp\" href='https:\/\/api.whatsapp.com\/send?text=https:\/\/radiorevelacionfm.cl\/?p=12563' aria-hidden='false' data-av_icon='\uf232' data-av_iconfont='entypo-fontello' title='' data-avia-related-tooltip='Compartir en Whatsapp' rel=\"noopener\"><span class='avia_hidden_link_text'>Compartir en Whatsapp<\/span><\/a><\/li><li class='av-share-link av-social-link-linkedin' ><a target=\"_blank\" aria-label=\"Compartir en LinkedIn\" href='https:\/\/linkedin.com\/shareArticle?mini=true&#038;title=Senadores%20%C3%93rdenes%20y%20Sandoval%20conf%C3%ADan%20en%20concreci%C3%B3n%20de%20la%20Unidad%20de%20Hemodinamia%20del%20Hospital%20Regional%20Coyhaique&#038;url=https:\/\/radiorevelacionfm.cl\/?p=12563' aria-hidden='false' data-av_icon='\ue8fc' data-av_iconfont='entypo-fontello' title='' data-avia-related-tooltip='Compartir en LinkedIn' rel=\"noopener\"><span class='avia_hidden_link_text'>Compartir en LinkedIn<\/span><\/a><\/li><li class='av-share-link av-social-link-mail' ><a  aria-label=\"Compartir por correo\" href='mailto:?subject=Senadores%20%C3%93rdenes%20y%20Sandoval%20conf%C3%ADan%20en%20concreci%C3%B3n%20de%20la%20Unidad%20de%20Hemodinamia%20del%20Hospital%20Regional%20Coyhaique&#038;body=https:\/\/radiorevelacionfm.cl\/?p=12563' aria-hidden='false' data-av_icon='\ue805' data-av_iconfont='entypo-fontello' title='' data-avia-related-tooltip='Compartir por correo'><span class='avia_hidden_link_text'>Compartir por correo<\/span><\/a><\/li><\/ul><\/div><\/div>\n<div  style='height:50px' class='hr hr-invisible   avia-builder-el-8  el_after_av_social_share  el_before_av_comments_list '><span class='hr-inner ' ><span class='hr-inner-style'><\/span><\/span><\/div>\n<div  class='av-buildercomment  av-blog-meta-html-info-disabled av-blog-meta-tag-disabled  '><\/div>\n","protected":false},"excerpt":{"rendered":"","protected":false},"author":1,"featured_media":12564,"comment_status":"open","ping_status":"open","sticky":false,"template":"","format":"standard","meta":{"footnotes":""},"categories":[35],"tags":[],"class_list":["post-12563","post","type-post","status-publish","format-standard","has-post-thumbnail","hentry","category-politica"],"jetpack_featured_media_url":"https:\/\/radiorevelacionfm.cl\/wp-content\/uploads\/2022\/01\/senadores-Ordenes-y-sandoval-2-2_optimized.jpg","_links":{"self":[{"href":"https:\/\/radiorevelacionfm.cl\/index.php?rest_route=\/wp\/v2\/posts\/12563","targetHints":{"allow":["GET"]}}],"collection":[{"href":"https:\/\/radiorevelacionfm.cl\/index.php?rest_route=\/wp\/v2\/posts"}],"about":[{"href":"https:\/\/radiorevelacionfm.cl\/index.php?rest_route=\/wp\/v2\/types\/post"}],"author":[{"embeddable":true,"href":"https:\/\/radiorevelacionfm.cl\/index.php?rest_route=\/wp\/v2\/users\/1"}],"replies":[{"embeddable":true,"href":"https:\/\/radiorevelacionfm.cl\/index.php?rest_route=%2Fwp%2Fv2%2Fcomments&post=12563"}],"version-history":[{"count":2,"href":"https:\/\/radiorevelacionfm.cl\/index.php?rest_route=\/wp\/v2\/posts\/12563\/revisions"}],"predecessor-version":[{"id":12566,"href":"https:\/\/radiorevelacionfm.cl\/index.php?rest_route=\/wp\/v2\/posts\/12563\/revisions\/12566"}],"wp:featuredmedia":[{"embeddable":true,"href":"https:\/\/radiorevelacionfm.cl\/index.php?rest_route=\/wp\/v2\/media\/12564"}],"wp:attachment":[{"href":"https:\/\/radiorevelacionfm.cl\/index.php?rest_route=%2Fwp%2Fv2%2Fmedia&parent=12563"}],"wp:term":[{"taxonomy":"category","embeddable":true,"href":"https:\/\/radiorevelacionfm.cl\/index.php?rest_route=%2Fwp%2Fv2%2Fcategories&post=12563"},{"taxonomy":"post_tag","embeddable":true,"href":"https:\/\/radiorevelacionfm.cl\/index.php?rest_route=%2Fwp%2Fv2%2Ftags&post=12563"}],"curies":[{"name":"wp","href":"https:\/\/api.w.org\/{rel}","templated":true}]}}