{"id":12560,"date":"2022-01-07T10:37:57","date_gmt":"2022-01-07T13:37:57","guid":{"rendered":"https:\/\/radiorevelacionfm.cl\/?p=12560"},"modified":"2022-01-07T10:37:57","modified_gmt":"2022-01-07T13:37:57","slug":"equipos-educativos-de-integra-se-preparan-para-vacaciones-en-mi-jardin-2022","status":"publish","type":"post","link":"https:\/\/radiorevelacionfm.cl\/?p=12560","title":{"rendered":"Equipos educativos de Integra se preparan para Vacaciones en Mi Jard\u00edn 2022"},"content":{"rendered":"<div class=\"flex_column av_one_full  flex_column_div av-zero-column-padding first  avia-builder-el-0  el_before_av_one_full  avia-builder-el-first  \" style='border-radius:0px; '><div  class='avia-image-container  av-styling-    avia-builder-el-1  avia-builder-el-no-sibling  avia-align-center '  itemprop=\"image\" itemscope=\"itemscope\" itemtype=\"https:\/\/schema.org\/ImageObject\"  ><div class='avia-image-container-inner'><div class='avia-image-overlay-wrap'><img decoding=\"async\" class='wp-image-12561 avia-img-lazy-loading-not-12561 avia_image' src=\"https:\/\/radiorevelacionfm.cl\/wp-content\/uploads\/2022\/01\/1-5-3-2.jpg\" alt='' title='1-5-3-2' height=\"600\" width=\"899\"  itemprop=\"thumbnailUrl\" srcset=\"https:\/\/radiorevelacionfm.cl\/wp-content\/uploads\/2022\/01\/1-5-3-2.jpg 899w, https:\/\/radiorevelacionfm.cl\/wp-content\/uploads\/2022\/01\/1-5-3-2-300x200.jpg 300w, https:\/\/radiorevelacionfm.cl\/wp-content\/uploads\/2022\/01\/1-5-3-2-768x513.jpg 768w, https:\/\/radiorevelacionfm.cl\/wp-content\/uploads\/2022\/01\/1-5-3-2-705x471.jpg 705w, https:\/\/radiorevelacionfm.cl\/wp-content\/uploads\/2022\/01\/1-5-3-2-600x400.jpg 600w\" sizes=\"(max-width: 899px) 100vw, 899px\" \/><\/div><\/div><\/div><\/div><div class=\"flex_column av_one_full  flex_column_div av-zero-column-padding first  avia-builder-el-2  el_after_av_one_full  el_before_av_one_full  column-top-margin\" style='border-radius:0px; '><section class=\"av_textblock_section \"  itemscope=\"itemscope\" itemtype=\"https:\/\/schema.org\/BlogPosting\" itemprop=\"blogPost\" ><div class='avia_textblock  '   itemprop=\"text\" ><p style=\"text-align: center;\"><strong><span style=\"font-size: 18pt;\">Equipos educativos de Integra se preparan para Vacaciones en Mi Jard\u00edn 2022<\/span><\/strong><\/p>\n<div id=\"gtx-trans\" style=\"position: absolute; left: -50px; top: 4.31534px;\">\n<div class=\"gtx-trans-icon\"><\/div>\n<\/div>\n<\/div><\/section><\/div><div class=\"flex_column av_one_full  flex_column_div av-zero-column-padding first  avia-builder-el-4  el_after_av_one_full  el_before_av_hr  column-top-margin\" style='border-radius:0px; '><section class=\"av_textblock_section \"  itemscope=\"itemscope\" itemtype=\"https:\/\/schema.org\/BlogPosting\" itemprop=\"blogPost\" ><div class='avia_textblock  '   itemprop=\"text\" ><p style=\"text-align: justify;\">Fundaci\u00f3n Integra ya se prepara para desarrollar el Programa Vacaciones en Mi Jard\u00edn (VMJ), durante los meses de enero y febrero el cual se encuentra dirigido a ni\u00f1os y ni\u00f1as entre los tres meses a cinco a\u00f1os de edad y cuyas familias viven en situaci\u00f3n de vulnerabilidad social, preferentemente hijos e hijas de madres que trabajan.<\/p>\n<p style=\"text-align: justify;\">La directora regional de Fundaci\u00f3n Integra, Isabel Roncallo Fandi\u00f1o destac\u00f3 que \u201cel objetivo de este programa est\u00e1 en ofrecer a las ni\u00f1as y ni\u00f1os un espacio recreativo-vacacional, en un marco de seguridad y bienestar durante los meses en que los jardines infantiles interrumpen su funcionamiento\u201d. A la vez recalc\u00f3 que \u201cestamos cumpliendo todos los protocolos de seguridad por COVID 19 por lo que invitamos a las familias a llevar a sus hijos a este programa vacacional\u201d.<\/p>\n<p style=\"text-align: justify;\">Para la implementaci\u00f3n de dicho programa, Integra est\u00e1 desarrollando una capacitaci\u00f3n dirigida a Directoras, Educadoras y Agentes Educativas las que consideran una propuesta t\u00e9cnica la que puede ser adaptada a las necesidades particulares de cada establecimiento, resguardando los objetivos y caracter\u00edsticas b\u00e1sicas del Programa Vacaciones en mi Jard\u00edn.<\/p>\n<p style=\"text-align: justify;\">El jefe de Cobertura y Proyectos regional, Ricardo Hinojosa recalc\u00f3 que \u201ceste un servicio que pretende dar respuesta a las necesidades de las familias cuyos hijos e hijas requieren de una atenci\u00f3n adecuada y oportuna de acuerdo a sus caracter\u00edsticas, promoviendo e intencionando actividades l\u00fadicas, en un marco de interacciones positivas, que favorezcan el protagonismo y bienestar integral\u201d.<\/p>\n<p style=\"text-align: justify;\">Es importante se\u00f1alar que Vacaciones en Mi Jard\u00edn retomar\u00e1 esta modalidad, luego que el 2021 se viera afectada por la pandemia, reduciendo su cobertura, niveles de atenci\u00f3n y fuera reemplazada por el env\u00edo de material educativo a los p\u00e1rvulos en sus casas.<\/p>\n<p style=\"text-align: justify;\">\u201cEsta capacitaci\u00f3n en el \u00e1mbito educativo, es dise\u00f1ada por la Direcci\u00f3n Nacional de Educaci\u00f3n, y tiene como objetivo desarrollar competencias t\u00e9cnicas en este equipo a nivel de conocimientos, procedimientos y actitudes relacionadas con los principios, caracter\u00edsticas y lineamientos del Programa Vacaciones en mi Jard\u00edn\u201d, explic\u00f3 la directora regional.<\/p>\n<p style=\"text-align: justify;\">Integra pertenece a la Red de Fundaciones de la Presidencia de la Rep\u00fablica. Con 31 a\u00f1os de experiencia, cuenta con m\u00e1s de 1.230 jardines infantiles y salas cuna gratuitos a los que asisten m\u00e1s de 91 mil ni\u00f1os y ni\u00f1as en todo Chile.<\/p>\n<p style=\"text-align: justify;\">De antemano\u00a0muchas gracias por el constante apoyo en la difusi\u00f3n de estas acciones que tiene por objetivo entregar\u00a0educaci\u00f3n de calidad a las ni\u00f1as y ni\u00f1os de la regi\u00f3n.<\/p>\n<\/div><\/section><\/div><div  style='height:50px' class='hr hr-invisible   avia-builder-el-6  el_after_av_one_full  el_before_av_social_share '><span class='hr-inner ' ><span class='hr-inner-style'><\/span><\/span><\/div><\/p>\n<div  class='av-social-sharing-box  avia-builder-el-7  el_after_av_hr  el_before_av_hr  '><div class='av-share-box'><h5 class='av-share-link-description av-no-toc '>Compartir esta noticia<\/h5><ul class='av-share-box-list noLightbox'><li class='av-share-link av-social-link-facebook' ><a target=\"_blank\" aria-label=\"Compartir en Facebook\" href='https:\/\/www.facebook.com\/sharer.php?u=https:\/\/radiorevelacionfm.cl\/?p=12560&#038;t=Equipos%20educativos%20de%20Integra%20se%20preparan%20para%20Vacaciones%20en%20Mi%20Jard%C3%ADn%202022' aria-hidden='false' data-av_icon='\ue8f3' data-av_iconfont='entypo-fontello' title='' data-avia-related-tooltip='Compartir en Facebook' rel=\"noopener\"><span class='avia_hidden_link_text'>Compartir en Facebook<\/span><\/a><\/li><li class='av-share-link av-social-link-twitter' ><a target=\"_blank\" aria-label=\"Compartir en Twitter\" href='https:\/\/twitter.com\/share?text=Equipos%20educativos%20de%20Integra%20se%20preparan%20para%20Vacaciones%20en%20Mi%20Jard%C3%ADn%202022&#038;url=https:\/\/radiorevelacionfm.cl\/?p=12560' aria-hidden='false' data-av_icon='\ue8f1' data-av_iconfont='entypo-fontello' title='' data-avia-related-tooltip='Compartir en Twitter' rel=\"noopener\"><span class='avia_hidden_link_text'>Compartir en Twitter<\/span><\/a><\/li><li class='av-share-link av-social-link-whatsapp' ><a target=\"_blank\" aria-label=\"Compartir en Whatsapp\" href='https:\/\/api.whatsapp.com\/send?text=https:\/\/radiorevelacionfm.cl\/?p=12560' aria-hidden='false' data-av_icon='\uf232' data-av_iconfont='entypo-fontello' title='' data-avia-related-tooltip='Compartir en Whatsapp' rel=\"noopener\"><span class='avia_hidden_link_text'>Compartir en Whatsapp<\/span><\/a><\/li><li class='av-share-link av-social-link-linkedin' ><a target=\"_blank\" aria-label=\"Compartir en LinkedIn\" href='https:\/\/linkedin.com\/shareArticle?mini=true&#038;title=Equipos%20educativos%20de%20Integra%20se%20preparan%20para%20Vacaciones%20en%20Mi%20Jard%C3%ADn%202022&#038;url=https:\/\/radiorevelacionfm.cl\/?p=12560' aria-hidden='false' data-av_icon='\ue8fc' data-av_iconfont='entypo-fontello' title='' data-avia-related-tooltip='Compartir en LinkedIn' rel=\"noopener\"><span class='avia_hidden_link_text'>Compartir en LinkedIn<\/span><\/a><\/li><li class='av-share-link av-social-link-mail' ><a  aria-label=\"Compartir por correo\" href='mailto:?subject=Equipos%20educativos%20de%20Integra%20se%20preparan%20para%20Vacaciones%20en%20Mi%20Jard%C3%ADn%202022&#038;body=https:\/\/radiorevelacionfm.cl\/?p=12560' aria-hidden='false' data-av_icon='\ue805' data-av_iconfont='entypo-fontello' title='' data-avia-related-tooltip='Compartir por correo'><span class='avia_hidden_link_text'>Compartir por correo<\/span><\/a><\/li><\/ul><\/div><\/div>\n<div  style='height:50px' class='hr hr-invisible   avia-builder-el-8  el_after_av_social_share  el_before_av_comments_list '><span class='hr-inner ' ><span class='hr-inner-style'><\/span><\/span><\/div>\n<div  class='av-buildercomment  av-blog-meta-html-info-disabled av-blog-meta-tag-disabled  '><\/div>\n","protected":false},"excerpt":{"rendered":"","protected":false},"author":1,"featured_media":12561,"comment_status":"open","ping_status":"open","sticky":false,"template":"","format":"standard","meta":{"footnotes":""},"categories":[49],"tags":[],"class_list":["post-12560","post","type-post","status-publish","format-standard","has-post-thumbnail","hentry","category-educacion"],"jetpack_featured_media_url":"https:\/\/radiorevelacionfm.cl\/wp-content\/uploads\/2022\/01\/1-5-3-2.jpg","_links":{"self":[{"href":"https:\/\/radiorevelacionfm.cl\/index.php?rest_route=\/wp\/v2\/posts\/12560","targetHints":{"allow":["GET"]}}],"collection":[{"href":"https:\/\/radiorevelacionfm.cl\/index.php?rest_route=\/wp\/v2\/posts"}],"about":[{"href":"https:\/\/radiorevelacionfm.cl\/index.php?rest_route=\/wp\/v2\/types\/post"}],"author":[{"embeddable":true,"href":"https:\/\/radiorevelacionfm.cl\/index.php?rest_route=\/wp\/v2\/users\/1"}],"replies":[{"embeddable":true,"href":"https:\/\/radiorevelacionfm.cl\/index.php?rest_route=%2Fwp%2Fv2%2Fcomments&post=12560"}],"version-history":[{"count":2,"href":"https:\/\/radiorevelacionfm.cl\/index.php?rest_route=\/wp\/v2\/posts\/12560\/revisions"}],"predecessor-version":[{"id":12571,"href":"https:\/\/radiorevelacionfm.cl\/index.php?rest_route=\/wp\/v2\/posts\/12560\/revisions\/12571"}],"wp:featuredmedia":[{"embeddable":true,"href":"https:\/\/radiorevelacionfm.cl\/index.php?rest_route=\/wp\/v2\/media\/12561"}],"wp:attachment":[{"href":"https:\/\/radiorevelacionfm.cl\/index.php?rest_route=%2Fwp%2Fv2%2Fmedia&parent=12560"}],"wp:term":[{"taxonomy":"category","embeddable":true,"href":"https:\/\/radiorevelacionfm.cl\/index.php?rest_route=%2Fwp%2Fv2%2Fcategories&post=12560"},{"taxonomy":"post_tag","embeddable":true,"href":"https:\/\/radiorevelacionfm.cl\/index.php?rest_route=%2Fwp%2Fv2%2Ftags&post=12560"}],"curies":[{"name":"wp","href":"https:\/\/api.w.org\/{rel}","templated":true}]}}