{"id":12514,"date":"2022-01-05T17:20:24","date_gmt":"2022-01-05T20:20:24","guid":{"rendered":"https:\/\/radiorevelacionfm.cl\/?p=12514"},"modified":"2022-01-05T17:20:24","modified_gmt":"2022-01-05T20:20:24","slug":"gestiones-del-diputado-calisto-permiten-la-confirmacion-de-un-terreno-para-comite-mirando-hacia-el-futuro-de-puerto-aysen","status":"publish","type":"post","link":"https:\/\/radiorevelacionfm.cl\/?p=12514","title":{"rendered":"Gestiones del diputado Calisto permiten la confirmaci\u00f3n de un terreno para comit\u00e9 Mirando Hacia el Futuro de Puerto Ays\u00e9n"},"content":{"rendered":"<div class=\"flex_column av_one_full  flex_column_div av-zero-column-padding first  avia-builder-el-0  el_before_av_one_full  avia-builder-el-first  \" style='border-radius:0px; '><div  class='avia-image-container  av-styling-    avia-builder-el-1  avia-builder-el-no-sibling  avia-align-center '  itemprop=\"image\" itemscope=\"itemscope\" itemtype=\"https:\/\/schema.org\/ImageObject\"  ><div class='avia-image-container-inner'><div class='avia-image-overlay-wrap'><img decoding=\"async\" class='wp-image-12515 avia-img-lazy-loading-not-12515 avia_image' src=\"https:\/\/radiorevelacionfm.cl\/wp-content\/uploads\/2022\/01\/image-19-2.jpg\" alt='' title='image-19-2' height=\"600\" width=\"1101\"  itemprop=\"thumbnailUrl\" srcset=\"https:\/\/radiorevelacionfm.cl\/wp-content\/uploads\/2022\/01\/image-19-2.jpg 1101w, https:\/\/radiorevelacionfm.cl\/wp-content\/uploads\/2022\/01\/image-19-2-300x163.jpg 300w, https:\/\/radiorevelacionfm.cl\/wp-content\/uploads\/2022\/01\/image-19-2-1030x561.jpg 1030w, https:\/\/radiorevelacionfm.cl\/wp-content\/uploads\/2022\/01\/image-19-2-768x419.jpg 768w, https:\/\/radiorevelacionfm.cl\/wp-content\/uploads\/2022\/01\/image-19-2-705x384.jpg 705w, https:\/\/radiorevelacionfm.cl\/wp-content\/uploads\/2022\/01\/image-19-2-600x327.jpg 600w\" sizes=\"(max-width: 1101px) 100vw, 1101px\" \/><\/div><\/div><\/div><\/div><div class=\"flex_column av_one_full  flex_column_div av-zero-column-padding first  avia-builder-el-2  el_after_av_one_full  el_before_av_one_full  column-top-margin\" style='border-radius:0px; '><section class=\"av_textblock_section \"  itemscope=\"itemscope\" itemtype=\"https:\/\/schema.org\/BlogPosting\" itemprop=\"blogPost\" ><div class='avia_textblock  '   itemprop=\"text\" ><p style=\"text-align: center;\"><span style=\"font-size: 18pt;\"><strong>Gestiones del diputado Calisto permiten la confirmaci\u00f3n de un terreno para comit\u00e9 Mirando Hacia el Futuro de Puerto Ays\u00e9n<\/strong><\/span><\/p>\n<div id=\"gtx-trans\" style=\"position: absolute; left: -50px; top: 4.31534px;\">\n<div class=\"gtx-trans-icon\"><\/div>\n<\/div>\n<\/div><\/section><\/div><div class=\"flex_column av_one_full  flex_column_div av-zero-column-padding first  avia-builder-el-4  el_after_av_one_full  el_before_av_hr  column-top-margin\" style='border-radius:0px; '><section class=\"av_textblock_section \"  itemscope=\"itemscope\" itemtype=\"https:\/\/schema.org\/BlogPosting\" itemprop=\"blogPost\" ><div class='avia_textblock  '   itemprop=\"text\" ><p style=\"text-align: justify;\">Luego de participar activamente en las reuniones que permitieron destrabar el conflicto que exist\u00eda con el comit\u00e9 Calafate Patag\u00f3n de Puerto Ays\u00e9n, el diputado Miguel \u00c1ngel Calisto se reuni\u00f3 con los dirigentes y socios del comit\u00e9 Mirando Hacia el Futuro, a quienes ayud\u00f3 con distintas gestiones, las que permitieron que el Director de Serviu firmara un documento donde se compromete un terreno para la agrupaci\u00f3n.<\/p>\n<p style=\"text-align: justify;\">Seg\u00fan el diputado Calisto, \u201chemos acompa\u00f1ado al comit\u00e9 Mirando Hacia el Futuro, un comit\u00e9 de Puerto Ays\u00e9n que hoy en d\u00eda tienen el compromiso del Serviu para la compra de un terreno, lo que claramente es un paso importante. Enviamos un oficio directamente desde la C\u00e1mara de Diputados, enviado al Ministerio de Vivienda y al Director de Serviu, para que se comprometa formalmente a traspasar este terreno directamente al comit\u00e9\u201d.<\/p>\n<p style=\"text-align: justify;\">\u201cEllos ya teniendo terreno, junto a la entidad patrocinante podr\u00e1n postular a los subisidios y de ah\u00ed podr\u00edan comenzar a construir sus viviendas. Es lamentable que los socios y dirigentes tengan que llegar a este nivel de presi\u00f3n para que sean escuchados por las autoridades del Serviu. Existe una excesiva burocracia, es el gran problema que tiene el Estado, especialmente en materia de vivienda. Estamos hablando que las familias pagan arriendo, viven de allegados, en casas en mal estado, con goteras y humedad\u201d, indic\u00f3 el legislador.<\/p>\n<p style=\"text-align: justify;\">Calisto agreg\u00f3 que \u201cla vivienda es lo m\u00e1s importante a lo que debiera aspirar una familia, porque de esa manera se le da seguridad a los ni\u00f1os y a toda la familia. Todos los actores pol\u00edticos, independiente de su posici\u00f3n, debemos trabajar para esto. Estas son 18 familias de Puerto Ays\u00e9n, a las cuales vamos a apoyar en todo lo que podamos\u201d.<\/p>\n<p style=\"text-align: justify;\">Seg\u00fan Carolina Silva, presidenta del comit\u00e9, \u201cnosotros empezamos hace poco a trabajar con el diputado Calisto. Hace seis a\u00f1os estamos esperando por nuestra casa propia, nos han cambiado de un terreno a otro. Gracias a dios, el diputado y la se\u00f1ora M\u00f3nica Navarrete nos han brindado todo su apoyo. El Serviu nos entreg\u00f3 la carta de compromiso donde se confirma que se nos entrega un terreno\u201d.<\/p>\n<p style=\"text-align: justify;\">Finalmente, la dirigenta asegur\u00f3 que \u201cquedamos muy contentos y agradecidos con Miguel \u00c1ngel Calisto, tenemos todas las esperanzas y expectativas para que esto fluya r\u00e1pidamente para que tengamos nuestros terrenos cuanto antes\u201d.<\/p>\n<\/div><\/section><\/div><div  style='height:50px' class='hr hr-invisible   avia-builder-el-6  el_after_av_one_full  el_before_av_social_share '><span class='hr-inner ' ><span class='hr-inner-style'><\/span><\/span><\/div><\/p>\n<div  class='av-social-sharing-box  avia-builder-el-7  el_after_av_hr  el_before_av_hr  '><div class='av-share-box'><h5 class='av-share-link-description av-no-toc '>Compartir esta noticia<\/h5><ul class='av-share-box-list noLightbox'><li class='av-share-link av-social-link-facebook' ><a target=\"_blank\" aria-label=\"Compartir en Facebook\" href='https:\/\/www.facebook.com\/sharer.php?u=https:\/\/radiorevelacionfm.cl\/?p=12514&#038;t=Gestiones%20del%20diputado%20Calisto%20permiten%20la%20confirmaci%C3%B3n%20de%20un%20terreno%20para%20comit%C3%A9%20Mirando%20Hacia%20el%20Futuro%20de%20Puerto%20Ays%C3%A9n' aria-hidden='false' data-av_icon='\ue8f3' data-av_iconfont='entypo-fontello' title='' data-avia-related-tooltip='Compartir en Facebook' rel=\"noopener\"><span class='avia_hidden_link_text'>Compartir en Facebook<\/span><\/a><\/li><li class='av-share-link av-social-link-twitter' ><a target=\"_blank\" aria-label=\"Compartir en Twitter\" href='https:\/\/twitter.com\/share?text=Gestiones%20del%20diputado%20Calisto%20permiten%20la%20confirmaci%C3%B3n%20de%20un%20terreno%20para%20comit%C3%A9%20Mirando%20Hacia%20el%20Futuro%20de%20Puerto%20Ays%C3%A9n&#038;url=https:\/\/radiorevelacionfm.cl\/?p=12514' aria-hidden='false' data-av_icon='\ue8f1' data-av_iconfont='entypo-fontello' title='' data-avia-related-tooltip='Compartir en Twitter' rel=\"noopener\"><span class='avia_hidden_link_text'>Compartir en Twitter<\/span><\/a><\/li><li class='av-share-link av-social-link-whatsapp' ><a target=\"_blank\" aria-label=\"Compartir en Whatsapp\" href='https:\/\/api.whatsapp.com\/send?text=https:\/\/radiorevelacionfm.cl\/?p=12514' aria-hidden='false' data-av_icon='\uf232' data-av_iconfont='entypo-fontello' title='' data-avia-related-tooltip='Compartir en Whatsapp' rel=\"noopener\"><span class='avia_hidden_link_text'>Compartir en Whatsapp<\/span><\/a><\/li><li class='av-share-link av-social-link-linkedin' ><a target=\"_blank\" aria-label=\"Compartir en LinkedIn\" href='https:\/\/linkedin.com\/shareArticle?mini=true&#038;title=Gestiones%20del%20diputado%20Calisto%20permiten%20la%20confirmaci%C3%B3n%20de%20un%20terreno%20para%20comit%C3%A9%20Mirando%20Hacia%20el%20Futuro%20de%20Puerto%20Ays%C3%A9n&#038;url=https:\/\/radiorevelacionfm.cl\/?p=12514' aria-hidden='false' data-av_icon='\ue8fc' data-av_iconfont='entypo-fontello' title='' data-avia-related-tooltip='Compartir en LinkedIn' rel=\"noopener\"><span class='avia_hidden_link_text'>Compartir en LinkedIn<\/span><\/a><\/li><li class='av-share-link av-social-link-mail' ><a  aria-label=\"Compartir por correo\" href='mailto:?subject=Gestiones%20del%20diputado%20Calisto%20permiten%20la%20confirmaci%C3%B3n%20de%20un%20terreno%20para%20comit%C3%A9%20Mirando%20Hacia%20el%20Futuro%20de%20Puerto%20Ays%C3%A9n&#038;body=https:\/\/radiorevelacionfm.cl\/?p=12514' aria-hidden='false' data-av_icon='\ue805' data-av_iconfont='entypo-fontello' title='' data-avia-related-tooltip='Compartir por correo'><span class='avia_hidden_link_text'>Compartir por correo<\/span><\/a><\/li><\/ul><\/div><\/div>\n<div  style='height:50px' class='hr hr-invisible   avia-builder-el-8  el_after_av_social_share  el_before_av_comments_list '><span class='hr-inner ' ><span class='hr-inner-style'><\/span><\/span><\/div>\n<div  class='av-buildercomment  av-blog-meta-html-info-disabled av-blog-meta-tag-disabled  '><\/div>\n","protected":false},"excerpt":{"rendered":"","protected":false},"author":1,"featured_media":12515,"comment_status":"open","ping_status":"open","sticky":false,"template":"","format":"standard","meta":{"footnotes":""},"categories":[35],"tags":[],"class_list":["post-12514","post","type-post","status-publish","format-standard","has-post-thumbnail","hentry","category-politica"],"jetpack_featured_media_url":"https:\/\/radiorevelacionfm.cl\/wp-content\/uploads\/2022\/01\/image-19-2.jpg","_links":{"self":[{"href":"https:\/\/radiorevelacionfm.cl\/index.php?rest_route=\/wp\/v2\/posts\/12514","targetHints":{"allow":["GET"]}}],"collection":[{"href":"https:\/\/radiorevelacionfm.cl\/index.php?rest_route=\/wp\/v2\/posts"}],"about":[{"href":"https:\/\/radiorevelacionfm.cl\/index.php?rest_route=\/wp\/v2\/types\/post"}],"author":[{"embeddable":true,"href":"https:\/\/radiorevelacionfm.cl\/index.php?rest_route=\/wp\/v2\/users\/1"}],"replies":[{"embeddable":true,"href":"https:\/\/radiorevelacionfm.cl\/index.php?rest_route=%2Fwp%2Fv2%2Fcomments&post=12514"}],"version-history":[{"count":2,"href":"https:\/\/radiorevelacionfm.cl\/index.php?rest_route=\/wp\/v2\/posts\/12514\/revisions"}],"predecessor-version":[{"id":12517,"href":"https:\/\/radiorevelacionfm.cl\/index.php?rest_route=\/wp\/v2\/posts\/12514\/revisions\/12517"}],"wp:featuredmedia":[{"embeddable":true,"href":"https:\/\/radiorevelacionfm.cl\/index.php?rest_route=\/wp\/v2\/media\/12515"}],"wp:attachment":[{"href":"https:\/\/radiorevelacionfm.cl\/index.php?rest_route=%2Fwp%2Fv2%2Fmedia&parent=12514"}],"wp:term":[{"taxonomy":"category","embeddable":true,"href":"https:\/\/radiorevelacionfm.cl\/index.php?rest_route=%2Fwp%2Fv2%2Fcategories&post=12514"},{"taxonomy":"post_tag","embeddable":true,"href":"https:\/\/radiorevelacionfm.cl\/index.php?rest_route=%2Fwp%2Fv2%2Ftags&post=12514"}],"curies":[{"name":"wp","href":"https:\/\/api.w.org\/{rel}","templated":true}]}}