{"id":12511,"date":"2022-01-05T15:04:08","date_gmt":"2022-01-05T18:04:08","guid":{"rendered":"https:\/\/radiorevelacionfm.cl\/?p=12511"},"modified":"2022-01-05T15:04:08","modified_gmt":"2022-01-05T18:04:08","slug":"corte-acoge-recurso-de-amparo-y-deja-sin-efecto-expulsion-de-ciudadana-dominicana-y-su-hijo-chileno","status":"publish","type":"post","link":"https:\/\/radiorevelacionfm.cl\/?p=12511","title":{"rendered":"Corte acoge recurso de amparo y deja sin efecto expulsi\u00f3n de ciudadana dominicana y su hijo chileno"},"content":{"rendered":"<div class=\"flex_column av_one_full  flex_column_div av-zero-column-padding first  avia-builder-el-0  el_before_av_one_full  avia-builder-el-first  \" style='border-radius:0px; '><div  class='avia-image-container  av-styling-    avia-builder-el-1  avia-builder-el-no-sibling  avia-align-center '  itemprop=\"image\" itemscope=\"itemscope\" itemtype=\"https:\/\/schema.org\/ImageObject\"  ><div class='avia-image-container-inner'><div class='avia-image-overlay-wrap'><img decoding=\"async\" class='wp-image-6281 avia-img-lazy-loading-not-6281 avia_image' src=\"https:\/\/radiorevelacionfm.cl\/wp-content\/uploads\/2021\/07\/Foto-02-Corte-Coyhaique-1-1.jpg\" alt='' title='Foto 02 Corte Coyhaique (1) (1)' height=\"600\" width=\"900\"  itemprop=\"thumbnailUrl\" srcset=\"https:\/\/radiorevelacionfm.cl\/wp-content\/uploads\/2021\/07\/Foto-02-Corte-Coyhaique-1-1.jpg 900w, https:\/\/radiorevelacionfm.cl\/wp-content\/uploads\/2021\/07\/Foto-02-Corte-Coyhaique-1-1-300x200.jpg 300w, https:\/\/radiorevelacionfm.cl\/wp-content\/uploads\/2021\/07\/Foto-02-Corte-Coyhaique-1-1-768x512.jpg 768w, https:\/\/radiorevelacionfm.cl\/wp-content\/uploads\/2021\/07\/Foto-02-Corte-Coyhaique-1-1-705x470.jpg 705w, https:\/\/radiorevelacionfm.cl\/wp-content\/uploads\/2021\/07\/Foto-02-Corte-Coyhaique-1-1-600x400.jpg 600w\" sizes=\"(max-width: 900px) 100vw, 900px\" \/><\/div><\/div><\/div><\/div><div class=\"flex_column av_one_full  flex_column_div av-zero-column-padding first  avia-builder-el-2  el_after_av_one_full  el_before_av_one_full  column-top-margin\" style='border-radius:0px; '><section class=\"av_textblock_section \"  itemscope=\"itemscope\" itemtype=\"https:\/\/schema.org\/BlogPosting\" itemprop=\"blogPost\" ><div class='avia_textblock  '   itemprop=\"text\" ><p style=\"text-align: center;\"><strong><span style=\"font-size: 18pt;\">Corte acoge recurso de amparo y deja sin efecto expulsi\u00f3n de ciudadana dominicana y su hijo chileno <\/span><\/strong><\/p>\n<div id=\"gtx-trans\" style=\"position: absolute; left: -50px; top: 4.31534px;\">\n<div class=\"gtx-trans-icon\"><\/div>\n<\/div>\n<\/div><\/section><\/div><div class=\"flex_column av_one_full  flex_column_div av-zero-column-padding first  avia-builder-el-4  el_after_av_one_full  el_before_av_hr  column-top-margin\" style='border-radius:0px; '><section class=\"av_textblock_section \"  itemscope=\"itemscope\" itemtype=\"https:\/\/schema.org\/BlogPosting\" itemprop=\"blogPost\" ><div class='avia_textblock  '   itemprop=\"text\" ><p class=\"v1MsoNormal\" style=\"text-align: justify;\">La Corte de Apelaciones de Coyhaique acogi\u00f3 el recurso de amparo presentado por el Instituto Nacional de Derechos Humanos (INDH), en contra de la resoluci\u00f3n de la Intendencia de Arica y Parinacota, que decret\u00f3 la expulsi\u00f3n de ciudadana dominicana y de su hijo chileno de dos a\u00f1os de edad, por ingresar al pa\u00eds por un paso no habilitado.<\/p>\n<p class=\"v1MsoNormal\" style=\"text-align: justify;\">En fallo un\u00e1nime (causa rol 82-2021), la Primera Sala del tribunal de alzada \u2013integrada por los ministros Natalia Rencoret Oliva, Sergio Mora Vallejos Pedro Castro y el abogado (i) Fidel Garc\u00eda Godoy \u2013 acogi\u00f3 la acci\u00f3n, tras establecer el actuar ilegal de la recurrida al dictar la resoluci\u00f3n de expulsi\u00f3n.<\/p>\n<p class=\"v1MsoNormal\" style=\"text-align: justify;\">\u00ab(&#8230;) es un hecho no discutido y que consta en el propio decreto de expulsi\u00f3n que el denunciante, Intendencia Regional de Arica y Parinacota, se desisti\u00f3 de la acci\u00f3n penal que motiv\u00f3 su requerimiento ante la autoridad competente por tal ingreso clandestino, por lo que claramente se ha extinguido tal acci\u00f3n y por ello no se ha obtenido sentencia condenatoria al efecto y, por ende, no se da en la especie el supuesto que prev\u00e9 el art\u00edculo 69 antes transcrito, torn\u00e1ndose ilegal la resoluci\u00f3n exenta objeto del presente arbitrio\u00bb, sostiene el fallo.<\/p>\n<p class=\"v1MsoNormal\" style=\"text-align: justify;\">La resoluci\u00f3n agrega que: \u00ab(&#8230;) a mayor abundamiento, no puede dejar de advertirse que la resoluci\u00f3n impugnada, no da cuenta de haberse tramitado un proceso administrativo en que la amparada hayan tenido a lo menos el derecho a ser o\u00edda, a controvertir las imputaciones que pesan en su contra, a contar con una defensa letrada en representaci\u00f3n de sus derechos y a presentar las pruebas que estimaren del caso, lo que implica una grave vulneraci\u00f3n al debido proceso, derecho que rige transversalmente tanto en sede jurisdiccional como administrativa; m\u00e1xime, al considerar que la propia Autoridad Administrativa se desisti\u00f3 de la acci\u00f3n penal deducida contra la extranjera por el il\u00edcito previsto en el Decreto Ley N\u00b0 1094, por lo cual no existe una sentencia ejecutoriada condenatoria en su contra por tales hechos\u00bb.<\/p>\n<p class=\"v1MsoNormal\" style=\"text-align: justify;\">\u00ab(&#8230;) junto con lo anterior debe tenerse presente el derecho de cada migrante a las garant\u00edas m\u00ednimas en los procedimientos judiciales, penales y administrativos, tendientes a asegurar la existencia de un proceso justo y equitativo, con el fin \u00faltimo de evitar arbitrariedades o abusos por parte de las autoridades responsables\u00bb, a\u00f1ade.<\/p>\n<p class=\"v1MsoNormal\" style=\"text-align: justify;\">Por tanto, se resuelve que: \u00abSE ACOGE\u00a0el recurso de amparo interpuesto con fecha 15 de diciembre de 2021, por el abogado Joaqu\u00edn Bizama Tiznado, Jefe Regional del Instituto Nacional de Derechos Humanos (INDH), en favor de Gloria Mar\u00eda Duval del Rosario y de su hijo, el ni\u00f1o E.B.D.D., en contra de la Resoluci\u00f3n N\u00b0 600\/2.669, de fecha 25 de agosto de 2017, dictada por la Intendencia Regional de Arica y Parinacota, representada para estos efectos por el Intendente Sr. Roberto Erpel Seguel y, en consecuencia,\u00a0SE DEJA SIN EFECTO\u00a0la referida resoluci\u00f3n, que orden\u00f3 la expulsi\u00f3n del territorio nacional de los amparados, ya individualizados\u00bb.<\/p>\n<\/div><\/section><\/div><div  style='height:50px' class='hr hr-invisible   avia-builder-el-6  el_after_av_one_full  el_before_av_social_share '><span class='hr-inner ' ><span class='hr-inner-style'><\/span><\/span><\/div><\/p>\n<div  class='av-social-sharing-box  avia-builder-el-7  el_after_av_hr  el_before_av_hr  '><div class='av-share-box'><h5 class='av-share-link-description av-no-toc '>Compartir esta noticia<\/h5><ul class='av-share-box-list noLightbox'><li class='av-share-link av-social-link-facebook' ><a target=\"_blank\" aria-label=\"Compartir en Facebook\" href='https:\/\/www.facebook.com\/sharer.php?u=https:\/\/radiorevelacionfm.cl\/?p=12511&#038;t=Corte%20acoge%20recurso%20de%20amparo%20y%20deja%20sin%20efecto%20expulsi%C3%B3n%20de%20ciudadana%20dominicana%20y%20su%20hijo%20chileno' aria-hidden='false' data-av_icon='\ue8f3' data-av_iconfont='entypo-fontello' title='' data-avia-related-tooltip='Compartir en Facebook' rel=\"noopener\"><span class='avia_hidden_link_text'>Compartir en Facebook<\/span><\/a><\/li><li class='av-share-link av-social-link-twitter' ><a target=\"_blank\" aria-label=\"Compartir en Twitter\" href='https:\/\/twitter.com\/share?text=Corte%20acoge%20recurso%20de%20amparo%20y%20deja%20sin%20efecto%20expulsi%C3%B3n%20de%20ciudadana%20dominicana%20y%20su%20hijo%20chileno&#038;url=https:\/\/radiorevelacionfm.cl\/?p=12511' aria-hidden='false' data-av_icon='\ue8f1' data-av_iconfont='entypo-fontello' title='' data-avia-related-tooltip='Compartir en Twitter' rel=\"noopener\"><span class='avia_hidden_link_text'>Compartir en Twitter<\/span><\/a><\/li><li class='av-share-link av-social-link-whatsapp' ><a target=\"_blank\" aria-label=\"Compartir en Whatsapp\" href='https:\/\/api.whatsapp.com\/send?text=https:\/\/radiorevelacionfm.cl\/?p=12511' aria-hidden='false' data-av_icon='\uf232' data-av_iconfont='entypo-fontello' title='' data-avia-related-tooltip='Compartir en Whatsapp' rel=\"noopener\"><span class='avia_hidden_link_text'>Compartir en Whatsapp<\/span><\/a><\/li><li class='av-share-link av-social-link-linkedin' ><a target=\"_blank\" aria-label=\"Compartir en LinkedIn\" href='https:\/\/linkedin.com\/shareArticle?mini=true&#038;title=Corte%20acoge%20recurso%20de%20amparo%20y%20deja%20sin%20efecto%20expulsi%C3%B3n%20de%20ciudadana%20dominicana%20y%20su%20hijo%20chileno&#038;url=https:\/\/radiorevelacionfm.cl\/?p=12511' aria-hidden='false' data-av_icon='\ue8fc' data-av_iconfont='entypo-fontello' title='' data-avia-related-tooltip='Compartir en LinkedIn' rel=\"noopener\"><span class='avia_hidden_link_text'>Compartir en LinkedIn<\/span><\/a><\/li><li class='av-share-link av-social-link-mail' ><a  aria-label=\"Compartir por correo\" href='mailto:?subject=Corte%20acoge%20recurso%20de%20amparo%20y%20deja%20sin%20efecto%20expulsi%C3%B3n%20de%20ciudadana%20dominicana%20y%20su%20hijo%20chileno&#038;body=https:\/\/radiorevelacionfm.cl\/?p=12511' aria-hidden='false' data-av_icon='\ue805' data-av_iconfont='entypo-fontello' title='' data-avia-related-tooltip='Compartir por correo'><span class='avia_hidden_link_text'>Compartir por correo<\/span><\/a><\/li><\/ul><\/div><\/div>\n<div  style='height:50px' class='hr hr-invisible   avia-builder-el-8  el_after_av_social_share  el_before_av_comments_list '><span class='hr-inner ' ><span class='hr-inner-style'><\/span><\/span><\/div>\n<div  class='av-buildercomment  av-blog-meta-html-info-disabled av-blog-meta-tag-disabled  '><\/div>\n","protected":false},"excerpt":{"rendered":"","protected":false},"author":1,"featured_media":6281,"comment_status":"open","ping_status":"open","sticky":false,"template":"","format":"standard","meta":{"footnotes":""},"categories":[55],"tags":[],"class_list":["post-12511","post","type-post","status-publish","format-standard","has-post-thumbnail","hentry","category-justicia"],"jetpack_featured_media_url":"https:\/\/radiorevelacionfm.cl\/wp-content\/uploads\/2021\/07\/Foto-02-Corte-Coyhaique-1-1.jpg","_links":{"self":[{"href":"https:\/\/radiorevelacionfm.cl\/index.php?rest_route=\/wp\/v2\/posts\/12511","targetHints":{"allow":["GET"]}}],"collection":[{"href":"https:\/\/radiorevelacionfm.cl\/index.php?rest_route=\/wp\/v2\/posts"}],"about":[{"href":"https:\/\/radiorevelacionfm.cl\/index.php?rest_route=\/wp\/v2\/types\/post"}],"author":[{"embeddable":true,"href":"https:\/\/radiorevelacionfm.cl\/index.php?rest_route=\/wp\/v2\/users\/1"}],"replies":[{"embeddable":true,"href":"https:\/\/radiorevelacionfm.cl\/index.php?rest_route=%2Fwp%2Fv2%2Fcomments&post=12511"}],"version-history":[{"count":2,"href":"https:\/\/radiorevelacionfm.cl\/index.php?rest_route=\/wp\/v2\/posts\/12511\/revisions"}],"predecessor-version":[{"id":12513,"href":"https:\/\/radiorevelacionfm.cl\/index.php?rest_route=\/wp\/v2\/posts\/12511\/revisions\/12513"}],"wp:featuredmedia":[{"embeddable":true,"href":"https:\/\/radiorevelacionfm.cl\/index.php?rest_route=\/wp\/v2\/media\/6281"}],"wp:attachment":[{"href":"https:\/\/radiorevelacionfm.cl\/index.php?rest_route=%2Fwp%2Fv2%2Fmedia&parent=12511"}],"wp:term":[{"taxonomy":"category","embeddable":true,"href":"https:\/\/radiorevelacionfm.cl\/index.php?rest_route=%2Fwp%2Fv2%2Fcategories&post=12511"},{"taxonomy":"post_tag","embeddable":true,"href":"https:\/\/radiorevelacionfm.cl\/index.php?rest_route=%2Fwp%2Fv2%2Ftags&post=12511"}],"curies":[{"name":"wp","href":"https:\/\/api.w.org\/{rel}","templated":true}]}}