{"id":12507,"date":"2022-01-05T13:04:09","date_gmt":"2022-01-05T16:04:09","guid":{"rendered":"https:\/\/radiorevelacionfm.cl\/?p=12507"},"modified":"2022-01-05T13:04:09","modified_gmt":"2022-01-05T16:04:09","slug":"sag-aysen-llama-a-realizar-declaracion-semestral-de-fauna-silvestre-del-segundo-semestre-de-2021","status":"publish","type":"post","link":"https:\/\/radiorevelacionfm.cl\/?p=12507","title":{"rendered":"SAG Ays\u00e9n llama a realizar declaraci\u00f3n semestral de Fauna Silvestre del segundo semestre de 2021"},"content":{"rendered":"<div class=\"flex_column av_one_full  flex_column_div av-zero-column-padding first  avia-builder-el-0  el_before_av_one_full  avia-builder-el-first  \" style='border-radius:0px; '><div  class='avia-image-container  av-styling-    avia-builder-el-1  avia-builder-el-no-sibling  avia-align-center '  itemprop=\"image\" itemscope=\"itemscope\" itemtype=\"https:\/\/schema.org\/ImageObject\"  ><div class='avia-image-container-inner'><div class='avia-image-overlay-wrap'><img decoding=\"async\" class='wp-image-12508 avia-img-lazy-loading-not-12508 avia_image' src=\"https:\/\/radiorevelacionfm.cl\/wp-content\/uploads\/2022\/01\/IMG-20220105-WA0039-2-2.jpg\" alt='' title='IMG-20220105-WA0039-2-2' height=\"600\" width=\"1333\"  itemprop=\"thumbnailUrl\" srcset=\"https:\/\/radiorevelacionfm.cl\/wp-content\/uploads\/2022\/01\/IMG-20220105-WA0039-2-2.jpg 1333w, https:\/\/radiorevelacionfm.cl\/wp-content\/uploads\/2022\/01\/IMG-20220105-WA0039-2-2-300x135.jpg 300w, https:\/\/radiorevelacionfm.cl\/wp-content\/uploads\/2022\/01\/IMG-20220105-WA0039-2-2-1030x464.jpg 1030w, https:\/\/radiorevelacionfm.cl\/wp-content\/uploads\/2022\/01\/IMG-20220105-WA0039-2-2-768x346.jpg 768w, https:\/\/radiorevelacionfm.cl\/wp-content\/uploads\/2022\/01\/IMG-20220105-WA0039-2-2-705x317.jpg 705w, https:\/\/radiorevelacionfm.cl\/wp-content\/uploads\/2022\/01\/IMG-20220105-WA0039-2-2-600x270.jpg 600w\" sizes=\"(max-width: 1333px) 100vw, 1333px\" \/><\/div><\/div><\/div><\/div><div class=\"flex_column av_one_full  flex_column_div av-zero-column-padding first  avia-builder-el-2  el_after_av_one_full  el_before_av_one_full  column-top-margin\" style='border-radius:0px; '><section class=\"av_textblock_section \"  itemscope=\"itemscope\" itemtype=\"https:\/\/schema.org\/BlogPosting\" itemprop=\"blogPost\" ><div class='avia_textblock  '   itemprop=\"text\" ><p style=\"text-align: center;\"><span style=\"font-size: 18pt;\"><strong>SAG Ays\u00e9n llama a realizar declaraci\u00f3n semestral de Fauna Silvestre del segundo semestre de 2021<\/strong><\/span><\/p>\n<div id=\"gtx-trans\" style=\"position: absolute; left: -50px; top: 4.31534px;\">\n<div class=\"gtx-trans-icon\"><\/div>\n<\/div>\n<\/div><\/section><\/div><div class=\"flex_column av_one_full  flex_column_div av-zero-column-padding first  avia-builder-el-4  el_after_av_one_full  el_before_av_hr  column-top-margin\" style='border-radius:0px; '><section class=\"av_textblock_section \"  itemscope=\"itemscope\" itemtype=\"https:\/\/schema.org\/BlogPosting\" itemprop=\"blogPost\" ><div class='avia_textblock  '   itemprop=\"text\" ><p style=\"text-align: justify;\">El pr\u00f3ximo 13 de enero vence el plazo para la recepci\u00f3n de la Declaraci\u00f3n Semestral de Fauna Silvestre con la que deben cumplir los establecimientos inscritos en el Registro Nacional de Tenedores de Fauna Silvestre del Servicio Agr\u00edcola y Ganadero, correspondiente al segundo semestre de 2021.<\/p>\n<p style=\"text-align: justify;\">Para facilitar la llegada de los datos en el marco de la pandemia por Covid-19, la informaci\u00f3n se puede enviar a trav\u00e9s de los correos electr\u00f3nicos de cada oficina de partes regional del SAG, en el formato que ya fue distribuido v\u00eda email, o tambi\u00e9n puede ser entregada en papel de forma presencial en las oficinas sectoriales del Servicio.<\/p>\n<p style=\"text-align: justify;\">La Declaraci\u00f3n Semestral de Fauna Silvestre es una obligaci\u00f3n que deben cumplir los centros de reproducci\u00f3n, centros de rehabilitaci\u00f3n o rescate, centros de exhibici\u00f3n, criaderos y los cotos de caza en los meses de enero y julio de cada a\u00f1o, dando cuenta del movimiento de ejemplares. Con la declaraci\u00f3n debe adjuntarse copia de los documentos que certifiquen o acrediten las transferencias efectuadas en el respectivo periodo y los c\u00f3digos de marca de los ejemplares presentes en el plantel.<\/p>\n<\/div><\/section><\/div><div  style='height:50px' class='hr hr-invisible   avia-builder-el-6  el_after_av_one_full  el_before_av_social_share '><span class='hr-inner ' ><span class='hr-inner-style'><\/span><\/span><\/div><\/p>\n<div  class='av-social-sharing-box  avia-builder-el-7  el_after_av_hr  el_before_av_hr  '><div class='av-share-box'><h5 class='av-share-link-description av-no-toc '>Compartir esta noticia<\/h5><ul class='av-share-box-list noLightbox'><li class='av-share-link av-social-link-facebook' ><a target=\"_blank\" aria-label=\"Compartir en Facebook\" href='https:\/\/www.facebook.com\/sharer.php?u=https:\/\/radiorevelacionfm.cl\/?p=12507&#038;t=SAG%20Ays%C3%A9n%20llama%20a%20realizar%20declaraci%C3%B3n%20semestral%20de%20Fauna%20Silvestre%20del%20segundo%20semestre%20de%202021' aria-hidden='false' data-av_icon='\ue8f3' data-av_iconfont='entypo-fontello' title='' data-avia-related-tooltip='Compartir en Facebook' rel=\"noopener\"><span class='avia_hidden_link_text'>Compartir en Facebook<\/span><\/a><\/li><li class='av-share-link av-social-link-twitter' ><a target=\"_blank\" aria-label=\"Compartir en Twitter\" href='https:\/\/twitter.com\/share?text=SAG%20Ays%C3%A9n%20llama%20a%20realizar%20declaraci%C3%B3n%20semestral%20de%20Fauna%20Silvestre%20del%20segundo%20semestre%20de%202021&#038;url=https:\/\/radiorevelacionfm.cl\/?p=12507' aria-hidden='false' data-av_icon='\ue8f1' data-av_iconfont='entypo-fontello' title='' data-avia-related-tooltip='Compartir en Twitter' rel=\"noopener\"><span class='avia_hidden_link_text'>Compartir en Twitter<\/span><\/a><\/li><li class='av-share-link av-social-link-whatsapp' ><a target=\"_blank\" aria-label=\"Compartir en Whatsapp\" href='https:\/\/api.whatsapp.com\/send?text=https:\/\/radiorevelacionfm.cl\/?p=12507' aria-hidden='false' data-av_icon='\uf232' data-av_iconfont='entypo-fontello' title='' data-avia-related-tooltip='Compartir en Whatsapp' rel=\"noopener\"><span class='avia_hidden_link_text'>Compartir en Whatsapp<\/span><\/a><\/li><li class='av-share-link av-social-link-linkedin' ><a target=\"_blank\" aria-label=\"Compartir en LinkedIn\" href='https:\/\/linkedin.com\/shareArticle?mini=true&#038;title=SAG%20Ays%C3%A9n%20llama%20a%20realizar%20declaraci%C3%B3n%20semestral%20de%20Fauna%20Silvestre%20del%20segundo%20semestre%20de%202021&#038;url=https:\/\/radiorevelacionfm.cl\/?p=12507' aria-hidden='false' data-av_icon='\ue8fc' data-av_iconfont='entypo-fontello' title='' data-avia-related-tooltip='Compartir en LinkedIn' rel=\"noopener\"><span class='avia_hidden_link_text'>Compartir en LinkedIn<\/span><\/a><\/li><li class='av-share-link av-social-link-mail' ><a  aria-label=\"Compartir por correo\" href='mailto:?subject=SAG%20Ays%C3%A9n%20llama%20a%20realizar%20declaraci%C3%B3n%20semestral%20de%20Fauna%20Silvestre%20del%20segundo%20semestre%20de%202021&#038;body=https:\/\/radiorevelacionfm.cl\/?p=12507' aria-hidden='false' data-av_icon='\ue805' data-av_iconfont='entypo-fontello' title='' data-avia-related-tooltip='Compartir por correo'><span class='avia_hidden_link_text'>Compartir por correo<\/span><\/a><\/li><\/ul><\/div><\/div>\n<div  style='height:50px' class='hr hr-invisible   avia-builder-el-8  el_after_av_social_share  el_before_av_comments_list '><span class='hr-inner ' ><span class='hr-inner-style'><\/span><\/span><\/div>\n<div  class='av-buildercomment  av-blog-meta-html-info-disabled av-blog-meta-tag-disabled  '><\/div>\n","protected":false},"excerpt":{"rendered":"","protected":false},"author":1,"featured_media":12508,"comment_status":"open","ping_status":"open","sticky":false,"template":"","format":"standard","meta":{"footnotes":""},"categories":[58],"tags":[],"class_list":["post-12507","post","type-post","status-publish","format-standard","has-post-thumbnail","hentry","category-agricultura"],"jetpack_featured_media_url":"https:\/\/radiorevelacionfm.cl\/wp-content\/uploads\/2022\/01\/IMG-20220105-WA0039-2-2.jpg","_links":{"self":[{"href":"https:\/\/radiorevelacionfm.cl\/index.php?rest_route=\/wp\/v2\/posts\/12507","targetHints":{"allow":["GET"]}}],"collection":[{"href":"https:\/\/radiorevelacionfm.cl\/index.php?rest_route=\/wp\/v2\/posts"}],"about":[{"href":"https:\/\/radiorevelacionfm.cl\/index.php?rest_route=\/wp\/v2\/types\/post"}],"author":[{"embeddable":true,"href":"https:\/\/radiorevelacionfm.cl\/index.php?rest_route=\/wp\/v2\/users\/1"}],"replies":[{"embeddable":true,"href":"https:\/\/radiorevelacionfm.cl\/index.php?rest_route=%2Fwp%2Fv2%2Fcomments&post=12507"}],"version-history":[{"count":2,"href":"https:\/\/radiorevelacionfm.cl\/index.php?rest_route=\/wp\/v2\/posts\/12507\/revisions"}],"predecessor-version":[{"id":12510,"href":"https:\/\/radiorevelacionfm.cl\/index.php?rest_route=\/wp\/v2\/posts\/12507\/revisions\/12510"}],"wp:featuredmedia":[{"embeddable":true,"href":"https:\/\/radiorevelacionfm.cl\/index.php?rest_route=\/wp\/v2\/media\/12508"}],"wp:attachment":[{"href":"https:\/\/radiorevelacionfm.cl\/index.php?rest_route=%2Fwp%2Fv2%2Fmedia&parent=12507"}],"wp:term":[{"taxonomy":"category","embeddable":true,"href":"https:\/\/radiorevelacionfm.cl\/index.php?rest_route=%2Fwp%2Fv2%2Fcategories&post=12507"},{"taxonomy":"post_tag","embeddable":true,"href":"https:\/\/radiorevelacionfm.cl\/index.php?rest_route=%2Fwp%2Fv2%2Ftags&post=12507"}],"curies":[{"name":"wp","href":"https:\/\/api.w.org\/{rel}","templated":true}]}}