{"id":12503,"date":"2022-01-05T12:23:23","date_gmt":"2022-01-05T15:23:23","guid":{"rendered":"https:\/\/radiorevelacionfm.cl\/?p=12503"},"modified":"2022-01-05T12:23:23","modified_gmt":"2022-01-05T15:23:23","slug":"uaysen-liderara-proyecto-de-monitoreo-de-agua-subterranea-para-enfrentar-la-sequia","status":"publish","type":"post","link":"https:\/\/radiorevelacionfm.cl\/?p=12503","title":{"rendered":"UAys\u00e9n liderar\u00e1 proyecto de monitoreo de agua subterr\u00e1nea para enfrentar la sequ\u00eda"},"content":{"rendered":"<div class=\"flex_column av_one_full  flex_column_div av-zero-column-padding first  avia-builder-el-0  el_before_av_one_full  avia-builder-el-first  \" style='border-radius:0px; '><div  class='avia-image-container  av-styling-    avia-builder-el-1  avia-builder-el-no-sibling  avia-align-center '  itemprop=\"image\" itemscope=\"itemscope\" itemtype=\"https:\/\/schema.org\/ImageObject\"  ><div class='avia-image-container-inner'><div class='avia-image-overlay-wrap'><img decoding=\"async\" class='wp-image-12504 avia-img-lazy-loading-not-12504 avia_image' src=\"https:\/\/radiorevelacionfm.cl\/wp-content\/uploads\/2022\/01\/Foto2-2-2.jpg\" alt='' title='Foto2-2-2' height=\"600\" width=\"899\"  itemprop=\"thumbnailUrl\" srcset=\"https:\/\/radiorevelacionfm.cl\/wp-content\/uploads\/2022\/01\/Foto2-2-2.jpg 899w, https:\/\/radiorevelacionfm.cl\/wp-content\/uploads\/2022\/01\/Foto2-2-2-300x200.jpg 300w, https:\/\/radiorevelacionfm.cl\/wp-content\/uploads\/2022\/01\/Foto2-2-2-768x513.jpg 768w, https:\/\/radiorevelacionfm.cl\/wp-content\/uploads\/2022\/01\/Foto2-2-2-705x471.jpg 705w, https:\/\/radiorevelacionfm.cl\/wp-content\/uploads\/2022\/01\/Foto2-2-2-600x400.jpg 600w\" sizes=\"(max-width: 899px) 100vw, 899px\" \/><\/div><\/div><\/div><\/div><div class=\"flex_column av_one_full  flex_column_div av-zero-column-padding first  avia-builder-el-2  el_after_av_one_full  el_before_av_one_full  column-top-margin\" style='border-radius:0px; '><section class=\"av_textblock_section \"  itemscope=\"itemscope\" itemtype=\"https:\/\/schema.org\/BlogPosting\" itemprop=\"blogPost\" ><div class='avia_textblock  '   itemprop=\"text\" ><p style=\"text-align: center;\"><strong><span style=\"font-size: 18pt;\">UAys\u00e9n liderar\u00e1 proyecto de monitoreo de agua subterr\u00e1nea para enfrentar la sequ\u00eda<\/span><\/strong><\/p>\n<div id=\"gtx-trans\" style=\"position: absolute; left: -50px; top: 4.31534px;\">\n<div class=\"gtx-trans-icon\"><\/div>\n<\/div>\n<\/div><\/section><\/div><div class=\"flex_column av_one_full  flex_column_div av-zero-column-padding first  avia-builder-el-4  el_after_av_one_full  el_before_av_hr  column-top-margin\" style='border-radius:0px; '><section class=\"av_textblock_section \"  itemscope=\"itemscope\" itemtype=\"https:\/\/schema.org\/BlogPosting\" itemprop=\"blogPost\" ><div class='avia_textblock  '   itemprop=\"text\" ><p style=\"text-align: justify;\">Como parte de los esfuerzos del Gobierno para enfrentar la compleja crisis h\u00eddrica por la que atraviesa Chile, el Ministro de Ciencia, Andr\u00e9s Couve, junto a la Directora de la Agencia Nacional de Investigaci\u00f3n y Desarrollo, Ais\u00e9n Etcheverry, dieron a conocer los 21 proyectos seleccionados del Fondo de Investigaci\u00f3n Estrat\u00e9gica en Sequ\u00eda, convocatoria extraordinaria de $6 mil millones para promover el desarrollo de soluciones de I+D frente a esta emergencia.<\/p>\n<p style=\"text-align: justify;\">Seg\u00fan explicaron las autoridades, la invitaci\u00f3n a la comunidad cient\u00edfica nacional, que se realiz\u00f3 en el mes de septiembre, busca acelerar los resultados de aquellas l\u00edneas de investigaci\u00f3n y desarrollos tecnol\u00f3gicos que promueven un mejor manejo de los recursos h\u00eddricos y que aporten al dise\u00f1o de pol\u00edticas p\u00fablicas y a la toma de decisiones en la materia.<\/p>\n<p style=\"text-align: justify;\">\u201cAl igual como lo hicimos para enfrentar la pandemia, esta convocatoria in\u00e9dita\u00a0 nos permitir\u00e1 apoyar a 21 proyectos de excelencia en \u00e1reas como las ciencias agr\u00edcolas, ingenier\u00eda, microbiolog\u00eda, oceanograf\u00eda y geograf\u00eda, para contribuir con nuevo conocimiento y soluciones tecnol\u00f3gicas a los desaf\u00edos de la sequ\u00eda y sus consecuencias. La convocatoria es el resultado de un aprendizaje de c\u00f3mo el Ministerio de Ciencia se constituye en una pieza estrat\u00e9gica en la respuesta del pa\u00eds frente a una emergencia como esta, integrando el desarrollo de conocimiento a los esfuerzos p\u00fablicos y privados que se han impulsado desde la Mesa Nacional del Agua y el Comit\u00e9 de Ministros por la Sequ\u00eda\u201d, se\u00f1al\u00f3 el ministro Andr\u00e9s Couve.<\/p>\n<p style=\"text-align: justify;\">Seg\u00fan explic\u00f3 la autoridad, la iniciativa se enmarca en el Plan de Emergencia contra la Sequ\u00eda del Gobierno que busca aumentar la disponibilidad de agua, y mejorar la eficiencia en su uso a trav\u00e9s de la inversi\u00f3n en infraestructura, de fomento al riego y mediante medidas regulatorias y de gesti\u00f3n.<\/p>\n<p style=\"text-align: justify;\">\u201cHoy estamos ante un escenario cr\u00edtico con efectos que se proyectan en el largo plazo. Frente a esto, nuestro pa\u00eds cuenta con evidencia cient\u00edfica relevante para la transici\u00f3n h\u00eddrica y para mitigar los efectos de la sequ\u00eda en la calidad de vida de las personas y en el desarrollo econ\u00f3mico y productivo\u201d, a\u00f1adi\u00f3 el ministro Couve.<\/p>\n<p style=\"text-align: justify;\">Del total de postulaciones recibidas en esta convocatoria se adjudic\u00f3 el 55% de los proyectos, los que ser\u00e1n desarrollados en el plazo de un a\u00f1o por centros y universidades en regiones, desde Tarapac\u00e1 hasta Ays\u00e9n. Entre las iniciativas seleccionadas se encuentran sistemas de monitoreo y alerta temprana, propuestas para la recuperaci\u00f3n de aguas residuales, estudios sobre el impacto de la sequ\u00eda en cultivos, tecnolog\u00edas para la sustentabilidad h\u00eddrica en la industria agr\u00edcola y minera, y herramientas para el desarrollo de soluciones basadas en la naturaleza para mitigar los efectos de esta emergencia.<\/p>\n<p style=\"text-align: justify;\">\u201cUna de nuestras prioridades como ANID ha sido, a trav\u00e9s de la investigaci\u00f3n, adaptarnos de forma \u00e1gil a los temas pa\u00eds, para afrontar este tipo de crisis que hoy nos afecta. Con este concurso buscamos acelerar la generaci\u00f3n de conocimiento cient\u00edfico y tecnol\u00f3gico, desde las capacidades ya existentes en nuestro pa\u00eds, que contribuya a resolver los desaf\u00edos y oportunidades relacionados directamente a la escasez h\u00eddrica y sus consecuencias en Chile. Este concurso logr\u00f3 salir r\u00e1pidamente gracias al trabajo de todo el equipo que estuvo detr\u00e1s de la convocatoria, logrando resultados en un tiempo r\u00e9cord desde su apertura hasta su adjudicaci\u00f3n\u201d, se\u00f1al\u00f3, Ais\u00e9n Etcheverry.<\/p>\n<p style=\"text-align: justify;\"><span style=\"font-size: 14pt;\"><strong>Monitoreo de agua subterr\u00e1nea en Ays\u00e9n<\/strong><\/span><\/p>\n<p style=\"text-align: justify;\">La investigaci\u00f3n asociada al Fondo de Investigaci\u00f3n Estrat\u00e9gica en Sequ\u00eda estar\u00e1 presente en la Macrozona Austral, en espec\u00edfico, en la Regi\u00f3n de Ays\u00e9n a trav\u00e9s del proyecto \u201cSistema de alerta temprana para el manejo de la sequ\u00eda en agua subterr\u00e1nea y superficial en la Patagonia\u201d, liderado por el investigador Gerard Olivar.<\/p>\n<p style=\"text-align: justify;\">Se trata de una iniciativa de la U. Ays\u00e9n que se adjudic\u00f3 aproximadamente $300 millones de pesos para desarrollar una herramienta de predicci\u00f3n en torno a los diferentes escenarios de precipitaciones posibles y la cantidad de agua disponible a trav\u00e9s de una red de sensores en r\u00edos y fuentes h\u00eddricas de la zona.<\/p>\n<p style=\"text-align: justify;\">La seremi de Ciencia de la macrozona austral, Pamela Santib\u00e1\u00f1ez, indic\u00f3 que el Ministerio de Ciencia, en conjunto con ANID, \u201crepresentan un punto de inflexi\u00f3n para los sistemas de CTCI de la regi\u00f3n, que corresponde a un tercio de la superficie del pa\u00eds. La iniciativa, adjudicada por la Universidad de Ays\u00e9n en conjunto con el Centro Regional (CIEP) y la Direcci\u00f3n General de Agua Regional, tiene alta pertinencia territorial teniendo en cuenta que, de las 10 comunas de la regi\u00f3n de Ays\u00e9n, 9 se clasifican como rurales, y solo 1 -Coyhaique- como predominantemente urbana. Las comunas rurales abarcan el 93% del territorio regional y albergan el 44% de la poblaci\u00f3n\u201d.<\/p>\n<p style=\"text-align: justify;\">Agreg\u00f3 que, \u201ceste proyecto, que est\u00e1 centrado en un sistema de alerta temprana para manejar la sequ\u00eda, permitir\u00e1 monitorear las APRs (Agua Potable Rural), proveer\u00e1 de una herramienta de manejo para las comunidades asociadas a sus APRs y estudiantes. Adem\u00e1s, aumentar\u00e1 las capacidades cient\u00edficas instaladas en la regi\u00f3n, que presenta uno de los sistemas de CTCI m\u00e1s peque\u00f1os del pa\u00eds (55 investigadores con grado de doctor versus 9 mil en la RM). Tal cual lo demostr\u00f3 la crisis sanitaria, la existencia de sistemas de CTCI es cr\u00edtica para la vida de las personas en las regiones, necesitamos enfrentar la crisis clim\u00e1tica y adaptarnos a los cambios irreversibles que ya est\u00e1n ocurriendo\u201d.<\/p>\n<\/div><\/section><\/div><div  style='height:50px' class='hr hr-invisible   avia-builder-el-6  el_after_av_one_full  el_before_av_social_share '><span class='hr-inner ' ><span class='hr-inner-style'><\/span><\/span><\/div><\/p>\n<div  class='av-social-sharing-box  avia-builder-el-7  el_after_av_hr  el_before_av_hr  '><div class='av-share-box'><h5 class='av-share-link-description av-no-toc '>Compartir esta noticia<\/h5><ul class='av-share-box-list noLightbox'><li class='av-share-link av-social-link-facebook' ><a target=\"_blank\" aria-label=\"Compartir en Facebook\" href='https:\/\/www.facebook.com\/sharer.php?u=https:\/\/radiorevelacionfm.cl\/?p=12503&#038;t=UAys%C3%A9n%20liderar%C3%A1%20proyecto%20de%20monitoreo%20de%20agua%20subterr%C3%A1nea%20para%20enfrentar%20la%20sequ%C3%ADa' aria-hidden='false' data-av_icon='\ue8f3' data-av_iconfont='entypo-fontello' title='' data-avia-related-tooltip='Compartir en Facebook' rel=\"noopener\"><span class='avia_hidden_link_text'>Compartir en Facebook<\/span><\/a><\/li><li class='av-share-link av-social-link-twitter' ><a target=\"_blank\" aria-label=\"Compartir en Twitter\" href='https:\/\/twitter.com\/share?text=UAys%C3%A9n%20liderar%C3%A1%20proyecto%20de%20monitoreo%20de%20agua%20subterr%C3%A1nea%20para%20enfrentar%20la%20sequ%C3%ADa&#038;url=https:\/\/radiorevelacionfm.cl\/?p=12503' aria-hidden='false' data-av_icon='\ue8f1' data-av_iconfont='entypo-fontello' title='' data-avia-related-tooltip='Compartir en Twitter' rel=\"noopener\"><span class='avia_hidden_link_text'>Compartir en Twitter<\/span><\/a><\/li><li class='av-share-link av-social-link-whatsapp' ><a target=\"_blank\" aria-label=\"Compartir en Whatsapp\" href='https:\/\/api.whatsapp.com\/send?text=https:\/\/radiorevelacionfm.cl\/?p=12503' aria-hidden='false' data-av_icon='\uf232' data-av_iconfont='entypo-fontello' title='' data-avia-related-tooltip='Compartir en Whatsapp' rel=\"noopener\"><span class='avia_hidden_link_text'>Compartir en Whatsapp<\/span><\/a><\/li><li class='av-share-link av-social-link-linkedin' ><a target=\"_blank\" aria-label=\"Compartir en LinkedIn\" href='https:\/\/linkedin.com\/shareArticle?mini=true&#038;title=UAys%C3%A9n%20liderar%C3%A1%20proyecto%20de%20monitoreo%20de%20agua%20subterr%C3%A1nea%20para%20enfrentar%20la%20sequ%C3%ADa&#038;url=https:\/\/radiorevelacionfm.cl\/?p=12503' aria-hidden='false' data-av_icon='\ue8fc' data-av_iconfont='entypo-fontello' title='' data-avia-related-tooltip='Compartir en LinkedIn' rel=\"noopener\"><span class='avia_hidden_link_text'>Compartir en LinkedIn<\/span><\/a><\/li><li class='av-share-link av-social-link-mail' ><a  aria-label=\"Compartir por correo\" href='mailto:?subject=UAys%C3%A9n%20liderar%C3%A1%20proyecto%20de%20monitoreo%20de%20agua%20subterr%C3%A1nea%20para%20enfrentar%20la%20sequ%C3%ADa&#038;body=https:\/\/radiorevelacionfm.cl\/?p=12503' aria-hidden='false' data-av_icon='\ue805' data-av_iconfont='entypo-fontello' title='' data-avia-related-tooltip='Compartir por correo'><span class='avia_hidden_link_text'>Compartir por correo<\/span><\/a><\/li><\/ul><\/div><\/div>\n<div  style='height:50px' class='hr hr-invisible   avia-builder-el-8  el_after_av_social_share  el_before_av_comments_list '><span class='hr-inner ' ><span class='hr-inner-style'><\/span><\/span><\/div>\n<div  class='av-buildercomment  av-blog-meta-html-info-disabled av-blog-meta-tag-disabled  '><\/div>\n","protected":false},"excerpt":{"rendered":"","protected":false},"author":1,"featured_media":12504,"comment_status":"open","ping_status":"open","sticky":false,"template":"","format":"standard","meta":{"footnotes":""},"categories":[53],"tags":[],"class_list":["post-12503","post","type-post","status-publish","format-standard","has-post-thumbnail","hentry","category-ciencia"],"jetpack_featured_media_url":"https:\/\/radiorevelacionfm.cl\/wp-content\/uploads\/2022\/01\/Foto2-2-2.jpg","_links":{"self":[{"href":"https:\/\/radiorevelacionfm.cl\/index.php?rest_route=\/wp\/v2\/posts\/12503","targetHints":{"allow":["GET"]}}],"collection":[{"href":"https:\/\/radiorevelacionfm.cl\/index.php?rest_route=\/wp\/v2\/posts"}],"about":[{"href":"https:\/\/radiorevelacionfm.cl\/index.php?rest_route=\/wp\/v2\/types\/post"}],"author":[{"embeddable":true,"href":"https:\/\/radiorevelacionfm.cl\/index.php?rest_route=\/wp\/v2\/users\/1"}],"replies":[{"embeddable":true,"href":"https:\/\/radiorevelacionfm.cl\/index.php?rest_route=%2Fwp%2Fv2%2Fcomments&post=12503"}],"version-history":[{"count":2,"href":"https:\/\/radiorevelacionfm.cl\/index.php?rest_route=\/wp\/v2\/posts\/12503\/revisions"}],"predecessor-version":[{"id":12506,"href":"https:\/\/radiorevelacionfm.cl\/index.php?rest_route=\/wp\/v2\/posts\/12503\/revisions\/12506"}],"wp:featuredmedia":[{"embeddable":true,"href":"https:\/\/radiorevelacionfm.cl\/index.php?rest_route=\/wp\/v2\/media\/12504"}],"wp:attachment":[{"href":"https:\/\/radiorevelacionfm.cl\/index.php?rest_route=%2Fwp%2Fv2%2Fmedia&parent=12503"}],"wp:term":[{"taxonomy":"category","embeddable":true,"href":"https:\/\/radiorevelacionfm.cl\/index.php?rest_route=%2Fwp%2Fv2%2Fcategories&post=12503"},{"taxonomy":"post_tag","embeddable":true,"href":"https:\/\/radiorevelacionfm.cl\/index.php?rest_route=%2Fwp%2Fv2%2Ftags&post=12503"}],"curies":[{"name":"wp","href":"https:\/\/api.w.org\/{rel}","templated":true}]}}