{"id":12497,"date":"2022-01-04T19:54:52","date_gmt":"2022-01-04T22:54:52","guid":{"rendered":"https:\/\/radiorevelacionfm.cl\/?p=12497"},"modified":"2022-01-04T19:54:52","modified_gmt":"2022-01-04T22:54:52","slug":"aclaran-dos-delitos-de-robo-y-logran-recuperacion-de-multiples-especies-en-puerto-aysen","status":"publish","type":"post","link":"https:\/\/radiorevelacionfm.cl\/?p=12497","title":{"rendered":"Aclaran dos delitos de robo y logran recuperaci\u00f3n de m\u00faltiples especies en Puerto Ays\u00e9n"},"content":{"rendered":"<div class=\"flex_column av_one_full  flex_column_div av-zero-column-padding first  avia-builder-el-0  el_before_av_one_full  avia-builder-el-first  \" style='border-radius:0px; '><div  class='avia-image-container  av-styling-    avia-builder-el-1  avia-builder-el-no-sibling  avia-align-center '  itemprop=\"image\" itemscope=\"itemscope\" itemtype=\"https:\/\/schema.org\/ImageObject\"  ><div class='avia-image-container-inner'><div class='avia-image-overlay-wrap'><img decoding=\"async\" class='wp-image-12498 avia-img-lazy-loading-not-12498 avia_image' src=\"https:\/\/radiorevelacionfm.cl\/wp-content\/uploads\/2022\/01\/41b806d2-eddc-4ade-9f3a-06ade2796ddf-2-2.jpg\" alt='' title='41b806d2-eddc-4ade-9f3a-06ade2796ddf-2-2' height=\"600\" width=\"879\"  itemprop=\"thumbnailUrl\" srcset=\"https:\/\/radiorevelacionfm.cl\/wp-content\/uploads\/2022\/01\/41b806d2-eddc-4ade-9f3a-06ade2796ddf-2-2.jpg 879w, https:\/\/radiorevelacionfm.cl\/wp-content\/uploads\/2022\/01\/41b806d2-eddc-4ade-9f3a-06ade2796ddf-2-2-300x205.jpg 300w, https:\/\/radiorevelacionfm.cl\/wp-content\/uploads\/2022\/01\/41b806d2-eddc-4ade-9f3a-06ade2796ddf-2-2-768x524.jpg 768w, https:\/\/radiorevelacionfm.cl\/wp-content\/uploads\/2022\/01\/41b806d2-eddc-4ade-9f3a-06ade2796ddf-2-2-705x481.jpg 705w, https:\/\/radiorevelacionfm.cl\/wp-content\/uploads\/2022\/01\/41b806d2-eddc-4ade-9f3a-06ade2796ddf-2-2-600x410.jpg 600w\" sizes=\"(max-width: 879px) 100vw, 879px\" \/><\/div><\/div><\/div><\/div><div class=\"flex_column av_one_full  flex_column_div av-zero-column-padding first  avia-builder-el-2  el_after_av_one_full  el_before_av_one_full  column-top-margin\" style='border-radius:0px; '><section class=\"av_textblock_section \"  itemscope=\"itemscope\" itemtype=\"https:\/\/schema.org\/BlogPosting\" itemprop=\"blogPost\" ><div class='avia_textblock  '   itemprop=\"text\" ><p style=\"text-align: center;\"><span style=\"font-size: 18pt;\"><strong>Aclaran dos delitos de robo y logran recuperaci\u00f3n de m\u00faltiples especies en Puerto Ays\u00e9n<\/strong><\/span><\/p>\n<div id=\"gtx-trans\" style=\"position: absolute; left: -50px; top: 4.31534px;\">\n<div class=\"gtx-trans-icon\"><\/div>\n<\/div>\n<\/div><\/section><\/div><div class=\"flex_column av_one_full  flex_column_div av-zero-column-padding first  avia-builder-el-4  el_after_av_one_full  el_before_av_hr  column-top-margin\" style='border-radius:0px; '><section class=\"av_textblock_section \"  itemscope=\"itemscope\" itemtype=\"https:\/\/schema.org\/BlogPosting\" itemprop=\"blogPost\" ><div class='avia_textblock  '   itemprop=\"text\" ><p class=\"v1MsoNormal\" style=\"text-align: justify;\">Diligencias desarrolladas por personal de Carabineros de la Secci\u00f3n de Investigaci\u00f3n Policial (S.I.P) de dotaci\u00f3n de la Segunda Comisar\u00eda de Puerto Ays\u00e9n sumado a la entrega de antecedentes aportados de manera reservada por la comunidad, permiti\u00f3 la tarde del lunes \u2013en coordinaci\u00f3n con la Fiscal\u00eda- realizar una entrada y registro a un domicilio, siendo recuperada una gran cantidad de especies, logrando con ello el esclarecimiento de dos delito de robo a domicilios acaecidos en la comuna.<\/p>\n<p class=\"v1MsoNormal\" style=\"text-align: justify;\">\u00abTenemos electrodom\u00e9sticos, cocinas a gas, a le\u00f1a, herramientas de construcci\u00f3n, especies que fueron encontradas a ra\u00edz de las diligencias que se realizaron (&#8230;) hay especies -por cada delito- cuyo aval\u00fao supera el mill\u00f3n de pesos\u00bb, detall\u00f3 el Comisario de Puerto Ays\u00e9n, Mayor Patricio Bustos.<\/p>\n<p class=\"v1MsoNormal\" style=\"text-align: justify;\">Asimismo el Oficial Jefe destac\u00f3 que a ra\u00edz de los resultados de la investigaci\u00f3n se ha logrado dar respuesta a la comunidad en virtud de las denuncias formuladas a comienzos de noviembre del a\u00f1o 2021 por quienes han sido v\u00edctimas de delito.<\/p>\n<p class=\"v1MsoNormal\" style=\"text-align: justify;\">\u00abMuchas veces lo \u00fanico que espera la ciudadan\u00eda es recuperar las especies que les han sido sustra\u00eddas\u00bb, indic\u00f3.<\/p>\n<p class=\"v1MsoNormal\" style=\"text-align: justify;\">La diligencia permiti\u00f3 el esclarecimiento de dos delitos de robo a inmuebles particulares. \u00abAs\u00ed tambi\u00e9n mantenemos otras especies, en las cuales estamos trabajando para determinar a qu\u00e9 hecho se podr\u00eda relacionar. A\u00fan tenemos diligencias pendientes de acuerdo a lo que nos ha instruido el Ministerio P\u00fablico para continuar con la investigaci\u00f3n\u00bb, detall\u00f3 el Comisario.<\/p>\n<p class=\"v1MsoNormal\" style=\"text-align: justify;\">El Oficial a\u00f1adi\u00f3 que los presuntos responsables del hecho se encuentran identificados, mientras contin\u00faan las indagatorias para dar con su paradero.<\/p>\n<p class=\"v1MsoNormal\" style=\"text-align: justify;\">\u00abDestacar que los vecinos han realizado sus denuncias tal como lo hemos manifestado en los diferentes tipos de reuniones y estas denuncias nos permitieron determinar en forma categ\u00f3rica a qui\u00e9nes corresponden estas especies (&#8230;). A ra\u00edz de ello, las v\u00edctimas llegaron a nuestra Unidad policial, las pudieron identificar y reconocer como propias\u00bb, resalt\u00f3.<\/p>\n<p class=\"v1MsoNormal\" style=\"text-align: justify;\">El Mayor Bustos enfatiz\u00f3 en el llamado a la comunidad a denunciar los delitos. \u00abEso nos permite como Instituci\u00f3n investigar los hechos, conocer el modus operandi de los delincuentes, d\u00f3nde est\u00e1n ocurriendo los delitos y as\u00ed \u2013como en este caso luego de las diligencias investigativas- poder recuperar las especies y detener a estas personas\u00bb, sostuvo.<\/p>\n<\/div><\/section><\/div><div  style='height:50px' class='hr hr-invisible   avia-builder-el-6  el_after_av_one_full  el_before_av_social_share '><span class='hr-inner ' ><span class='hr-inner-style'><\/span><\/span><\/div><\/p>\n<div  class='av-social-sharing-box  avia-builder-el-7  el_after_av_hr  el_before_av_hr  '><div class='av-share-box'><h5 class='av-share-link-description av-no-toc '>Compartir esta noticia<\/h5><ul class='av-share-box-list noLightbox'><li class='av-share-link av-social-link-facebook' ><a target=\"_blank\" aria-label=\"Compartir en Facebook\" href='https:\/\/www.facebook.com\/sharer.php?u=https:\/\/radiorevelacionfm.cl\/?p=12497&#038;t=Aclaran%20dos%20delitos%20de%20robo%20y%20logran%20recuperaci%C3%B3n%20de%20m%C3%BAltiples%20especies%20en%20Puerto%20Ays%C3%A9n' aria-hidden='false' data-av_icon='\ue8f3' data-av_iconfont='entypo-fontello' title='' data-avia-related-tooltip='Compartir en Facebook' rel=\"noopener\"><span class='avia_hidden_link_text'>Compartir en Facebook<\/span><\/a><\/li><li class='av-share-link av-social-link-twitter' ><a target=\"_blank\" aria-label=\"Compartir en Twitter\" href='https:\/\/twitter.com\/share?text=Aclaran%20dos%20delitos%20de%20robo%20y%20logran%20recuperaci%C3%B3n%20de%20m%C3%BAltiples%20especies%20en%20Puerto%20Ays%C3%A9n&#038;url=https:\/\/radiorevelacionfm.cl\/?p=12497' aria-hidden='false' data-av_icon='\ue8f1' data-av_iconfont='entypo-fontello' title='' data-avia-related-tooltip='Compartir en Twitter' rel=\"noopener\"><span class='avia_hidden_link_text'>Compartir en Twitter<\/span><\/a><\/li><li class='av-share-link av-social-link-whatsapp' ><a target=\"_blank\" aria-label=\"Compartir en Whatsapp\" href='https:\/\/api.whatsapp.com\/send?text=https:\/\/radiorevelacionfm.cl\/?p=12497' aria-hidden='false' data-av_icon='\uf232' data-av_iconfont='entypo-fontello' title='' data-avia-related-tooltip='Compartir en Whatsapp' rel=\"noopener\"><span class='avia_hidden_link_text'>Compartir en Whatsapp<\/span><\/a><\/li><li class='av-share-link av-social-link-linkedin' ><a target=\"_blank\" aria-label=\"Compartir en LinkedIn\" href='https:\/\/linkedin.com\/shareArticle?mini=true&#038;title=Aclaran%20dos%20delitos%20de%20robo%20y%20logran%20recuperaci%C3%B3n%20de%20m%C3%BAltiples%20especies%20en%20Puerto%20Ays%C3%A9n&#038;url=https:\/\/radiorevelacionfm.cl\/?p=12497' aria-hidden='false' data-av_icon='\ue8fc' data-av_iconfont='entypo-fontello' title='' data-avia-related-tooltip='Compartir en LinkedIn' rel=\"noopener\"><span class='avia_hidden_link_text'>Compartir en LinkedIn<\/span><\/a><\/li><li class='av-share-link av-social-link-mail' ><a  aria-label=\"Compartir por correo\" href='mailto:?subject=Aclaran%20dos%20delitos%20de%20robo%20y%20logran%20recuperaci%C3%B3n%20de%20m%C3%BAltiples%20especies%20en%20Puerto%20Ays%C3%A9n&#038;body=https:\/\/radiorevelacionfm.cl\/?p=12497' aria-hidden='false' data-av_icon='\ue805' data-av_iconfont='entypo-fontello' title='' data-avia-related-tooltip='Compartir por correo'><span class='avia_hidden_link_text'>Compartir por correo<\/span><\/a><\/li><\/ul><\/div><\/div>\n<div  style='height:50px' class='hr hr-invisible   avia-builder-el-8  el_after_av_social_share  el_before_av_comments_list '><span class='hr-inner ' ><span class='hr-inner-style'><\/span><\/span><\/div>\n<div  class='av-buildercomment  av-blog-meta-html-info-disabled av-blog-meta-tag-disabled  '><\/div>\n","protected":false},"excerpt":{"rendered":"","protected":false},"author":1,"featured_media":12498,"comment_status":"open","ping_status":"open","sticky":false,"template":"","format":"standard","meta":{"footnotes":""},"categories":[36],"tags":[],"class_list":["post-12497","post","type-post","status-publish","format-standard","has-post-thumbnail","hentry","category-policial"],"jetpack_featured_media_url":"https:\/\/radiorevelacionfm.cl\/wp-content\/uploads\/2022\/01\/41b806d2-eddc-4ade-9f3a-06ade2796ddf-2-2.jpg","_links":{"self":[{"href":"https:\/\/radiorevelacionfm.cl\/index.php?rest_route=\/wp\/v2\/posts\/12497","targetHints":{"allow":["GET"]}}],"collection":[{"href":"https:\/\/radiorevelacionfm.cl\/index.php?rest_route=\/wp\/v2\/posts"}],"about":[{"href":"https:\/\/radiorevelacionfm.cl\/index.php?rest_route=\/wp\/v2\/types\/post"}],"author":[{"embeddable":true,"href":"https:\/\/radiorevelacionfm.cl\/index.php?rest_route=\/wp\/v2\/users\/1"}],"replies":[{"embeddable":true,"href":"https:\/\/radiorevelacionfm.cl\/index.php?rest_route=%2Fwp%2Fv2%2Fcomments&post=12497"}],"version-history":[{"count":2,"href":"https:\/\/radiorevelacionfm.cl\/index.php?rest_route=\/wp\/v2\/posts\/12497\/revisions"}],"predecessor-version":[{"id":12500,"href":"https:\/\/radiorevelacionfm.cl\/index.php?rest_route=\/wp\/v2\/posts\/12497\/revisions\/12500"}],"wp:featuredmedia":[{"embeddable":true,"href":"https:\/\/radiorevelacionfm.cl\/index.php?rest_route=\/wp\/v2\/media\/12498"}],"wp:attachment":[{"href":"https:\/\/radiorevelacionfm.cl\/index.php?rest_route=%2Fwp%2Fv2%2Fmedia&parent=12497"}],"wp:term":[{"taxonomy":"category","embeddable":true,"href":"https:\/\/radiorevelacionfm.cl\/index.php?rest_route=%2Fwp%2Fv2%2Fcategories&post=12497"},{"taxonomy":"post_tag","embeddable":true,"href":"https:\/\/radiorevelacionfm.cl\/index.php?rest_route=%2Fwp%2Fv2%2Ftags&post=12497"}],"curies":[{"name":"wp","href":"https:\/\/api.w.org\/{rel}","templated":true}]}}