{"id":12492,"date":"2022-01-04T18:04:13","date_gmt":"2022-01-04T21:04:13","guid":{"rendered":"https:\/\/radiorevelacionfm.cl\/?p=12492"},"modified":"2022-01-04T18:04:36","modified_gmt":"2022-01-04T21:04:36","slug":"estudiantes-aiseninos-obtienen-2do-lugar-en-premio-de-talento-digital-escolar-los-creadores","status":"publish","type":"post","link":"https:\/\/radiorevelacionfm.cl\/?p=12492","title":{"rendered":"Estudiantes aiseninos obtienen 2do lugar en Premio de Talento Digital Escolar Los Creadores"},"content":{"rendered":"<div class=\"flex_column av_one_full  flex_column_div av-zero-column-padding first  avia-builder-el-0  el_before_av_one_full  avia-builder-el-first  \" style='border-radius:0px; '><div  class='avia-image-container  av-styling-    avia-builder-el-1  avia-builder-el-no-sibling  avia-align-center '  itemprop=\"image\" itemscope=\"itemscope\" itemtype=\"https:\/\/schema.org\/ImageObject\"  ><div class='avia-image-container-inner'><div class='avia-image-overlay-wrap'><img decoding=\"async\" class='wp-image-12493 avia-img-lazy-loading-not-12493 avia_image' src=\"https:\/\/radiorevelacionfm.cl\/wp-content\/uploads\/2022\/01\/image-18_optimized.jpg\" alt='' title='image-18_optimized' height=\"600\" width=\"956\"  itemprop=\"thumbnailUrl\" srcset=\"https:\/\/radiorevelacionfm.cl\/wp-content\/uploads\/2022\/01\/image-18_optimized.jpg 956w, https:\/\/radiorevelacionfm.cl\/wp-content\/uploads\/2022\/01\/image-18_optimized-300x188.jpg 300w, https:\/\/radiorevelacionfm.cl\/wp-content\/uploads\/2022\/01\/image-18_optimized-768x482.jpg 768w, https:\/\/radiorevelacionfm.cl\/wp-content\/uploads\/2022\/01\/image-18_optimized-705x442.jpg 705w, https:\/\/radiorevelacionfm.cl\/wp-content\/uploads\/2022\/01\/image-18_optimized-600x377.jpg 600w\" sizes=\"(max-width: 956px) 100vw, 956px\" \/><\/div><\/div><\/div><\/div><div class=\"flex_column av_one_full  flex_column_div av-zero-column-padding first  avia-builder-el-2  el_after_av_one_full  el_before_av_one_full  column-top-margin\" style='border-radius:0px; '><section class=\"av_textblock_section \"  itemscope=\"itemscope\" itemtype=\"https:\/\/schema.org\/BlogPosting\" itemprop=\"blogPost\" ><div class='avia_textblock  '   itemprop=\"text\" ><p style=\"text-align: center;\"><strong><span style=\"font-size: 18pt;\">Estudiantes aiseninos obtienen 2do lugar en Premio de Talento Digital Escolar Los Creadores<\/span><\/strong><\/p>\n<div id=\"gtx-trans\" style=\"position: absolute; left: -50px; top: 4.31534px;\">\n<div class=\"gtx-trans-icon\"><\/div>\n<\/div>\n<\/div><\/section><\/div><div class=\"flex_column av_one_full  flex_column_div av-zero-column-padding first  avia-builder-el-4  el_after_av_one_full  el_before_av_hr  column-top-margin\" style='border-radius:0px; '><section class=\"av_textblock_section \"  itemscope=\"itemscope\" itemtype=\"https:\/\/schema.org\/BlogPosting\" itemprop=\"blogPost\" ><div class='avia_textblock  '   itemprop=\"text\" ><p style=\"text-align: justify;\">Por quinto a\u00f1o consecutivo se realiz\u00f3 el Premio de Talento Digital Escolar, Los Creadores; cuyo prop\u00f3sito es visibilizar e impulsar a los talentos digitales de nuestro pa\u00eds e instalar la innovaci\u00f3n temprana en el sistema escolar. Los 16 equipos que resultaron ganadores de sus respectivas regiones viajaron a Santiago para vivir una experiencia de bootcamp de innovaci\u00f3n y tecnolog\u00eda y por primera vez tener una final televisada en los estudios de TVN y transmitida por la se\u00f1al cultural NTV.<\/p>\n<p style=\"text-align: justify;\">38 alumnos de todo Chile y 16 docentes fueron reconocidos como talentos digitales y como creadores de soluciones innovadoras que pueden ser replicadas en otras comunidades y que tienen un alto potencial de escalamiento; las que en su mayor\u00eda se enfocaron en los desaf\u00edos ODS de eficiencia h\u00eddrica, salud, inclusi\u00f3n, medioambiente, ciudad inteligente y educaci\u00f3n.<\/p>\n<p style=\"text-align: justify;\">En esta nueva edici\u00f3n, el ganador del primer lugar nacional 2021 fue el equipo del Colegio San Jorge \u201cCan Reflect: el poder de la lata\u201d, de la Regi\u00f3n del Maule, conformado por Valentina San Mart\u00edn, Pedro Jim\u00e9nez, ambos de 4\u00b0 medio, y su docente Jorge Soto. Su proyecto brinda un nuevo uso a las latas de aluminio de diversos bebestibles a trav\u00e9s de la creaci\u00f3n de placas reflectoras de luz solar para mejorar la coloraci\u00f3n y maduraci\u00f3n de los frutos que necesitan de luz solar directa para terminar su correcto desarrollo.<\/p>\n<p style=\"text-align: justify;\">El segundo lugar se lo adjudic\u00f3 el equipo de la Escuela Rural R\u00edo Blanco de la Regi\u00f3n de Ays\u00e9n con el proyecto \u201cHuemul Safe: sistema de alerta para evitar el atropello de huemules\u201d, una iniciativa que busca prevenir accidentes con estos animales mediante un dispositivo electr\u00f3nico de monitoreo conectado de forma remota a una baliza que da aviso temprano a los conductores que circulan por la ruta.<\/p>\n<p style=\"text-align: justify;\">El equipo compuesto por los alumnos de 7\u00b0 b\u00e1sico, B\u00e1rbara Reyes y Marcelo Llanqu\u00edn, junto a su profesor Patricio Mu\u00f1oz, dise\u00f1aron su prototipo con tecnolog\u00eda Micro:bit para cuidar la fauna de nuestro pa\u00eds.<\/p>\n<p style=\"text-align: justify;\">Por \u00faltimo, el tercer lugar se lo qued\u00f3 el proyecto \u201cEthanol 0\u201d del Liceo Bicentenario de Excelencia Industrial Federico Schwager, Regi\u00f3n del B\u00edo B\u00edo. Aram Meza, Jos\u00e9 Manuel Nu\u00f1ez, Carlos Heredia y Scarleth Gonz\u00e1lez, estudiantes de 2\u00b0 y 4\u00b0 medio, guiados por su tutor Jerem\u00edas Jara, dise\u00f1aron un sensor de seguridad que con una placa Arduino detecta alcohol en el aliento de una persona que se dispone a conducir. Cuando se observan niveles por encima de lo permitido por la ley, este bloquea el encendido del veh\u00edculo y, de esta manera, previene accidentes de tr\u00e1nsito.<\/p>\n<p style=\"text-align: justify;\">La Gerenta de Sensibilizaci\u00f3n de Fundaci\u00f3n Kodea, Karla Cantuarias, se\u00f1al\u00f3 que \u201clo que hemos visto este a\u00f1o es un verdadero desfile de modas, pero de una moda que queremos que se instale en las escuelas con foco en la innovaci\u00f3n, colaboraci\u00f3n y el trabajo en equipo. Una moda de empat\u00eda, de entender que la tecnolog\u00eda permite habilitar procesos y soluciones para resolver los desaf\u00edos que los ni\u00f1os y ni\u00f1as identifican de sus comunidades y del planeta\u201d.<\/p>\n<p style=\"text-align: justify;\"><strong>Final con sistema de pitch, televisi\u00f3n y bootcamp<\/strong><\/p>\n<p style=\"text-align: justify;\">En esta quinta versi\u00f3n de Los Creadores, el proceso de evaluaci\u00f3n incluy\u00f3 una etapa de pitch en vivo con la que se evalu\u00f3 el criterio de comunicaci\u00f3n de los equipos, lo que fue televisado y transmitido en vivo por la se\u00f1al cultural de TVN, NTV. Esa presentaci\u00f3n, equivalente al 25%, se sum\u00f3 a la evaluaci\u00f3n del jurado nacional los que analizaron la innovaci\u00f3n, aprendizaje, potencial y la tecnolog\u00eda utilizada en los proyectos, con una nota que ascendi\u00f3 al 75%.<\/p>\n<p style=\"text-align: justify;\">Como ya es tradici\u00f3n, el premio para todos los equipos, fue venir a Santiago y participar del bootcamp de innovaci\u00f3n, emprendimiento y tecnolog\u00eda que se realiz\u00f3 junto al c\u00edrculo de innovaci\u00f3n de Icare. Sus ejecutivos les entregaron un feedback directo sobre sus soluciones a los equipos y compartieron su experiencia y contactos para seguir conectados en sus regiones con instituciones que les permitan escalar sus ideas y proyectos.<\/p>\n<p style=\"text-align: justify;\">Al respecto, Rom\u00e1n Yosif, miembro del C\u00edrculo de Innovaci\u00f3n de ICARE y Director Ejecutivo de Laboratorio de Gobierno, destac\u00f3 el nivel de todos los proyectos ganadores y asever\u00f3 que \u201ces realmente impactante el conocimiento que manejan al exponer y al presentar las problem\u00e1ticas. Las habilidades de comunicaci\u00f3n que todos los equipos tienen para plantear sus innovaciones no hacen m\u00e1s que enrostrarnos que aqu\u00ed hay una cantidad inmensa de talento que instancias como estas ayudan a visibilizar\u201d.<\/p>\n<p style=\"text-align: justify;\">Los ganadores del primer lugar nacional viajar\u00e1n a Boston, Estados Unidos, en mayo del 2022 a presentar y compartir su proyecto con expertos en materias STEM de la regi\u00f3n n\u00b01 en innovaci\u00f3n como es Massachusetts.<\/p>\n<\/div><\/section><\/div><div  style='height:50px' class='hr hr-invisible   avia-builder-el-6  el_after_av_one_full  el_before_av_social_share '><span class='hr-inner ' ><span class='hr-inner-style'><\/span><\/span><\/div><\/p>\n<div  class='av-social-sharing-box  avia-builder-el-7  el_after_av_hr  el_before_av_hr  '><div class='av-share-box'><h5 class='av-share-link-description av-no-toc '>Compartir esta noticia<\/h5><ul class='av-share-box-list noLightbox'><li class='av-share-link av-social-link-facebook' ><a target=\"_blank\" aria-label=\"Compartir en Facebook\" href='https:\/\/www.facebook.com\/sharer.php?u=https:\/\/radiorevelacionfm.cl\/?p=12492&#038;t=Estudiantes%20aiseninos%20obtienen%202do%20lugar%20en%20Premio%20de%20Talento%20Digital%20Escolar%20Los%20Creadores' aria-hidden='false' data-av_icon='\ue8f3' data-av_iconfont='entypo-fontello' title='' data-avia-related-tooltip='Compartir en Facebook' rel=\"noopener\"><span class='avia_hidden_link_text'>Compartir en Facebook<\/span><\/a><\/li><li class='av-share-link av-social-link-twitter' ><a target=\"_blank\" aria-label=\"Compartir en Twitter\" href='https:\/\/twitter.com\/share?text=Estudiantes%20aiseninos%20obtienen%202do%20lugar%20en%20Premio%20de%20Talento%20Digital%20Escolar%20Los%20Creadores&#038;url=https:\/\/radiorevelacionfm.cl\/?p=12492' aria-hidden='false' data-av_icon='\ue8f1' data-av_iconfont='entypo-fontello' title='' data-avia-related-tooltip='Compartir en Twitter' rel=\"noopener\"><span class='avia_hidden_link_text'>Compartir en Twitter<\/span><\/a><\/li><li class='av-share-link av-social-link-whatsapp' ><a target=\"_blank\" aria-label=\"Compartir en Whatsapp\" href='https:\/\/api.whatsapp.com\/send?text=https:\/\/radiorevelacionfm.cl\/?p=12492' aria-hidden='false' data-av_icon='\uf232' data-av_iconfont='entypo-fontello' title='' data-avia-related-tooltip='Compartir en Whatsapp' rel=\"noopener\"><span class='avia_hidden_link_text'>Compartir en Whatsapp<\/span><\/a><\/li><li class='av-share-link av-social-link-linkedin' ><a target=\"_blank\" aria-label=\"Compartir en LinkedIn\" href='https:\/\/linkedin.com\/shareArticle?mini=true&#038;title=Estudiantes%20aiseninos%20obtienen%202do%20lugar%20en%20Premio%20de%20Talento%20Digital%20Escolar%20Los%20Creadores&#038;url=https:\/\/radiorevelacionfm.cl\/?p=12492' aria-hidden='false' data-av_icon='\ue8fc' data-av_iconfont='entypo-fontello' title='' data-avia-related-tooltip='Compartir en LinkedIn' rel=\"noopener\"><span class='avia_hidden_link_text'>Compartir en LinkedIn<\/span><\/a><\/li><li class='av-share-link av-social-link-mail' ><a  aria-label=\"Compartir por correo\" href='mailto:?subject=Estudiantes%20aiseninos%20obtienen%202do%20lugar%20en%20Premio%20de%20Talento%20Digital%20Escolar%20Los%20Creadores&#038;body=https:\/\/radiorevelacionfm.cl\/?p=12492' aria-hidden='false' data-av_icon='\ue805' data-av_iconfont='entypo-fontello' title='' data-avia-related-tooltip='Compartir por correo'><span class='avia_hidden_link_text'>Compartir por correo<\/span><\/a><\/li><\/ul><\/div><\/div>\n<div  style='height:50px' class='hr hr-invisible   avia-builder-el-8  el_after_av_social_share  el_before_av_comments_list '><span class='hr-inner ' ><span class='hr-inner-style'><\/span><\/span><\/div>\n<div  class='av-buildercomment  av-blog-meta-html-info-disabled av-blog-meta-tag-disabled  '><\/div>\n","protected":false},"excerpt":{"rendered":"","protected":false},"author":1,"featured_media":12493,"comment_status":"open","ping_status":"open","sticky":false,"template":"","format":"standard","meta":{"footnotes":""},"categories":[38],"tags":[],"class_list":["post-12492","post","type-post","status-publish","format-standard","has-post-thumbnail","hentry","category-regional"],"jetpack_featured_media_url":"https:\/\/radiorevelacionfm.cl\/wp-content\/uploads\/2022\/01\/image-18_optimized.jpg","_links":{"self":[{"href":"https:\/\/radiorevelacionfm.cl\/index.php?rest_route=\/wp\/v2\/posts\/12492","targetHints":{"allow":["GET"]}}],"collection":[{"href":"https:\/\/radiorevelacionfm.cl\/index.php?rest_route=\/wp\/v2\/posts"}],"about":[{"href":"https:\/\/radiorevelacionfm.cl\/index.php?rest_route=\/wp\/v2\/types\/post"}],"author":[{"embeddable":true,"href":"https:\/\/radiorevelacionfm.cl\/index.php?rest_route=\/wp\/v2\/users\/1"}],"replies":[{"embeddable":true,"href":"https:\/\/radiorevelacionfm.cl\/index.php?rest_route=%2Fwp%2Fv2%2Fcomments&post=12492"}],"version-history":[{"count":3,"href":"https:\/\/radiorevelacionfm.cl\/index.php?rest_route=\/wp\/v2\/posts\/12492\/revisions"}],"predecessor-version":[{"id":12495,"href":"https:\/\/radiorevelacionfm.cl\/index.php?rest_route=\/wp\/v2\/posts\/12492\/revisions\/12495"}],"wp:featuredmedia":[{"embeddable":true,"href":"https:\/\/radiorevelacionfm.cl\/index.php?rest_route=\/wp\/v2\/media\/12493"}],"wp:attachment":[{"href":"https:\/\/radiorevelacionfm.cl\/index.php?rest_route=%2Fwp%2Fv2%2Fmedia&parent=12492"}],"wp:term":[{"taxonomy":"category","embeddable":true,"href":"https:\/\/radiorevelacionfm.cl\/index.php?rest_route=%2Fwp%2Fv2%2Fcategories&post=12492"},{"taxonomy":"post_tag","embeddable":true,"href":"https:\/\/radiorevelacionfm.cl\/index.php?rest_route=%2Fwp%2Fv2%2Ftags&post=12492"}],"curies":[{"name":"wp","href":"https:\/\/api.w.org\/{rel}","templated":true}]}}