{"id":12487,"date":"2022-01-05T09:27:45","date_gmt":"2022-01-05T12:27:45","guid":{"rendered":"https:\/\/radiorevelacionfm.cl\/?p=12487"},"modified":"2022-01-05T09:27:45","modified_gmt":"2022-01-05T12:27:45","slug":"proyecto-de-pension-garantizada-avanza-al-senado-luego-de-aprobacion-unanime-en-la-camara-de-diputados","status":"publish","type":"post","link":"https:\/\/radiorevelacionfm.cl\/?p=12487","title":{"rendered":"Proyecto de Pensi\u00f3n Garantizada avanza al Senado luego de aprobaci\u00f3n un\u00e1nime en la C\u00e1mara de Diputados"},"content":{"rendered":"<div class=\"flex_column av_one_full  flex_column_div av-zero-column-padding first  avia-builder-el-0  el_before_av_one_full  avia-builder-el-first  \" style='border-radius:0px; '><div  class='avia-image-container  av-styling-    avia-builder-el-1  avia-builder-el-no-sibling  avia-align-center '  itemprop=\"image\" itemscope=\"itemscope\" itemtype=\"https:\/\/schema.org\/ImageObject\"  ><div class='avia-image-container-inner'><div class='avia-image-overlay-wrap'><img decoding=\"async\" class='wp-image-12488 avia-img-lazy-loading-not-12488 avia_image' src=\"https:\/\/radiorevelacionfm.cl\/wp-content\/uploads\/2022\/01\/pgu-camara-de-diputados-2-2_optimized.jpeg\" alt='' title='pgu-c\u00e1mara-de-diputados-2-2_optimized' height=\"600\" width=\"901\"  itemprop=\"thumbnailUrl\" srcset=\"https:\/\/radiorevelacionfm.cl\/wp-content\/uploads\/2022\/01\/pgu-camara-de-diputados-2-2_optimized.jpeg 901w, https:\/\/radiorevelacionfm.cl\/wp-content\/uploads\/2022\/01\/pgu-camara-de-diputados-2-2_optimized-300x200.jpeg 300w, https:\/\/radiorevelacionfm.cl\/wp-content\/uploads\/2022\/01\/pgu-camara-de-diputados-2-2_optimized-768x511.jpeg 768w, https:\/\/radiorevelacionfm.cl\/wp-content\/uploads\/2022\/01\/pgu-camara-de-diputados-2-2_optimized-705x469.jpeg 705w, https:\/\/radiorevelacionfm.cl\/wp-content\/uploads\/2022\/01\/pgu-camara-de-diputados-2-2_optimized-600x400.jpeg 600w\" sizes=\"(max-width: 901px) 100vw, 901px\" \/><\/div><\/div><\/div><\/div><div class=\"flex_column av_one_full  flex_column_div av-zero-column-padding first  avia-builder-el-2  el_after_av_one_full  el_before_av_one_full  column-top-margin\" style='border-radius:0px; '><section class=\"av_textblock_section \"  itemscope=\"itemscope\" itemtype=\"https:\/\/schema.org\/BlogPosting\" itemprop=\"blogPost\" ><div class='avia_textblock  '   itemprop=\"text\" ><p style=\"text-align: center;\"><strong><span style=\"font-size: 18pt;\">Proyecto de Pensi\u00f3n Garantizada avanza al Senado luego de aprobaci\u00f3n un\u00e1nime en la C\u00e1mara de Diputados<\/span><\/strong><\/p>\n<div id=\"gtx-trans\" style=\"position: absolute; left: -50px; top: 4.31534px;\">\n<div class=\"gtx-trans-icon\"><\/div>\n<\/div>\n<\/div><\/section><\/div><div class=\"flex_column av_one_full  flex_column_div av-zero-column-padding first  avia-builder-el-4  el_after_av_one_full  el_before_av_hr  column-top-margin\" style='border-radius:0px; '><section class=\"av_textblock_section \"  itemscope=\"itemscope\" itemtype=\"https:\/\/schema.org\/BlogPosting\" itemprop=\"blogPost\" ><div class='avia_textblock  '   itemprop=\"text\" ><p class=\"v1MsoNormal\" style=\"text-align: justify;\"><span lang=\"ES-MX\">Este lunes 3 de enero 2022 se aprob\u00f3 en general en la C\u00e1mara de Diputados el proyecto de ley de Pensi\u00f3n Garantizada Universal presentado por el Gobierno. Al respecto la Delegada Regional de Ays\u00e9n, Margarita Ossa, afirm\u00f3, \u00abComo Gobierno valoramos que este proyecto de Pensi\u00f3n Garantizada Universal vaya avanzando en el Congreso porque implica finalmente un avance en la calidad de vida de miles de personas. Y en caso de concretarse este proyecto, ser\u00eda un logro relevante \u2013 en especial para nuestro Presidente Sebasti\u00e1n Pi\u00f1era \u2013 porque ha insistido y trabajado desde el d\u00eda uno por mejorar las pensiones de todos y es de esperar que el Senado ratifique la determinaci\u00f3n de los diputados para que miles de personas vean incrementadas sus pensiones durante el primer trimestre, en montos que son un incremento importante\u00bb. <\/span><\/p>\n<p class=\"v1MsoNormal\" style=\"text-align: justify;\"><span lang=\"ES-MX\">Por su parte, la Seremi de Trabajo y Previsi\u00f3n Social, Andrea Ponce, coment\u00f3 sobre los potenciales beneficiarios regionales, \u00abComo Ministerio del Trabajo y Previsi\u00f3n Social queremos destacar el avance al Senado del Proyecto de ley de Pensi\u00f3n Garantizada gracias a la aprobaci\u00f3n un\u00e1nime de la C\u00e1mara de Diputados. En la Regi\u00f3n de Ays\u00e9n ser\u00edan m\u00e1s de 10.000 los potenciales beneficiarios, teniendo en cuenta que, de aprobarse, aumentar\u00e1 la pensi\u00f3n de todos los pensionados y pensionadas mayores de 65 a\u00f1os que est\u00e9n en el 90% de menores ingresos, lo cual incluye a quienes hoy reciben los apoyos estatales de la Pensi\u00f3n B\u00e1sica Solidaria que son 3.531 y a quienes reciben el aporte solidario que son 6.787, totalizando 10.318 personas a noviembre de 2021. A ellos se debe sumar adem\u00e1s a quienes reciben pensiones de las AFP sin aporte estatal\u00bb.<\/span><\/p>\n<p class=\"v1MsoNormal\" style=\"text-align: justify;\"><span lang=\"ES-MX\">Con respecto a su aplicaci\u00f3n, la autoridad mencion\u00f3, \u00abLa Pensi\u00f3n Garantizada ser\u00e1 una transferencia mensual de hasta $185.000, a trav\u00e9s del Instituto de Previsi\u00f3n Social, IPS, y supervisado por la Superintendencia de Pensiones. Este monto se entregar\u00e1 a todas las personas que cumplan con los requisitos de accesos indicados, y que cuenten con una pensi\u00f3n base igual o menor a los $630.000 mensuales. De igual forma, para los pensionados que cuenten con una pensi\u00f3n base superior a los $630.000 y de hasta $1.000.000, el monto del beneficio disminuir\u00e1 gradualmente\u00bb, explic\u00f3 Ponce. \u00a0<\/span><\/p>\n<p class=\"v1MsoNormal\" style=\"text-align: justify;\"><span lang=\"ES-MX\">\u00abPrimero que todo destacar el apoyo un\u00e1nime de la C\u00e1mara de Diputados, porque a trav\u00e9s de este gesto se sientan las bases para la dignidad que deben tener nuestros adultos mayores, porque la tem\u00e1tica de las pensiones en nuestro pa\u00eds es un desaf\u00edo clave y que debe resolverse a la brevedad y ahora hemos dado un gran paso\u00bb, explic\u00f3 Marcelo J\u00e9lvez, Seremi de Desarrollo Social y Familia de la Regi\u00f3n de Ays\u00e9n. <\/span><\/p>\n<p class=\"v1MsoNormal\" style=\"text-align: justify;\"><span lang=\"ES-MX\">\u00abEste hito marca un precedente que nos demuestra que cuando se a\u00fanan las voluntades, s\u00ed se puede avanzar. Adem\u00e1s, los recursos para la Pensi\u00f3n Garantizada Universal, desde el punto de vista del Gobierno, est\u00e1n completamente financiados. Ahora, hay que esperar que la tramitaci\u00f3n siga su curso y que este nuevo aporte a las pensiones se comience a pagar lo antes posible\u00bb, detall\u00f3 el Secretario Regional Ministerial.<\/span><\/p>\n<p class=\"v1MsoNormal\" style=\"text-align: justify;\"><span lang=\"ES-MX\">De ser aprobado este proyecto de ley, ser\u00e1n m\u00e1s de 2 millones los pensionados y pensionadas beneficiarios a nivel nacional. <\/span><span lang=\"ES\">La implementaci\u00f3n de la Pensi\u00f3n Garantizada Universal implica el traspaso de todas las personas y menciones del actual Sistema de Pensiones Solidarias a este nuevo beneficio, que ser\u00e1 un piso sobre el cual recibir\u00e1n, adem\u00e1s, su pensi\u00f3n autofinanciada.<\/span><\/p>\n<p class=\"v1MsoNormal\" style=\"text-align: justify;\"><span lang=\"ES\">\u00a0<\/span><\/p>\n<\/div><\/section><\/div><div  style='height:50px' class='hr hr-invisible   avia-builder-el-6  el_after_av_one_full  el_before_av_social_share '><span class='hr-inner ' ><span class='hr-inner-style'><\/span><\/span><\/div><\/p>\n<div  class='av-social-sharing-box  avia-builder-el-7  el_after_av_hr  el_before_av_hr  '><div class='av-share-box'><h5 class='av-share-link-description av-no-toc '>Compartir esta noticia<\/h5><ul class='av-share-box-list noLightbox'><li class='av-share-link av-social-link-facebook' ><a target=\"_blank\" aria-label=\"Compartir en Facebook\" href='https:\/\/www.facebook.com\/sharer.php?u=https:\/\/radiorevelacionfm.cl\/?p=12487&#038;t=Proyecto%20de%20Pensi%C3%B3n%20Garantizada%20avanza%20al%20Senado%20luego%20de%20aprobaci%C3%B3n%20un%C3%A1nime%20en%20la%20C%C3%A1mara%20de%20Diputados' aria-hidden='false' data-av_icon='\ue8f3' data-av_iconfont='entypo-fontello' title='' data-avia-related-tooltip='Compartir en Facebook' rel=\"noopener\"><span class='avia_hidden_link_text'>Compartir en Facebook<\/span><\/a><\/li><li class='av-share-link av-social-link-twitter' ><a target=\"_blank\" aria-label=\"Compartir en Twitter\" href='https:\/\/twitter.com\/share?text=Proyecto%20de%20Pensi%C3%B3n%20Garantizada%20avanza%20al%20Senado%20luego%20de%20aprobaci%C3%B3n%20un%C3%A1nime%20en%20la%20C%C3%A1mara%20de%20Diputados&#038;url=https:\/\/radiorevelacionfm.cl\/?p=12487' aria-hidden='false' data-av_icon='\ue8f1' data-av_iconfont='entypo-fontello' title='' data-avia-related-tooltip='Compartir en Twitter' rel=\"noopener\"><span class='avia_hidden_link_text'>Compartir en Twitter<\/span><\/a><\/li><li class='av-share-link av-social-link-whatsapp' ><a target=\"_blank\" aria-label=\"Compartir en Whatsapp\" href='https:\/\/api.whatsapp.com\/send?text=https:\/\/radiorevelacionfm.cl\/?p=12487' aria-hidden='false' data-av_icon='\uf232' data-av_iconfont='entypo-fontello' title='' data-avia-related-tooltip='Compartir en Whatsapp' rel=\"noopener\"><span class='avia_hidden_link_text'>Compartir en Whatsapp<\/span><\/a><\/li><li class='av-share-link av-social-link-linkedin' ><a target=\"_blank\" aria-label=\"Compartir en LinkedIn\" href='https:\/\/linkedin.com\/shareArticle?mini=true&#038;title=Proyecto%20de%20Pensi%C3%B3n%20Garantizada%20avanza%20al%20Senado%20luego%20de%20aprobaci%C3%B3n%20un%C3%A1nime%20en%20la%20C%C3%A1mara%20de%20Diputados&#038;url=https:\/\/radiorevelacionfm.cl\/?p=12487' aria-hidden='false' data-av_icon='\ue8fc' data-av_iconfont='entypo-fontello' title='' data-avia-related-tooltip='Compartir en LinkedIn' rel=\"noopener\"><span class='avia_hidden_link_text'>Compartir en LinkedIn<\/span><\/a><\/li><li class='av-share-link av-social-link-mail' ><a  aria-label=\"Compartir por correo\" href='mailto:?subject=Proyecto%20de%20Pensi%C3%B3n%20Garantizada%20avanza%20al%20Senado%20luego%20de%20aprobaci%C3%B3n%20un%C3%A1nime%20en%20la%20C%C3%A1mara%20de%20Diputados&#038;body=https:\/\/radiorevelacionfm.cl\/?p=12487' aria-hidden='false' data-av_icon='\ue805' data-av_iconfont='entypo-fontello' title='' data-avia-related-tooltip='Compartir por correo'><span class='avia_hidden_link_text'>Compartir por correo<\/span><\/a><\/li><\/ul><\/div><\/div>\n<div  style='height:50px' class='hr hr-invisible   avia-builder-el-8  el_after_av_social_share  el_before_av_comments_list '><span class='hr-inner ' ><span class='hr-inner-style'><\/span><\/span><\/div>\n<div  class='av-buildercomment  av-blog-meta-html-info-disabled av-blog-meta-tag-disabled  '><\/div>\n","protected":false},"excerpt":{"rendered":"","protected":false},"author":1,"featured_media":12488,"comment_status":"open","ping_status":"open","sticky":false,"template":"","format":"standard","meta":{"footnotes":""},"categories":[35],"tags":[],"class_list":["post-12487","post","type-post","status-publish","format-standard","has-post-thumbnail","hentry","category-politica"],"jetpack_featured_media_url":"https:\/\/radiorevelacionfm.cl\/wp-content\/uploads\/2022\/01\/pgu-camara-de-diputados-2-2_optimized.jpeg","_links":{"self":[{"href":"https:\/\/radiorevelacionfm.cl\/index.php?rest_route=\/wp\/v2\/posts\/12487","targetHints":{"allow":["GET"]}}],"collection":[{"href":"https:\/\/radiorevelacionfm.cl\/index.php?rest_route=\/wp\/v2\/posts"}],"about":[{"href":"https:\/\/radiorevelacionfm.cl\/index.php?rest_route=\/wp\/v2\/types\/post"}],"author":[{"embeddable":true,"href":"https:\/\/radiorevelacionfm.cl\/index.php?rest_route=\/wp\/v2\/users\/1"}],"replies":[{"embeddable":true,"href":"https:\/\/radiorevelacionfm.cl\/index.php?rest_route=%2Fwp%2Fv2%2Fcomments&post=12487"}],"version-history":[{"count":2,"href":"https:\/\/radiorevelacionfm.cl\/index.php?rest_route=\/wp\/v2\/posts\/12487\/revisions"}],"predecessor-version":[{"id":12501,"href":"https:\/\/radiorevelacionfm.cl\/index.php?rest_route=\/wp\/v2\/posts\/12487\/revisions\/12501"}],"wp:featuredmedia":[{"embeddable":true,"href":"https:\/\/radiorevelacionfm.cl\/index.php?rest_route=\/wp\/v2\/media\/12488"}],"wp:attachment":[{"href":"https:\/\/radiorevelacionfm.cl\/index.php?rest_route=%2Fwp%2Fv2%2Fmedia&parent=12487"}],"wp:term":[{"taxonomy":"category","embeddable":true,"href":"https:\/\/radiorevelacionfm.cl\/index.php?rest_route=%2Fwp%2Fv2%2Fcategories&post=12487"},{"taxonomy":"post_tag","embeddable":true,"href":"https:\/\/radiorevelacionfm.cl\/index.php?rest_route=%2Fwp%2Fv2%2Ftags&post=12487"}],"curies":[{"name":"wp","href":"https:\/\/api.w.org\/{rel}","templated":true}]}}