{"id":12483,"date":"2022-01-04T16:39:26","date_gmt":"2022-01-04T19:39:26","guid":{"rendered":"https:\/\/radiorevelacionfm.cl\/?p=12483"},"modified":"2022-01-04T16:39:26","modified_gmt":"2022-01-04T19:39:26","slug":"rene-alinco-se-suma-a-presentacion-de-recurso-de-proteccion-para-frenar-licitacion-del-litio","status":"publish","type":"post","link":"https:\/\/radiorevelacionfm.cl\/?p=12483","title":{"rendered":"Ren\u00e9 Alinco se suma a presentaci\u00f3n de recurso de protecci\u00f3n para frenar licitaci\u00f3n del litio"},"content":{"rendered":"<div class=\"flex_column av_one_full  flex_column_div av-zero-column-padding first  avia-builder-el-0  el_before_av_one_full  avia-builder-el-first  \" style='border-radius:0px; '><div  class='avia-image-container  av-styling-    avia-builder-el-1  avia-builder-el-no-sibling  avia-align-center '  itemprop=\"image\" itemscope=\"itemscope\" itemtype=\"https:\/\/schema.org\/ImageObject\"  ><div class='avia-image-container-inner'><div class='avia-image-overlay-wrap'><img decoding=\"async\" class='wp-image-12484 avia-img-lazy-loading-not-12484 avia_image' src=\"https:\/\/radiorevelacionfm.cl\/wp-content\/uploads\/2022\/01\/diputado-Alinco.jpeg\" alt='' title='diputado Alinco' height=\"600\" width=\"800\"  itemprop=\"thumbnailUrl\" srcset=\"https:\/\/radiorevelacionfm.cl\/wp-content\/uploads\/2022\/01\/diputado-Alinco.jpeg 800w, https:\/\/radiorevelacionfm.cl\/wp-content\/uploads\/2022\/01\/diputado-Alinco-300x225.jpeg 300w, https:\/\/radiorevelacionfm.cl\/wp-content\/uploads\/2022\/01\/diputado-Alinco-768x576.jpeg 768w, https:\/\/radiorevelacionfm.cl\/wp-content\/uploads\/2022\/01\/diputado-Alinco-705x529.jpeg 705w, https:\/\/radiorevelacionfm.cl\/wp-content\/uploads\/2022\/01\/diputado-Alinco-600x450.jpeg 600w\" sizes=\"(max-width: 800px) 100vw, 800px\" \/><\/div><\/div><\/div><\/div><div class=\"flex_column av_one_full  flex_column_div av-zero-column-padding first  avia-builder-el-2  el_after_av_one_full  el_before_av_one_full  column-top-margin\" style='border-radius:0px; '><section class=\"av_textblock_section \"  itemscope=\"itemscope\" itemtype=\"https:\/\/schema.org\/BlogPosting\" itemprop=\"blogPost\" ><div class='avia_textblock  '   itemprop=\"text\" ><p style=\"text-align: center;\"><span style=\"font-size: 18pt;\"><strong>Ren\u00e9 Alinco se suma a presentaci\u00f3n de recurso de protecci\u00f3n para frenar licitaci\u00f3n del litio<\/strong><\/span><\/p>\n<div id=\"gtx-trans\" style=\"position: absolute; left: -50px; top: 4.31534px;\">\n<div class=\"gtx-trans-icon\"><\/div>\n<\/div>\n<\/div><\/section><\/div><div class=\"flex_column av_one_full  flex_column_div av-zero-column-padding first  avia-builder-el-4  el_after_av_one_full  el_before_av_hr  column-top-margin\" style='border-radius:0px; '><section class=\"av_textblock_section \"  itemscope=\"itemscope\" itemtype=\"https:\/\/schema.org\/BlogPosting\" itemprop=\"blogPost\" ><div class='avia_textblock  '   itemprop=\"text\" ><p style=\"text-align: justify;\">Durante la jornada de ayer se present\u00f3 un recurso de protecci\u00f3n ante la Corte de Apelaciones de Santiago, solicitando que se decrete orden de no innovar a fin de suspender provisoriamente el proceso de licitaci\u00f3n del litio, a diez d\u00edas de que se cierre el proceso de adjudicaci\u00f3n de este importante mineral.<\/p>\n<p style=\"text-align: justify;\">La acci\u00f3n impulsada por la bancada de diputadas y diputados del PPD, la cual integra Ren\u00e9 Alinco Bustos, considera que el proceso de licitaci\u00f3n, que comenz\u00f3 en octubre pasado, \u201cconstituye un acto ileg\u00edtimo, ilegal y arbitrario por parte de la autoridad\u201d.<\/p>\n<p style=\"text-align: justify;\">Y es que, la licitaci\u00f3n del litio, aseguran los diputados PPD, \u201cconstituye una verdadera amenaza en el leg\u00edtimo ejercicio de los derechos y garant\u00edas enumeradas en el art\u00edculo 20 de la Constituci\u00f3n\u201d.<\/p>\n<p style=\"text-align: justify;\">Junto con ello, consideran que vulnera un art\u00edculo del convenio 160 de la OIT. \u201cAl omitirse la realizaci\u00f3n del llamado a consulta ind\u00edgena previa, ya que en territorios y lugares cercanos a las explotaciones del mineral existen comunidades reconocidas por la legislaci\u00f3n chilena, las cuales son propietarias de tierras ind\u00edgenas\u201d, indica la norma.<\/p>\n<p style=\"text-align: justify;\">Es importante mencionar que el presidente electo, Gabriel Boric, tambi\u00e9n ha manifestado su preocupaci\u00f3n frente a este tema, comentando v\u00eda Twitter que \u201cEl litio es el mineral del futuro, usado en millones de aparatos electr\u00f3nicos. Chile no puede cometer nuevamente el hist\u00f3rico error de privatizar los recursos y para esto crearemos la Empresa Nacional del Litio, generando empleos en los yacimientos y un sello chileno al producto\u201d.<\/p>\n<\/div><\/section><\/div><div  style='height:50px' class='hr hr-invisible   avia-builder-el-6  el_after_av_one_full  el_before_av_social_share '><span class='hr-inner ' ><span class='hr-inner-style'><\/span><\/span><\/div><\/p>\n<div  class='av-social-sharing-box  avia-builder-el-7  el_after_av_hr  el_before_av_hr  '><div class='av-share-box'><h5 class='av-share-link-description av-no-toc '>Compartir esta noticia<\/h5><ul class='av-share-box-list noLightbox'><li class='av-share-link av-social-link-facebook' ><a target=\"_blank\" aria-label=\"Compartir en Facebook\" href='https:\/\/www.facebook.com\/sharer.php?u=https:\/\/radiorevelacionfm.cl\/?p=12483&#038;t=Ren%C3%A9%20Alinco%20se%20suma%20a%20presentaci%C3%B3n%20de%20recurso%20de%20protecci%C3%B3n%20para%20frenar%20licitaci%C3%B3n%20del%20litio' aria-hidden='false' data-av_icon='\ue8f3' data-av_iconfont='entypo-fontello' title='' data-avia-related-tooltip='Compartir en Facebook' rel=\"noopener\"><span class='avia_hidden_link_text'>Compartir en Facebook<\/span><\/a><\/li><li class='av-share-link av-social-link-twitter' ><a target=\"_blank\" aria-label=\"Compartir en Twitter\" href='https:\/\/twitter.com\/share?text=Ren%C3%A9%20Alinco%20se%20suma%20a%20presentaci%C3%B3n%20de%20recurso%20de%20protecci%C3%B3n%20para%20frenar%20licitaci%C3%B3n%20del%20litio&#038;url=https:\/\/radiorevelacionfm.cl\/?p=12483' aria-hidden='false' data-av_icon='\ue8f1' data-av_iconfont='entypo-fontello' title='' data-avia-related-tooltip='Compartir en Twitter' rel=\"noopener\"><span class='avia_hidden_link_text'>Compartir en Twitter<\/span><\/a><\/li><li class='av-share-link av-social-link-whatsapp' ><a target=\"_blank\" aria-label=\"Compartir en Whatsapp\" href='https:\/\/api.whatsapp.com\/send?text=https:\/\/radiorevelacionfm.cl\/?p=12483' aria-hidden='false' data-av_icon='\uf232' data-av_iconfont='entypo-fontello' title='' data-avia-related-tooltip='Compartir en Whatsapp' rel=\"noopener\"><span class='avia_hidden_link_text'>Compartir en Whatsapp<\/span><\/a><\/li><li class='av-share-link av-social-link-linkedin' ><a target=\"_blank\" aria-label=\"Compartir en LinkedIn\" href='https:\/\/linkedin.com\/shareArticle?mini=true&#038;title=Ren%C3%A9%20Alinco%20se%20suma%20a%20presentaci%C3%B3n%20de%20recurso%20de%20protecci%C3%B3n%20para%20frenar%20licitaci%C3%B3n%20del%20litio&#038;url=https:\/\/radiorevelacionfm.cl\/?p=12483' aria-hidden='false' data-av_icon='\ue8fc' data-av_iconfont='entypo-fontello' title='' data-avia-related-tooltip='Compartir en LinkedIn' rel=\"noopener\"><span class='avia_hidden_link_text'>Compartir en LinkedIn<\/span><\/a><\/li><li class='av-share-link av-social-link-mail' ><a  aria-label=\"Compartir por correo\" href='mailto:?subject=Ren%C3%A9%20Alinco%20se%20suma%20a%20presentaci%C3%B3n%20de%20recurso%20de%20protecci%C3%B3n%20para%20frenar%20licitaci%C3%B3n%20del%20litio&#038;body=https:\/\/radiorevelacionfm.cl\/?p=12483' aria-hidden='false' data-av_icon='\ue805' data-av_iconfont='entypo-fontello' title='' data-avia-related-tooltip='Compartir por correo'><span class='avia_hidden_link_text'>Compartir por correo<\/span><\/a><\/li><\/ul><\/div><\/div>\n<div  style='height:50px' class='hr hr-invisible   avia-builder-el-8  el_after_av_social_share  el_before_av_comments_list '><span class='hr-inner ' ><span class='hr-inner-style'><\/span><\/span><\/div>\n<div  class='av-buildercomment  av-blog-meta-html-info-disabled av-blog-meta-tag-disabled  '><\/div>\n","protected":false},"excerpt":{"rendered":"","protected":false},"author":1,"featured_media":12484,"comment_status":"open","ping_status":"open","sticky":false,"template":"","format":"standard","meta":{"footnotes":""},"categories":[35],"tags":[],"class_list":["post-12483","post","type-post","status-publish","format-standard","has-post-thumbnail","hentry","category-politica"],"jetpack_featured_media_url":"https:\/\/radiorevelacionfm.cl\/wp-content\/uploads\/2022\/01\/diputado-Alinco.jpeg","_links":{"self":[{"href":"https:\/\/radiorevelacionfm.cl\/index.php?rest_route=\/wp\/v2\/posts\/12483","targetHints":{"allow":["GET"]}}],"collection":[{"href":"https:\/\/radiorevelacionfm.cl\/index.php?rest_route=\/wp\/v2\/posts"}],"about":[{"href":"https:\/\/radiorevelacionfm.cl\/index.php?rest_route=\/wp\/v2\/types\/post"}],"author":[{"embeddable":true,"href":"https:\/\/radiorevelacionfm.cl\/index.php?rest_route=\/wp\/v2\/users\/1"}],"replies":[{"embeddable":true,"href":"https:\/\/radiorevelacionfm.cl\/index.php?rest_route=%2Fwp%2Fv2%2Fcomments&post=12483"}],"version-history":[{"count":2,"href":"https:\/\/radiorevelacionfm.cl\/index.php?rest_route=\/wp\/v2\/posts\/12483\/revisions"}],"predecessor-version":[{"id":12486,"href":"https:\/\/radiorevelacionfm.cl\/index.php?rest_route=\/wp\/v2\/posts\/12483\/revisions\/12486"}],"wp:featuredmedia":[{"embeddable":true,"href":"https:\/\/radiorevelacionfm.cl\/index.php?rest_route=\/wp\/v2\/media\/12484"}],"wp:attachment":[{"href":"https:\/\/radiorevelacionfm.cl\/index.php?rest_route=%2Fwp%2Fv2%2Fmedia&parent=12483"}],"wp:term":[{"taxonomy":"category","embeddable":true,"href":"https:\/\/radiorevelacionfm.cl\/index.php?rest_route=%2Fwp%2Fv2%2Fcategories&post=12483"},{"taxonomy":"post_tag","embeddable":true,"href":"https:\/\/radiorevelacionfm.cl\/index.php?rest_route=%2Fwp%2Fv2%2Ftags&post=12483"}],"curies":[{"name":"wp","href":"https:\/\/api.w.org\/{rel}","templated":true}]}}