{"id":12479,"date":"2022-01-04T16:05:26","date_gmt":"2022-01-04T19:05:26","guid":{"rendered":"https:\/\/radiorevelacionfm.cl\/?p=12479"},"modified":"2022-01-04T17:42:19","modified_gmt":"2022-01-04T20:42:19","slug":"isp-confirma-primer-caso-de-variante-omicron-en-aysen","status":"publish","type":"post","link":"https:\/\/radiorevelacionfm.cl\/?p=12479","title":{"rendered":"ISP confirma primer caso de variante OMICRON en Ays\u00e9n"},"content":{"rendered":"<div class=\"flex_column av_one_full  flex_column_div av-zero-column-padding first  avia-builder-el-0  el_before_av_one_full  avia-builder-el-first  \" style='border-radius:0px; '><div  class='avia-image-container  av-styling-    avia-builder-el-1  avia-builder-el-no-sibling  avia-align-center '  itemprop=\"image\" itemscope=\"itemscope\" itemtype=\"https:\/\/schema.org\/ImageObject\"  ><div class='avia-image-container-inner'><div class='avia-image-overlay-wrap'><img decoding=\"async\" class='wp-image-12480 avia-img-lazy-loading-not-12480 avia_image' src=\"https:\/\/radiorevelacionfm.cl\/wp-content\/uploads\/2022\/01\/variante-omicron-2-2.jpg\" alt='' title='variante omicron-2-2' height=\"600\" width=\"1206\"  itemprop=\"thumbnailUrl\" srcset=\"https:\/\/radiorevelacionfm.cl\/wp-content\/uploads\/2022\/01\/variante-omicron-2-2.jpg 1206w, https:\/\/radiorevelacionfm.cl\/wp-content\/uploads\/2022\/01\/variante-omicron-2-2-300x149.jpg 300w, https:\/\/radiorevelacionfm.cl\/wp-content\/uploads\/2022\/01\/variante-omicron-2-2-1030x512.jpg 1030w, https:\/\/radiorevelacionfm.cl\/wp-content\/uploads\/2022\/01\/variante-omicron-2-2-768x382.jpg 768w, https:\/\/radiorevelacionfm.cl\/wp-content\/uploads\/2022\/01\/variante-omicron-2-2-705x351.jpg 705w, https:\/\/radiorevelacionfm.cl\/wp-content\/uploads\/2022\/01\/variante-omicron-2-2-600x299.jpg 600w\" sizes=\"(max-width: 1206px) 100vw, 1206px\" \/><\/div><\/div><\/div><\/div>\n<div class=\"flex_column av_one_full  flex_column_div av-zero-column-padding first  avia-builder-el-2  el_after_av_one_full  el_before_av_one_full  column-top-margin\" style='border-radius:0px; '><section class=\"av_textblock_section \"  itemscope=\"itemscope\" itemtype=\"https:\/\/schema.org\/BlogPosting\" itemprop=\"blogPost\" ><div class='avia_textblock  '   itemprop=\"text\" ><p style=\"text-align: center;\"><span style=\"font-size: 18pt;\"><strong>ISP confirma primer caso de variante OMICRON\u00a0<\/strong><strong>en Ays\u00e9n<\/strong><\/span><\/p>\n<div id=\"gtx-trans\" style=\"position: absolute; left: -50px; top: 4.31534px;\">\n<div class=\"gtx-trans-icon\"><\/div>\n<\/div>\n<\/div><\/section><\/div>\n<div class=\"flex_column av_one_full  flex_column_div av-zero-column-padding first  avia-builder-el-4  el_after_av_one_full  el_before_av_hr  column-top-margin\" style='border-radius:0px; '><section class=\"av_textblock_section \"  itemscope=\"itemscope\" itemtype=\"https:\/\/schema.org\/BlogPosting\" itemprop=\"blogPost\" ><div class='avia_textblock  '   itemprop=\"text\" ><p style=\"text-align: justify;\">El Instituto de Salud P\u00fablica (ISP) confirm\u00f3 la secuenciaci\u00f3n gen\u00f3mica para la variante OMICRON en una persona que ingres\u00f3 a la regi\u00f3n proveniente desde Magallanes, por v\u00eda mar\u00edtima, sin presentar s\u00edntomas. Posteriormente, en una B\u00fasqueda Activa de Casos, se realiz\u00f3 PCR que dio positivo a COVID-19, quedando \u00e9l en aislamiento y sus acompa\u00f1antes en cuarentena.<\/p>\n<p style=\"text-align: justify;\">Cabe se\u00f1alar que el caso fue aislado inmediatamente junto a las tres personas que lo acompa\u00f1aban, indic\u00e1ndose cuarentena a los contactos estrechos identificados en los lugares que visit\u00f3. De acuerdo a la investigaci\u00f3n epidemiol\u00f3gica son ocho los contactos estrechos en la localidad de Chile Chico y cinco en la zona rural de la comuna de Coyhaique.<\/p>\n<p style=\"text-align: justify;\">Actualmente, el caso se encuentra con alta m\u00e9dica tras haber cumplido el per\u00edodo de aislamiento y haber resultado negativo al test de ant\u00edgeno; mientras que a sus contactos estrechos se les tom\u00f3 PCR, obteni\u00e9ndose el mismo resultado, todo esto previo al alta epidemiol\u00f3gica.<\/p>\n<p style=\"text-align: justify;\">En relaci\u00f3n a la investigaci\u00f3n epidemiol\u00f3gica, que sigue en curso, con la informaci\u00f3n al d\u00eda de hoy, se determina que podr\u00eda ser de origen comunitario debido a que no se ha logrado establecer el nexo con un viajero internacional.<\/p>\n<p style=\"text-align: justify;\">De esta forma, se hace un llamado a la comunidad a seguir las recomendaciones sanitarias y mantener medidas b\u00e1sicas de autocuidado frente al COVID-19, tales como: evitar lugares con aglomeraci\u00f3n de personas, mantener el lavado frecuente de manos, uso correcto de mascarilla, realizarse ex\u00e1menes PCR en forma preventiva y alcanzar el esquema completo de vacunaci\u00f3n contra el COVID-19, incluyendo la dosis de refuerzo.<\/p>\n<\/div><\/section><\/div><div  style='height:50px' class='hr hr-invisible   avia-builder-el-6  el_after_av_one_full  el_before_av_social_share '><span class='hr-inner ' ><span class='hr-inner-style'><\/span><\/span><\/div><\/p>\n<div  class='av-social-sharing-box  avia-builder-el-7  el_after_av_hr  el_before_av_hr  '><div class='av-share-box'><h5 class='av-share-link-description av-no-toc '>Compartir esta noticia<\/h5><ul class='av-share-box-list noLightbox'><li class='av-share-link av-social-link-facebook' ><a target=\"_blank\" aria-label=\"Compartir en Facebook\" href='https:\/\/www.facebook.com\/sharer.php?u=https:\/\/radiorevelacionfm.cl\/?p=12479&#038;t=ISP%20confirma%20primer%20caso%20de%20variante%20OMICRON%20en%20Ays%C3%A9n' aria-hidden='false' data-av_icon='\ue8f3' data-av_iconfont='entypo-fontello' title='' data-avia-related-tooltip='Compartir en Facebook' rel=\"noopener\"><span class='avia_hidden_link_text'>Compartir en Facebook<\/span><\/a><\/li><li class='av-share-link av-social-link-twitter' ><a target=\"_blank\" aria-label=\"Compartir en Twitter\" href='https:\/\/twitter.com\/share?text=ISP%20confirma%20primer%20caso%20de%20variante%20OMICRON%20en%20Ays%C3%A9n&#038;url=https:\/\/radiorevelacionfm.cl\/?p=12479' aria-hidden='false' data-av_icon='\ue8f1' data-av_iconfont='entypo-fontello' title='' data-avia-related-tooltip='Compartir en Twitter' rel=\"noopener\"><span class='avia_hidden_link_text'>Compartir en Twitter<\/span><\/a><\/li><li class='av-share-link av-social-link-whatsapp' ><a target=\"_blank\" aria-label=\"Compartir en Whatsapp\" href='https:\/\/api.whatsapp.com\/send?text=https:\/\/radiorevelacionfm.cl\/?p=12479' aria-hidden='false' data-av_icon='\uf232' data-av_iconfont='entypo-fontello' title='' data-avia-related-tooltip='Compartir en Whatsapp' rel=\"noopener\"><span class='avia_hidden_link_text'>Compartir en Whatsapp<\/span><\/a><\/li><li class='av-share-link av-social-link-linkedin' ><a target=\"_blank\" aria-label=\"Compartir en LinkedIn\" href='https:\/\/linkedin.com\/shareArticle?mini=true&#038;title=ISP%20confirma%20primer%20caso%20de%20variante%20OMICRON%20en%20Ays%C3%A9n&#038;url=https:\/\/radiorevelacionfm.cl\/?p=12479' aria-hidden='false' data-av_icon='\ue8fc' data-av_iconfont='entypo-fontello' title='' data-avia-related-tooltip='Compartir en LinkedIn' rel=\"noopener\"><span class='avia_hidden_link_text'>Compartir en LinkedIn<\/span><\/a><\/li><li class='av-share-link av-social-link-mail' ><a  aria-label=\"Compartir por correo\" href='mailto:?subject=ISP%20confirma%20primer%20caso%20de%20variante%20OMICRON%20en%20Ays%C3%A9n&#038;body=https:\/\/radiorevelacionfm.cl\/?p=12479' aria-hidden='false' data-av_icon='\ue805' data-av_iconfont='entypo-fontello' title='' data-avia-related-tooltip='Compartir por correo'><span class='avia_hidden_link_text'>Compartir por correo<\/span><\/a><\/li><\/ul><\/div><\/div>\n<div  style='height:50px' class='hr hr-invisible   avia-builder-el-8  el_after_av_social_share  el_before_av_comments_list '><span class='hr-inner ' ><span class='hr-inner-style'><\/span><\/span><\/div>\n<div  class='av-buildercomment  av-blog-meta-html-info-disabled av-blog-meta-tag-disabled  '><\/div>\n","protected":false},"excerpt":{"rendered":"","protected":false},"author":1,"featured_media":12480,"comment_status":"open","ping_status":"open","sticky":false,"template":"","format":"standard","meta":{"footnotes":""},"categories":[46],"tags":[],"class_list":["post-12479","post","type-post","status-publish","format-standard","has-post-thumbnail","hentry","category-salud"],"jetpack_featured_media_url":"https:\/\/radiorevelacionfm.cl\/wp-content\/uploads\/2022\/01\/variante-omicron-2-2.jpg","_links":{"self":[{"href":"https:\/\/radiorevelacionfm.cl\/index.php?rest_route=\/wp\/v2\/posts\/12479","targetHints":{"allow":["GET"]}}],"collection":[{"href":"https:\/\/radiorevelacionfm.cl\/index.php?rest_route=\/wp\/v2\/posts"}],"about":[{"href":"https:\/\/radiorevelacionfm.cl\/index.php?rest_route=\/wp\/v2\/types\/post"}],"author":[{"embeddable":true,"href":"https:\/\/radiorevelacionfm.cl\/index.php?rest_route=\/wp\/v2\/users\/1"}],"replies":[{"embeddable":true,"href":"https:\/\/radiorevelacionfm.cl\/index.php?rest_route=%2Fwp%2Fv2%2Fcomments&post=12479"}],"version-history":[{"count":3,"href":"https:\/\/radiorevelacionfm.cl\/index.php?rest_route=\/wp\/v2\/posts\/12479\/revisions"}],"predecessor-version":[{"id":12490,"href":"https:\/\/radiorevelacionfm.cl\/index.php?rest_route=\/wp\/v2\/posts\/12479\/revisions\/12490"}],"wp:featuredmedia":[{"embeddable":true,"href":"https:\/\/radiorevelacionfm.cl\/index.php?rest_route=\/wp\/v2\/media\/12480"}],"wp:attachment":[{"href":"https:\/\/radiorevelacionfm.cl\/index.php?rest_route=%2Fwp%2Fv2%2Fmedia&parent=12479"}],"wp:term":[{"taxonomy":"category","embeddable":true,"href":"https:\/\/radiorevelacionfm.cl\/index.php?rest_route=%2Fwp%2Fv2%2Fcategories&post=12479"},{"taxonomy":"post_tag","embeddable":true,"href":"https:\/\/radiorevelacionfm.cl\/index.php?rest_route=%2Fwp%2Fv2%2Ftags&post=12479"}],"curies":[{"name":"wp","href":"https:\/\/api.w.org\/{rel}","templated":true}]}}