{"id":12469,"date":"2022-01-04T09:33:20","date_gmt":"2022-01-04T12:33:20","guid":{"rendered":"https:\/\/radiorevelacionfm.cl\/?p=12469"},"modified":"2022-01-04T09:33:20","modified_gmt":"2022-01-04T12:33:20","slug":"flores-de-aysen-a-europa-sag-certifico-en-origen-peonias-para-exportacion","status":"publish","type":"post","link":"https:\/\/radiorevelacionfm.cl\/?p=12469","title":{"rendered":"Flores de Ays\u00e9n a Europa: SAG certific\u00f3 en origen, peon\u00edas para exportaci\u00f3n"},"content":{"rendered":"<div class=\"flex_column av_one_full  flex_column_div av-zero-column-padding first  avia-builder-el-0  el_before_av_one_full  avia-builder-el-first  \" style='border-radius:0px; '><div  class='avia-image-container  av-styling-    avia-builder-el-1  avia-builder-el-no-sibling  avia-align-center '  itemprop=\"image\" itemscope=\"itemscope\" itemtype=\"https:\/\/schema.org\/ImageObject\"  ><div class='avia-image-container-inner'><div class='avia-image-overlay-wrap'><img decoding=\"async\" class='wp-image-12470 avia-img-lazy-loading-not-12470 avia_image' src=\"https:\/\/radiorevelacionfm.cl\/wp-content\/uploads\/2022\/01\/20211222_154209-2-2.jpg\" alt='' title='20211222_154209-2-2' height=\"600\" width=\"800\"  itemprop=\"thumbnailUrl\" srcset=\"https:\/\/radiorevelacionfm.cl\/wp-content\/uploads\/2022\/01\/20211222_154209-2-2.jpg 800w, https:\/\/radiorevelacionfm.cl\/wp-content\/uploads\/2022\/01\/20211222_154209-2-2-300x225.jpg 300w, https:\/\/radiorevelacionfm.cl\/wp-content\/uploads\/2022\/01\/20211222_154209-2-2-768x576.jpg 768w, https:\/\/radiorevelacionfm.cl\/wp-content\/uploads\/2022\/01\/20211222_154209-2-2-705x529.jpg 705w, https:\/\/radiorevelacionfm.cl\/wp-content\/uploads\/2022\/01\/20211222_154209-2-2-600x450.jpg 600w\" sizes=\"(max-width: 800px) 100vw, 800px\" \/><\/div><\/div><\/div><\/div><div class=\"flex_column av_one_full  flex_column_div av-zero-column-padding first  avia-builder-el-2  el_after_av_one_full  el_before_av_one_full  column-top-margin\" style='border-radius:0px; '><section class=\"av_textblock_section \"  itemscope=\"itemscope\" itemtype=\"https:\/\/schema.org\/BlogPosting\" itemprop=\"blogPost\" ><div class='avia_textblock  '   itemprop=\"text\" ><p style=\"text-align: center;\"><strong><span style=\"font-size: 18pt;\">Flores de Ays\u00e9n a Europa: SAG certific\u00f3 en origen, peon\u00edas para exportaci\u00f3n<\/span><\/strong><\/p>\n<div id=\"gtx-trans\" style=\"position: absolute; left: -50px; top: 4.31534px;\">\n<div class=\"gtx-trans-icon\"><\/div>\n<\/div>\n<\/div><\/section><\/div><div class=\"flex_column av_one_full  flex_column_div av-zero-column-padding first  avia-builder-el-4  el_after_av_one_full  el_before_av_hr  column-top-margin\" style='border-radius:0px; '><section class=\"av_textblock_section \"  itemscope=\"itemscope\" itemtype=\"https:\/\/schema.org\/BlogPosting\" itemprop=\"blogPost\" ><div class='avia_textblock  '   itemprop=\"text\" ><p style=\"text-align: justify;\">Por tercer a\u00f1o consecutivo El Servicio Agr\u00edcola y Ganadero realiz\u00f3 certificaci\u00f3n de varas de peon\u00edas con un total de tres env\u00edos, de la empresa Platinium Flowers, con destino a pa\u00edses bajos.<\/p>\n<p style=\"text-align: justify;\">\u201cAys\u00e9n tiene un tremendo potencial para la industria de la floricultura, muy buenas \u00a0condiciones edafoclim\u00e1ticas para producir flores, adem\u00e1s contamos con una excelente condici\u00f3n fitosanitaria\u201d, se\u00f1al\u00f3 Mat\u00edas Vial Orueta, director regional SAG.<\/p>\n<p style=\"text-align: justify;\">Por su parte, Mauricio \u00c1lamos Rojas, gerente general de inversiones Platinium, nos comenta, \u201ctuvimos un invierno con poco frio, el huerto rindi\u00f3 similar al 2020 y la exportaci\u00f3n en n\u00fameros se proyect\u00f3 bien similar a la temporada anterior, sin embargo, la ola de calor que hubo, floreci\u00f3 todo demasiado r\u00e1pido, lo que nos llev\u00f3 a un proceso mayor de cosecha y paking que tuvimos que realizar sobre la marcha junto a los trabajadores y trabajadoras.<\/p>\n<p style=\"text-align: justify;\">No obstante, la pandemia sigue afectando much\u00edsimo la log\u00edstica, el espacio a\u00e9reo y disponibilidad de los fletes para salir al extranjero, por ende, tuvimos que adecuarnos bastante y muy r\u00e1pido a hacer paking, aumentar los vol\u00famenes, en cinco d\u00edas cortamos todo, lo que cort\u00e1bamos en quince d\u00edas, para poder salir a tiempo, porque los aviones est\u00e1n bastante colapsados de espacio, por otra parte agradecer al SAG, que nos colabora much\u00edsimo con la disponibilidad de tiempo para las inspecciones, ya que de un d\u00eda para otro tuvimos que efectuar distintos cambios para poder subir al avi\u00f3n y poder empalmar con los vuelos internacionales, finaliz\u00f3 Mauricio \u00c1lamos Rojas.<\/p>\n<p style=\"text-align: justify;\">Mat\u00edas Vial, como Servicio, continuaremos siendo aliados y garantes de las condiciones que exigen los mercados de destino como la Uni\u00f3n Europea, Estados Unidos y otros pa\u00edses de centro Am\u00e9rica, finalmente, realiza la invitaci\u00f3n a todos los que se sienten atra\u00eddos por la industria y el mercado de las flores, acercarse e investigar ya que tenemos ventajas comparativas muy sustantivas a otras regiones del pa\u00eds.<\/p>\n<p style=\"text-align: justify;\">.<\/p>\n<\/div><\/section><\/div><div  style='height:50px' class='hr hr-invisible   avia-builder-el-6  el_after_av_one_full  el_before_av_social_share '><span class='hr-inner ' ><span class='hr-inner-style'><\/span><\/span><\/div><\/p>\n<div  class='av-social-sharing-box  avia-builder-el-7  el_after_av_hr  el_before_av_hr  '><div class='av-share-box'><h5 class='av-share-link-description av-no-toc '>Compartir esta noticia<\/h5><ul class='av-share-box-list noLightbox'><li class='av-share-link av-social-link-facebook' ><a target=\"_blank\" aria-label=\"Compartir en Facebook\" href='https:\/\/www.facebook.com\/sharer.php?u=https:\/\/radiorevelacionfm.cl\/?p=12469&#038;t=Flores%20de%20Ays%C3%A9n%20a%20Europa%3A%20SAG%20certific%C3%B3%20en%20origen%2C%20peon%C3%ADas%20para%20exportaci%C3%B3n' aria-hidden='false' data-av_icon='\ue8f3' data-av_iconfont='entypo-fontello' title='' data-avia-related-tooltip='Compartir en Facebook' rel=\"noopener\"><span class='avia_hidden_link_text'>Compartir en Facebook<\/span><\/a><\/li><li class='av-share-link av-social-link-twitter' ><a target=\"_blank\" aria-label=\"Compartir en Twitter\" href='https:\/\/twitter.com\/share?text=Flores%20de%20Ays%C3%A9n%20a%20Europa%3A%20SAG%20certific%C3%B3%20en%20origen%2C%20peon%C3%ADas%20para%20exportaci%C3%B3n&#038;url=https:\/\/radiorevelacionfm.cl\/?p=12469' aria-hidden='false' data-av_icon='\ue8f1' data-av_iconfont='entypo-fontello' title='' data-avia-related-tooltip='Compartir en Twitter' rel=\"noopener\"><span class='avia_hidden_link_text'>Compartir en Twitter<\/span><\/a><\/li><li class='av-share-link av-social-link-whatsapp' ><a target=\"_blank\" aria-label=\"Compartir en Whatsapp\" href='https:\/\/api.whatsapp.com\/send?text=https:\/\/radiorevelacionfm.cl\/?p=12469' aria-hidden='false' data-av_icon='\uf232' data-av_iconfont='entypo-fontello' title='' data-avia-related-tooltip='Compartir en Whatsapp' rel=\"noopener\"><span class='avia_hidden_link_text'>Compartir en Whatsapp<\/span><\/a><\/li><li class='av-share-link av-social-link-linkedin' ><a target=\"_blank\" aria-label=\"Compartir en LinkedIn\" href='https:\/\/linkedin.com\/shareArticle?mini=true&#038;title=Flores%20de%20Ays%C3%A9n%20a%20Europa%3A%20SAG%20certific%C3%B3%20en%20origen%2C%20peon%C3%ADas%20para%20exportaci%C3%B3n&#038;url=https:\/\/radiorevelacionfm.cl\/?p=12469' aria-hidden='false' data-av_icon='\ue8fc' data-av_iconfont='entypo-fontello' title='' data-avia-related-tooltip='Compartir en LinkedIn' rel=\"noopener\"><span class='avia_hidden_link_text'>Compartir en LinkedIn<\/span><\/a><\/li><li class='av-share-link av-social-link-mail' ><a  aria-label=\"Compartir por correo\" href='mailto:?subject=Flores%20de%20Ays%C3%A9n%20a%20Europa%3A%20SAG%20certific%C3%B3%20en%20origen%2C%20peon%C3%ADas%20para%20exportaci%C3%B3n&#038;body=https:\/\/radiorevelacionfm.cl\/?p=12469' aria-hidden='false' data-av_icon='\ue805' data-av_iconfont='entypo-fontello' title='' data-avia-related-tooltip='Compartir por correo'><span class='avia_hidden_link_text'>Compartir por correo<\/span><\/a><\/li><\/ul><\/div><\/div>\n<div  style='height:50px' class='hr hr-invisible   avia-builder-el-8  el_after_av_social_share  el_before_av_comments_list '><span class='hr-inner ' ><span class='hr-inner-style'><\/span><\/span><\/div>\n<div  class='av-buildercomment  av-blog-meta-html-info-disabled av-blog-meta-tag-disabled  '><\/div>\n","protected":false},"excerpt":{"rendered":"","protected":false},"author":1,"featured_media":12470,"comment_status":"open","ping_status":"open","sticky":false,"template":"","format":"standard","meta":{"footnotes":""},"categories":[38],"tags":[],"class_list":["post-12469","post","type-post","status-publish","format-standard","has-post-thumbnail","hentry","category-regional"],"jetpack_featured_media_url":"https:\/\/radiorevelacionfm.cl\/wp-content\/uploads\/2022\/01\/20211222_154209-2-2.jpg","_links":{"self":[{"href":"https:\/\/radiorevelacionfm.cl\/index.php?rest_route=\/wp\/v2\/posts\/12469","targetHints":{"allow":["GET"]}}],"collection":[{"href":"https:\/\/radiorevelacionfm.cl\/index.php?rest_route=\/wp\/v2\/posts"}],"about":[{"href":"https:\/\/radiorevelacionfm.cl\/index.php?rest_route=\/wp\/v2\/types\/post"}],"author":[{"embeddable":true,"href":"https:\/\/radiorevelacionfm.cl\/index.php?rest_route=\/wp\/v2\/users\/1"}],"replies":[{"embeddable":true,"href":"https:\/\/radiorevelacionfm.cl\/index.php?rest_route=%2Fwp%2Fv2%2Fcomments&post=12469"}],"version-history":[{"count":2,"href":"https:\/\/radiorevelacionfm.cl\/index.php?rest_route=\/wp\/v2\/posts\/12469\/revisions"}],"predecessor-version":[{"id":12472,"href":"https:\/\/radiorevelacionfm.cl\/index.php?rest_route=\/wp\/v2\/posts\/12469\/revisions\/12472"}],"wp:featuredmedia":[{"embeddable":true,"href":"https:\/\/radiorevelacionfm.cl\/index.php?rest_route=\/wp\/v2\/media\/12470"}],"wp:attachment":[{"href":"https:\/\/radiorevelacionfm.cl\/index.php?rest_route=%2Fwp%2Fv2%2Fmedia&parent=12469"}],"wp:term":[{"taxonomy":"category","embeddable":true,"href":"https:\/\/radiorevelacionfm.cl\/index.php?rest_route=%2Fwp%2Fv2%2Fcategories&post=12469"},{"taxonomy":"post_tag","embeddable":true,"href":"https:\/\/radiorevelacionfm.cl\/index.php?rest_route=%2Fwp%2Fv2%2Ftags&post=12469"}],"curies":[{"name":"wp","href":"https:\/\/api.w.org\/{rel}","templated":true}]}}