{"id":12465,"date":"2022-01-04T09:19:53","date_gmt":"2022-01-04T12:19:53","guid":{"rendered":"https:\/\/radiorevelacionfm.cl\/?p=12465"},"modified":"2022-01-04T09:19:53","modified_gmt":"2022-01-04T12:19:53","slug":"destacado-violonchelista-internacional-se-presentara-este-viernes-en-puerto-aysen","status":"publish","type":"post","link":"https:\/\/radiorevelacionfm.cl\/?p=12465","title":{"rendered":"Destacado violonchelista internacional se presentar\u00e1 este viernes en Puerto Ays\u00e9n"},"content":{"rendered":"<div class=\"flex_column av_one_full  flex_column_div av-zero-column-padding first  avia-builder-el-0  el_before_av_one_full  avia-builder-el-first  \" style='border-radius:0px; '><div  class='avia-image-container  av-styling-    avia-builder-el-1  avia-builder-el-no-sibling  avia-align-center '  itemprop=\"image\" itemscope=\"itemscope\" itemtype=\"https:\/\/schema.org\/ImageObject\"  ><div class='avia-image-container-inner'><div class='avia-image-overlay-wrap'><img decoding=\"async\" class='wp-image-12466 avia-img-lazy-loading-not-12466 avia_image' src=\"https:\/\/radiorevelacionfm.cl\/wp-content\/uploads\/2022\/01\/image-11-3-2.jpg\" alt='' title='image-11-3-2' height=\"600\" width=\"809\"  itemprop=\"thumbnailUrl\" srcset=\"https:\/\/radiorevelacionfm.cl\/wp-content\/uploads\/2022\/01\/image-11-3-2.jpg 809w, https:\/\/radiorevelacionfm.cl\/wp-content\/uploads\/2022\/01\/image-11-3-2-300x222.jpg 300w, https:\/\/radiorevelacionfm.cl\/wp-content\/uploads\/2022\/01\/image-11-3-2-768x570.jpg 768w, https:\/\/radiorevelacionfm.cl\/wp-content\/uploads\/2022\/01\/image-11-3-2-705x523.jpg 705w, https:\/\/radiorevelacionfm.cl\/wp-content\/uploads\/2022\/01\/image-11-3-2-600x445.jpg 600w\" sizes=\"(max-width: 809px) 100vw, 809px\" \/><\/div><\/div><\/div><\/div><div class=\"flex_column av_one_full  flex_column_div av-zero-column-padding first  avia-builder-el-2  el_after_av_one_full  el_before_av_one_full  column-top-margin\" style='border-radius:0px; '><section class=\"av_textblock_section \"  itemscope=\"itemscope\" itemtype=\"https:\/\/schema.org\/BlogPosting\" itemprop=\"blogPost\" ><div class='avia_textblock  '   itemprop=\"text\" ><p style=\"text-align: center;\"><span style=\"font-size: 18pt;\"><strong>Destacado violonchelista internacional se presentar\u00e1 este viernes en Puerto Ays\u00e9n<\/strong><\/span><\/p>\n<div id=\"gtx-trans\" style=\"position: absolute; left: -50px; top: 4.31534px;\">\n<div class=\"gtx-trans-icon\"><\/div>\n<\/div>\n<\/div><\/section><\/div><div class=\"flex_column av_one_full  flex_column_div av-zero-column-padding first  avia-builder-el-4  el_after_av_one_full  el_before_av_hr  column-top-margin\" style='border-radius:0px; '><section class=\"av_textblock_section \"  itemscope=\"itemscope\" itemtype=\"https:\/\/schema.org\/BlogPosting\" itemprop=\"blogPost\" ><div class='avia_textblock  '   itemprop=\"text\" ><p style=\"text-align: justify;\">Hasta Puerto Ays\u00e9n arribar\u00e1 el reconocido m\u00fasico brasilero, Mat\u00edas De Oliveira Pinto, quien en el marco del proyecto \u201cBach en la Ruta Austral\u201d, se presentar\u00e1 este viernes en la Biblioteca P\u00fablica de la ciudad, en un concierto conjunto a otra destacada m\u00fasica, como es Magdalena Rosas, fundadora de la escuela de M\u00fasica y Artes Integradas en Coyhaique, entre otros.<\/p>\n<p style=\"text-align: justify;\">\u201cEstamos muy contentos y nos sentimos muy privilegiados por poder contar con la visita de estos dos grandes m\u00fasicos, con trayectoria internacional, que van a darse el tiempo para venir a trabajar con nuestros ni\u00f1os a Ays\u00e9n, especialmente en la c\u00e1tedra de violonchelo, ya que son dos violonchelistas muy reconocidos\u201d, manifest\u00f3 Patricia Araya, directora musical de la unidad de Orquesta Escolar Comunal de la Direcci\u00f3n de Educaci\u00f3n Municipal, respecto al momento musical que se vivir\u00e1 dentro de unos d\u00edas, y que congregar\u00e1 una serie de piezas musicales preparadas especialmente para la ocasi\u00f3n.<\/p>\n<p style=\"text-align: justify;\">Adem\u00e1s de ello, a su llegada a la comuna, De Oliveira Pinto ejecutar\u00e1 una cl\u00ednica musical a los estudiantes que integren la Orquesta Escolar Musical en su taller de violonchelo, la que se realizar\u00e1 en dependencias de la escuela B\u00e1sica Ribera Sur y que ser\u00e1 exclusivamente para estos alumnos y alumnas. Para en horas de la tarde llevar a cabo el concierto abierto a todo p\u00fablico en la Biblioteca Municipal.<\/p>\n<p style=\"text-align: justify;\">Al respecto, la invitaci\u00f3n es para todos quienes quieran ser parte de este evento cultural que iniciar\u00e1 a las 15.00 horas del viernes 7 de enero, para que inscriban a trav\u00e9s de la casilla electr\u00f3nica cultivandotalentos@puertoaysen.cl y as\u00ed asegurar su cupo dado que, por la contingencia sanitaria, la fase 2 en que se encuentra la comuna aysenina permite un foro m\u00e1ximo de 25 personas en este tipo de actividades.<\/p>\n<p style=\"text-align: justify;\">\u201cEs muy importante que quienes quieran ser parte, se inscriban y as\u00ed puedan disfrutar de este concierto que ser\u00e1, sin duda alguna, de una calidad inigualable y va a ser una experiencia muy bonita poder escuchar y ver un concierto de nivel europeo de un m\u00fasico que viaja por todo el mundo en Puerto Ays\u00e9n, es algo in\u00e9dito por lo cual estamos muy contentos de poder tener y poder disfrutar ese d\u00eda\u201d, a\u00f1adi\u00f3 Patricia Araya Bilbao.<\/p>\n<p style=\"text-align: justify;\">Se\u00f1alar que Magdalena Rosas es M\u00e1ster en Gesti\u00f3n Cultural de la universidad de Barcelona y profesora de Estado en Educaci\u00f3n Musical, profesi\u00f3n que le ha permitido aportar en la formaci\u00f3n m\u00fasicos y m\u00fasicas en la Patagonia, donde vive desde 1984. En materias de gesti\u00f3n de instituciones culturales tiene vasta experiencia, siendo directora de las Bibliotecas P\u00fablicas de la Regi\u00f3n de Ays\u00e9n y directora regional del Consejo Nacional de la Cultura y las Artes por cinco a\u00f1os, fundadora tambi\u00e9n de CheloFest, entre tantas otras en pos de la preservaci\u00f3n y desarrollo cultural en la regi\u00f3n.<\/p>\n<p style=\"text-align: justify;\">Por su parte, Mat\u00edas De Oliveira Pinto es un destacado concertista en violonchelo, que se presenta habitualmente en EEUU, toda Europa, Asia y Sudam\u00e9rica. Es director art\u00edstico de los Festivales de Ouro Branco (Brasil) y Verden (Alemania) y del Coyhaique CheloFest. En Berl\u00edn act\u00faa en las salas de conciertos m\u00e1s importantes de la ciudad, como la Filarm\u00f3nica, Konzerthaus, Appollo-Saal Der Staatsoper, entre otras. Ha grabado CDs en los sellos europeos Academy, Kreuzberg Records, Bella Musica, Hungaroton Classics y Cello Colors. Actualmente es profesor de violonchelo en la Universidad de las Artes de Berl\u00edn y de la Universidad de M\u00fcnster, Alemania.<\/p>\n<\/div><\/section><\/div><div  style='height:50px' class='hr hr-invisible   avia-builder-el-6  el_after_av_one_full  el_before_av_social_share '><span class='hr-inner ' ><span class='hr-inner-style'><\/span><\/span><\/div><\/p>\n<div  class='av-social-sharing-box  avia-builder-el-7  el_after_av_hr  el_before_av_hr  '><div class='av-share-box'><h5 class='av-share-link-description av-no-toc '>Compartir esta noticia<\/h5><ul class='av-share-box-list noLightbox'><li class='av-share-link av-social-link-facebook' ><a target=\"_blank\" aria-label=\"Compartir en Facebook\" href='https:\/\/www.facebook.com\/sharer.php?u=https:\/\/radiorevelacionfm.cl\/?p=12465&#038;t=Destacado%20violonchelista%20internacional%20se%20presentar%C3%A1%20este%20viernes%20en%20Puerto%20Ays%C3%A9n' aria-hidden='false' data-av_icon='\ue8f3' data-av_iconfont='entypo-fontello' title='' data-avia-related-tooltip='Compartir en Facebook' rel=\"noopener\"><span class='avia_hidden_link_text'>Compartir en Facebook<\/span><\/a><\/li><li class='av-share-link av-social-link-twitter' ><a target=\"_blank\" aria-label=\"Compartir en Twitter\" href='https:\/\/twitter.com\/share?text=Destacado%20violonchelista%20internacional%20se%20presentar%C3%A1%20este%20viernes%20en%20Puerto%20Ays%C3%A9n&#038;url=https:\/\/radiorevelacionfm.cl\/?p=12465' aria-hidden='false' data-av_icon='\ue8f1' data-av_iconfont='entypo-fontello' title='' data-avia-related-tooltip='Compartir en Twitter' rel=\"noopener\"><span class='avia_hidden_link_text'>Compartir en Twitter<\/span><\/a><\/li><li class='av-share-link av-social-link-whatsapp' ><a target=\"_blank\" aria-label=\"Compartir en Whatsapp\" href='https:\/\/api.whatsapp.com\/send?text=https:\/\/radiorevelacionfm.cl\/?p=12465' aria-hidden='false' data-av_icon='\uf232' data-av_iconfont='entypo-fontello' title='' data-avia-related-tooltip='Compartir en Whatsapp' rel=\"noopener\"><span class='avia_hidden_link_text'>Compartir en Whatsapp<\/span><\/a><\/li><li class='av-share-link av-social-link-linkedin' ><a target=\"_blank\" aria-label=\"Compartir en LinkedIn\" href='https:\/\/linkedin.com\/shareArticle?mini=true&#038;title=Destacado%20violonchelista%20internacional%20se%20presentar%C3%A1%20este%20viernes%20en%20Puerto%20Ays%C3%A9n&#038;url=https:\/\/radiorevelacionfm.cl\/?p=12465' aria-hidden='false' data-av_icon='\ue8fc' data-av_iconfont='entypo-fontello' title='' data-avia-related-tooltip='Compartir en LinkedIn' rel=\"noopener\"><span class='avia_hidden_link_text'>Compartir en LinkedIn<\/span><\/a><\/li><li class='av-share-link av-social-link-mail' ><a  aria-label=\"Compartir por correo\" href='mailto:?subject=Destacado%20violonchelista%20internacional%20se%20presentar%C3%A1%20este%20viernes%20en%20Puerto%20Ays%C3%A9n&#038;body=https:\/\/radiorevelacionfm.cl\/?p=12465' aria-hidden='false' data-av_icon='\ue805' data-av_iconfont='entypo-fontello' title='' data-avia-related-tooltip='Compartir por correo'><span class='avia_hidden_link_text'>Compartir por correo<\/span><\/a><\/li><\/ul><\/div><\/div>\n<div  style='height:50px' class='hr hr-invisible   avia-builder-el-8  el_after_av_social_share  el_before_av_comments_list '><span class='hr-inner ' ><span class='hr-inner-style'><\/span><\/span><\/div>\n<div  class='av-buildercomment  av-blog-meta-html-info-disabled av-blog-meta-tag-disabled  '><\/div>\n","protected":false},"excerpt":{"rendered":"","protected":false},"author":1,"featured_media":12466,"comment_status":"open","ping_status":"open","sticky":false,"template":"","format":"standard","meta":{"footnotes":""},"categories":[52],"tags":[],"class_list":["post-12465","post","type-post","status-publish","format-standard","has-post-thumbnail","hentry","category-cultura"],"jetpack_featured_media_url":"https:\/\/radiorevelacionfm.cl\/wp-content\/uploads\/2022\/01\/image-11-3-2.jpg","_links":{"self":[{"href":"https:\/\/radiorevelacionfm.cl\/index.php?rest_route=\/wp\/v2\/posts\/12465","targetHints":{"allow":["GET"]}}],"collection":[{"href":"https:\/\/radiorevelacionfm.cl\/index.php?rest_route=\/wp\/v2\/posts"}],"about":[{"href":"https:\/\/radiorevelacionfm.cl\/index.php?rest_route=\/wp\/v2\/types\/post"}],"author":[{"embeddable":true,"href":"https:\/\/radiorevelacionfm.cl\/index.php?rest_route=\/wp\/v2\/users\/1"}],"replies":[{"embeddable":true,"href":"https:\/\/radiorevelacionfm.cl\/index.php?rest_route=%2Fwp%2Fv2%2Fcomments&post=12465"}],"version-history":[{"count":2,"href":"https:\/\/radiorevelacionfm.cl\/index.php?rest_route=\/wp\/v2\/posts\/12465\/revisions"}],"predecessor-version":[{"id":12468,"href":"https:\/\/radiorevelacionfm.cl\/index.php?rest_route=\/wp\/v2\/posts\/12465\/revisions\/12468"}],"wp:featuredmedia":[{"embeddable":true,"href":"https:\/\/radiorevelacionfm.cl\/index.php?rest_route=\/wp\/v2\/media\/12466"}],"wp:attachment":[{"href":"https:\/\/radiorevelacionfm.cl\/index.php?rest_route=%2Fwp%2Fv2%2Fmedia&parent=12465"}],"wp:term":[{"taxonomy":"category","embeddable":true,"href":"https:\/\/radiorevelacionfm.cl\/index.php?rest_route=%2Fwp%2Fv2%2Fcategories&post=12465"},{"taxonomy":"post_tag","embeddable":true,"href":"https:\/\/radiorevelacionfm.cl\/index.php?rest_route=%2Fwp%2Fv2%2Ftags&post=12465"}],"curies":[{"name":"wp","href":"https:\/\/api.w.org\/{rel}","templated":true}]}}