{"id":12460,"date":"2022-01-03T19:30:42","date_gmt":"2022-01-03T22:30:42","guid":{"rendered":"https:\/\/radiorevelacionfm.cl\/?p=12460"},"modified":"2022-01-03T19:35:04","modified_gmt":"2022-01-03T22:35:04","slug":"carabineros-y-senda-dan-a-conocer-balance-de-labor-de-ano-nuevo-en-la-region-de-aysen","status":"publish","type":"post","link":"https:\/\/radiorevelacionfm.cl\/?p=12460","title":{"rendered":"Carabineros y Senda dan a conocer balance de labor de A\u00f1o Nuevo en la regi\u00f3n de Ays\u00e9n"},"content":{"rendered":"<div class=\"flex_column av_one_full  flex_column_div av-zero-column-padding first  avia-builder-el-0  el_before_av_one_full  avia-builder-el-first  \" style='border-radius:0px; '><div  class='avia-image-container  av-styling-    avia-builder-el-1  avia-builder-el-no-sibling  avia-align-center '  itemprop=\"image\" itemscope=\"itemscope\" itemtype=\"https:\/\/schema.org\/ImageObject\"  ><div class='avia-image-container-inner'><div class='avia-image-overlay-wrap'><img decoding=\"async\" class='wp-image-12461 avia-img-lazy-loading-not-12461 avia_image' src=\"https:\/\/radiorevelacionfm.cl\/wp-content\/uploads\/2022\/01\/93e40fa4-51d7-47fa-a8cf-4305d1c45370-2_optimized.jpg\" alt='' title='93e40fa4-51d7-47fa-a8cf-4305d1c45370-2_optimized' height=\"600\" width=\"800\"  itemprop=\"thumbnailUrl\" srcset=\"https:\/\/radiorevelacionfm.cl\/wp-content\/uploads\/2022\/01\/93e40fa4-51d7-47fa-a8cf-4305d1c45370-2_optimized.jpg 800w, https:\/\/radiorevelacionfm.cl\/wp-content\/uploads\/2022\/01\/93e40fa4-51d7-47fa-a8cf-4305d1c45370-2_optimized-300x225.jpg 300w, https:\/\/radiorevelacionfm.cl\/wp-content\/uploads\/2022\/01\/93e40fa4-51d7-47fa-a8cf-4305d1c45370-2_optimized-768x576.jpg 768w, https:\/\/radiorevelacionfm.cl\/wp-content\/uploads\/2022\/01\/93e40fa4-51d7-47fa-a8cf-4305d1c45370-2_optimized-705x529.jpg 705w, https:\/\/radiorevelacionfm.cl\/wp-content\/uploads\/2022\/01\/93e40fa4-51d7-47fa-a8cf-4305d1c45370-2_optimized-600x450.jpg 600w\" sizes=\"(max-width: 800px) 100vw, 800px\" \/><\/div><\/div><\/div><\/div>\n<div class=\"flex_column av_one_full  flex_column_div av-zero-column-padding first  avia-builder-el-2  el_after_av_one_full  el_before_av_one_full  column-top-margin\" style='border-radius:0px; '><section class=\"av_textblock_section \"  itemscope=\"itemscope\" itemtype=\"https:\/\/schema.org\/BlogPosting\" itemprop=\"blogPost\" ><div class='avia_textblock  '   itemprop=\"text\" ><p style=\"text-align: center;\"><span style=\"font-size: 18pt;\"><b>Carabineros y Senda dan a conocer balance de labor de A\u00f1o Nuevo en la regi\u00f3n de Ays\u00e9n<\/b><\/span><\/p>\n<div id=\"gtx-trans\" style=\"position: absolute; left: -50px; top: 4.31534px;\">\n<div class=\"gtx-trans-icon\"><\/div>\n<\/div>\n<\/div><\/section><\/div><div class=\"flex_column av_one_full  flex_column_div av-zero-column-padding first  avia-builder-el-4  el_after_av_one_full  el_before_av_hr  column-top-margin\" style='border-radius:0px; '><section class=\"av_textblock_section \"  itemscope=\"itemscope\" itemtype=\"https:\/\/schema.org\/BlogPosting\" itemprop=\"blogPost\" ><div class='avia_textblock  '   itemprop=\"text\" ><p class=\"v1MsoNormal\" style=\"text-align: justify;\">Una exhaustiva labor desarroll\u00f3 Carabineros en la regi\u00f3n de Ays\u00e9n -con apoyo de Senda- con la finalidad de prevenir la ocurrencia de accidentes y transgresiones a la norma para garantizar la seguridad en las celebraciones de las festividades de fin de a\u00f1o, resultados que fueron dados a conocer en dependencias de la Primera Comisar\u00eda de Coyhaique.<\/p>\n<p class=\"v1MsoNormal\" style=\"text-align: justify;\">La Directora Regional de Senda, Katherine Hunter \u00a0indic\u00f3 que junto a Carabineros se realizaron diversos operativos Tolerancia Cero, siendo controlados a m\u00e1s de 800 conductores, de los cuales un 0,6% arroj\u00f3 presencia de alcohol.<\/p>\n<p class=\"v1MsoNormal\" style=\"text-align: justify;\">\u00abEn lo que dice relaci\u00f3n con los operativos Tolerancia Cero, hemos tenido un bajo n\u00famero de positividad. Hicimos una campa\u00f1a previa a las fiestas de fin de a\u00f1o haciendo un llamado a la responsabilidad y por lo tanto creemos que \u2013en alguna medida- ese mensaje desde un tiempo a esta parte ha venido rindiendo sus frutos\u00bb, expres\u00f3 la autoridad.<\/p>\n<p class=\"v1MsoNormal\" style=\"text-align: justify;\">Los controles permitieron la detenci\u00f3n de 2 conductores bajo los efectos de drogas y otros 3 bajo los efectos del alcohol, lo cual representa un bajo \u00edndice respecto al n\u00famero de conductores controlados.<\/p>\n<p class=\"v1MsoNormal\" style=\"text-align: justify;\"><b>Labor operativa\u00a0\u00a0 \u00a0<\/b><\/p>\n<p class=\"v1MsoNormal\" style=\"text-align: justify;\">Por su parte el Subprefecto de los Servicios de la Prefectura Ays\u00e9n, Teniente Coronel Cristian Morgenstern, indic\u00f3 que de cara a los festejos de a\u00f1o nuevo, Carabineros intensific\u00f3 la labor entre el 31 de diciembre y el 2 de enero de 2022, para lo cual realiz\u00f3 un amplio despliegue a lo largo de la regi\u00f3n fortaleciendo su rol preventivo sumado\u00a0 a un trabajo en conjunto con Senda.<\/p>\n<p class=\"v1MsoNormal\" style=\"text-align: justify;\">\u00abHubo una disminuci\u00f3n de detenidos respecto al a\u00f1o pasado, lo cual se vio reflejado en la constante presencia policial en las calles, lo que permiti\u00f3 disminuir esa cifra (&#8230;). Por esta misma fecha -en 2021- se registraron 26 detenidos y entre el pasado 31 de diciembre y el 2 de enero, hubo 16 personas aprehendidas por diversos hechos\u00bb, indic\u00f3.<\/p>\n<p class=\"v1MsoNormal\" style=\"text-align: justify;\">En tal sentido, de este total de 16 personas detenidas, 6 son por conducci\u00f3n en estado de ebriedad, 3 por lesiones en el contexto de violencia intrafamiliar, 2 por lesiones menos graves en accidente de tr\u00e1nsito y 2 por robo frustrado, entre otros.<\/p>\n<p class=\"v1MsoNormal\" style=\"text-align: justify;\"><b>Fallecidos \u00a0\u00a0\u00a0<\/b><\/p>\n<p class=\"v1MsoNormal\" style=\"text-align: justify;\">Asimismo el Subprefecto de los Servicios, Cristian Morgenstern lament\u00f3 el fallecimiento de cuatro personas durante el fin de semana, indicando que uno de los cuales corresponde a un accidente de tr\u00e1nsito ocurrido en el sector Los Torreones \u2013entre Coyhaique y Puerto Ays\u00e9n- a lo cual se suma el hallazgo de cad\u00e1ver de tres personas en la comuna de Chile Chico, los cuales fueron encontrados al interior de un veh\u00edculo sumergido en las aguas del lago General Carrera, hecho cuyas causas y circunstancias son materia de investigaci\u00f3n.<\/p>\n<p class=\"v1MsoNormal\" style=\"text-align: justify;\">Respecto del lamentable accidente carretero ocurrido en el sector Los Torreones, el Subprefecto de los Servicios se\u00f1al\u00f3 que el Fiscal de turno dispuso la constituci\u00f3n de la Secci\u00f3n de Investigaci\u00f3n de Accidentes de Tr\u00e1nsito (SIAT) de la Prefectura Ays\u00e9n, con la finalidad de realizar las pericias y confeccionar los informes con la finalidad de ser remitidos a la Fiscal\u00eda que dirige investigaci\u00f3n por este hecho.<\/p>\n<p class=\"v1MsoNormal\" style=\"text-align: justify;\"><b>Controles e infracciones<\/b><\/p>\n<p class=\"v1MsoNormal\" style=\"text-align: justify;\">Durante el fin de semana de a\u00f1o nuevo, Carabineros realiz\u00f3 en la regi\u00f3n de Ays\u00e9n un total de 1.461 controles, de los cuales 968 corresponden a controles vehiculares, 179 de alcotest con Senda, 169 controles de identidad, 72 a locales de alcoholes, 63 a locales comerciales y 10 controles a sucursales bancarias.<\/p>\n<p class=\"v1MsoNormal\" style=\"text-align: justify;\">Asimismo, Carabineros curs\u00f3 un total de 12 infracciones, de las cuales 10 corresponden a materias de tr\u00e1nsito, 1 por ruidos molestos y otra infracci\u00f3n a local de alcoholes.<\/p>\n<p class=\"v1MsoNormal\" style=\"text-align: justify;\">\u00abLas infracciones al tr\u00e1nsito est\u00e1n relacionadas -en su mayor\u00eda- con el no uso del cintur\u00f3n de seguridad. Recordemos que este dispositivo ha salvado muchas vidas, su uso es obligatorio y as\u00ed lo se\u00f1ala la ley de tr\u00e1nsito\u00bb, expres\u00f3 el Teniente Coronel.<\/p>\n<p class=\"v1MsoNormal\" style=\"text-align: justify;\">Carabineros indic\u00f3 que continuar\u00e1 el desarrollo de la labor preventiva y controles tanto en rutas como en sectores de afluencia tur\u00edstica, garantizando la seguridad tanto de los residentes como de quienes visitan y recorren el territorio.<\/p>\n<\/div><\/section><\/div><\/p>\n<div  style='height:50px' class='hr hr-invisible   avia-builder-el-6  el_after_av_one_full  el_before_av_social_share '><span class='hr-inner ' ><span class='hr-inner-style'><\/span><\/span><\/div>\n<div  class='av-social-sharing-box  avia-builder-el-7  el_after_av_hr  el_before_av_hr  '><div class='av-share-box'><h5 class='av-share-link-description av-no-toc '>Compartir esta noticia<\/h5><ul class='av-share-box-list noLightbox'><li class='av-share-link av-social-link-facebook' ><a target=\"_blank\" aria-label=\"Compartir en Facebook\" href='https:\/\/www.facebook.com\/sharer.php?u=https:\/\/radiorevelacionfm.cl\/?p=12460&#038;t=Carabineros%20y%20Senda%20dan%20a%20conocer%20balance%20de%20labor%20de%20A%C3%B1o%20Nuevo%20en%20la%20regi%C3%B3n%20de%20Ays%C3%A9n' aria-hidden='false' data-av_icon='\ue8f3' data-av_iconfont='entypo-fontello' title='' data-avia-related-tooltip='Compartir en Facebook' rel=\"noopener\"><span class='avia_hidden_link_text'>Compartir en Facebook<\/span><\/a><\/li><li class='av-share-link av-social-link-twitter' ><a target=\"_blank\" aria-label=\"Compartir en Twitter\" href='https:\/\/twitter.com\/share?text=Carabineros%20y%20Senda%20dan%20a%20conocer%20balance%20de%20labor%20de%20A%C3%B1o%20Nuevo%20en%20la%20regi%C3%B3n%20de%20Ays%C3%A9n&#038;url=https:\/\/radiorevelacionfm.cl\/?p=12460' aria-hidden='false' data-av_icon='\ue8f1' data-av_iconfont='entypo-fontello' title='' data-avia-related-tooltip='Compartir en Twitter' rel=\"noopener\"><span class='avia_hidden_link_text'>Compartir en Twitter<\/span><\/a><\/li><li class='av-share-link av-social-link-whatsapp' ><a target=\"_blank\" aria-label=\"Compartir en Whatsapp\" href='https:\/\/api.whatsapp.com\/send?text=https:\/\/radiorevelacionfm.cl\/?p=12460' aria-hidden='false' data-av_icon='\uf232' data-av_iconfont='entypo-fontello' title='' data-avia-related-tooltip='Compartir en Whatsapp' rel=\"noopener\"><span class='avia_hidden_link_text'>Compartir en Whatsapp<\/span><\/a><\/li><li class='av-share-link av-social-link-linkedin' ><a target=\"_blank\" aria-label=\"Compartir en LinkedIn\" href='https:\/\/linkedin.com\/shareArticle?mini=true&#038;title=Carabineros%20y%20Senda%20dan%20a%20conocer%20balance%20de%20labor%20de%20A%C3%B1o%20Nuevo%20en%20la%20regi%C3%B3n%20de%20Ays%C3%A9n&#038;url=https:\/\/radiorevelacionfm.cl\/?p=12460' aria-hidden='false' data-av_icon='\ue8fc' data-av_iconfont='entypo-fontello' title='' data-avia-related-tooltip='Compartir en LinkedIn' rel=\"noopener\"><span class='avia_hidden_link_text'>Compartir en LinkedIn<\/span><\/a><\/li><li class='av-share-link av-social-link-mail' ><a  aria-label=\"Compartir por correo\" href='mailto:?subject=Carabineros%20y%20Senda%20dan%20a%20conocer%20balance%20de%20labor%20de%20A%C3%B1o%20Nuevo%20en%20la%20regi%C3%B3n%20de%20Ays%C3%A9n&#038;body=https:\/\/radiorevelacionfm.cl\/?p=12460' aria-hidden='false' data-av_icon='\ue805' data-av_iconfont='entypo-fontello' title='' data-avia-related-tooltip='Compartir por correo'><span class='avia_hidden_link_text'>Compartir por correo<\/span><\/a><\/li><\/ul><\/div><\/div>\n<div  style='height:50px' class='hr hr-invisible   avia-builder-el-8  el_after_av_social_share  el_before_av_comments_list '><span class='hr-inner ' ><span class='hr-inner-style'><\/span><\/span><\/div>\n<div  class='av-buildercomment  av-blog-meta-html-info-disabled av-blog-meta-tag-disabled  '><\/div>\n","protected":false},"excerpt":{"rendered":"","protected":false},"author":1,"featured_media":12461,"comment_status":"open","ping_status":"open","sticky":false,"template":"","format":"standard","meta":{"footnotes":""},"categories":[36],"tags":[],"class_list":["post-12460","post","type-post","status-publish","format-standard","has-post-thumbnail","hentry","category-policial"],"jetpack_featured_media_url":"https:\/\/radiorevelacionfm.cl\/wp-content\/uploads\/2022\/01\/93e40fa4-51d7-47fa-a8cf-4305d1c45370-2_optimized.jpg","_links":{"self":[{"href":"https:\/\/radiorevelacionfm.cl\/index.php?rest_route=\/wp\/v2\/posts\/12460","targetHints":{"allow":["GET"]}}],"collection":[{"href":"https:\/\/radiorevelacionfm.cl\/index.php?rest_route=\/wp\/v2\/posts"}],"about":[{"href":"https:\/\/radiorevelacionfm.cl\/index.php?rest_route=\/wp\/v2\/types\/post"}],"author":[{"embeddable":true,"href":"https:\/\/radiorevelacionfm.cl\/index.php?rest_route=\/wp\/v2\/users\/1"}],"replies":[{"embeddable":true,"href":"https:\/\/radiorevelacionfm.cl\/index.php?rest_route=%2Fwp%2Fv2%2Fcomments&post=12460"}],"version-history":[{"count":3,"href":"https:\/\/radiorevelacionfm.cl\/index.php?rest_route=\/wp\/v2\/posts\/12460\/revisions"}],"predecessor-version":[{"id":12463,"href":"https:\/\/radiorevelacionfm.cl\/index.php?rest_route=\/wp\/v2\/posts\/12460\/revisions\/12463"}],"wp:featuredmedia":[{"embeddable":true,"href":"https:\/\/radiorevelacionfm.cl\/index.php?rest_route=\/wp\/v2\/media\/12461"}],"wp:attachment":[{"href":"https:\/\/radiorevelacionfm.cl\/index.php?rest_route=%2Fwp%2Fv2%2Fmedia&parent=12460"}],"wp:term":[{"taxonomy":"category","embeddable":true,"href":"https:\/\/radiorevelacionfm.cl\/index.php?rest_route=%2Fwp%2Fv2%2Fcategories&post=12460"},{"taxonomy":"post_tag","embeddable":true,"href":"https:\/\/radiorevelacionfm.cl\/index.php?rest_route=%2Fwp%2Fv2%2Ftags&post=12460"}],"curies":[{"name":"wp","href":"https:\/\/api.w.org\/{rel}","templated":true}]}}