{"id":12454,"date":"2022-01-05T10:45:30","date_gmt":"2022-01-05T13:45:30","guid":{"rendered":"https:\/\/radiorevelacionfm.cl\/?p=12454"},"modified":"2022-01-05T10:45:30","modified_gmt":"2022-01-05T13:45:30","slug":"reconocen-a-los-jaivas-por-su-trayectoria-y-aporte-a-la-promocion-internacional-de-las-industrias-creativas","status":"publish","type":"post","link":"https:\/\/radiorevelacionfm.cl\/?p=12454","title":{"rendered":"Reconocen a Los Jaivas por su trayectoria y aporte a la promoci\u00f3n internacional de las industrias creativas"},"content":{"rendered":"<div class=\"flex_column av_one_full  flex_column_div av-zero-column-padding first  avia-builder-el-0  el_before_av_one_full  avia-builder-el-first  \" style='border-radius:0px; '><div  class='avia-image-container  av-styling-    avia-builder-el-1  avia-builder-el-no-sibling  avia-align-center '  itemprop=\"image\" itemscope=\"itemscope\" itemtype=\"https:\/\/schema.org\/ImageObject\"  ><div class='avia-image-container-inner'><div class='avia-image-overlay-wrap'><img decoding=\"async\" class='wp-image-12455 avia-img-lazy-loading-not-12455 avia_image' src=\"https:\/\/radiorevelacionfm.cl\/wp-content\/uploads\/2022\/01\/51797206181_3a4dede5ea_c-2.jpg\" alt='' title='51797206181_3a4dede5ea_c-2' height=\"600\" width=\"800\"  itemprop=\"thumbnailUrl\" srcset=\"https:\/\/radiorevelacionfm.cl\/wp-content\/uploads\/2022\/01\/51797206181_3a4dede5ea_c-2.jpg 800w, https:\/\/radiorevelacionfm.cl\/wp-content\/uploads\/2022\/01\/51797206181_3a4dede5ea_c-2-300x225.jpg 300w, https:\/\/radiorevelacionfm.cl\/wp-content\/uploads\/2022\/01\/51797206181_3a4dede5ea_c-2-768x576.jpg 768w, https:\/\/radiorevelacionfm.cl\/wp-content\/uploads\/2022\/01\/51797206181_3a4dede5ea_c-2-705x529.jpg 705w, https:\/\/radiorevelacionfm.cl\/wp-content\/uploads\/2022\/01\/51797206181_3a4dede5ea_c-2-600x450.jpg 600w\" sizes=\"(max-width: 800px) 100vw, 800px\" \/><\/div><\/div><\/div><\/div><div class=\"flex_column av_one_full  flex_column_div av-zero-column-padding first  avia-builder-el-2  el_after_av_one_full  el_before_av_one_full  column-top-margin\" style='border-radius:0px; '><section class=\"av_textblock_section \"  itemscope=\"itemscope\" itemtype=\"https:\/\/schema.org\/BlogPosting\" itemprop=\"blogPost\" ><div class='avia_textblock  '   itemprop=\"text\" ><p style=\"text-align: center;\"><strong><span style=\"font-size: 18pt;\">Reconocen a Los Jaivas por su trayectoria y aporte a la promoci\u00f3n internacional de las industrias creativas<\/span><\/strong><\/p>\n<div id=\"gtx-trans\" style=\"position: absolute; left: -50px; top: 4.31534px;\">\n<div class=\"gtx-trans-icon\"><\/div>\n<\/div>\n<\/div><\/section><\/div><div class=\"flex_column av_one_full  flex_column_div av-zero-column-padding first  avia-builder-el-4  el_after_av_one_full  el_before_av_hr  column-top-margin\" style='border-radius:0px; '><section class=\"av_textblock_section \"  itemscope=\"itemscope\" itemtype=\"https:\/\/schema.org\/BlogPosting\" itemprop=\"blogPost\" ><div class='avia_textblock  '   itemprop=\"text\" ><p style=\"text-align: justify;\">El Director General de ProChile, Jorge O\u2019Ryan, entreg\u00f3 un reconocimiento institucional a Los Jaivas, representados en la oportunidad por dos de sus miembros fundadores: Mario Mutis y Claudio Parra. La ceremonia se llev\u00f3 a cabo en el Edificio Carrera, sede de la Canciller\u00eda, y cont\u00f3 con la presencia de otras autoridades del sector y representantes de Chilem\u00fasica.<\/p>\n<p style=\"text-align: justify;\">En sus palabras, O\u2019Ryan destac\u00f3 el aporte que ha hecho la banda a la imagen pa\u00eds y a la promoci\u00f3n internacional de las industrias creativas en el extranjero durante sus m\u00e1s de 58 a\u00f1os de trayectoria musical y art\u00edstica. \u201cLos Jaivas se han convertido en referentes de diversas generaciones, traspasando fronteras y l\u00edmites que mediante sus acordes nos convoca a reconocer nuestras ra\u00edces, siendo trascendentales para el desarrollo musical chileno y latinoamericano\u201d, dijo.<\/p>\n<p style=\"text-align: justify;\">Tras recibir el reconocimiento, Mario Mutis record\u00f3 una an\u00e9cdota surgida tras una presentaci\u00f3n en Alemania. \u201cSe nos acerc\u00f3 una familia y sin entender espa\u00f1ol nos dijeron\u00a0que hab\u00edan visto cordilleras, hab\u00edan visto desiertos, hab\u00edan visto mares\u2026 \u00a1Y nunca hab\u00edan estado en Latinoam\u00e9rica! Eso fue una gran satisfacci\u00f3n, porque de alguna manera se cumpl\u00eda la profec\u00eda de que la m\u00fasica s\u00ed crea im\u00e1genes y sentimientos\u201d. Sobre la internacionalizaci\u00f3n de las industrias creativas y el apoyo de ProChile, coment\u00f3 que \u201cen Chile hay un talento enorme que a\u00fan no ha sido descubierto y necesita apoyo. Ser\u00eda un \u00e9xito mandar a toda esa gente a Europa, a M\u00e9xico, a todos lados\u2026 Mostrar lo que somos, nuestra identidad. La cultura es un valor permanente y tenemos que apoyarlo y defenderlo todos juntos\u201d.<\/p>\n<p style=\"text-align: justify;\">La entrega de este reconocimiento forma parte de las actividades de \u00abe-ENEXPRO INDUSTRIAS CREATIVAS 2022; Cuando la creatividad importa, se exporta\u00bb, el tradicional encuentro exportador que organiza ProChile para apoyar la internacionalizaci\u00f3n de las empresas del sector y que se inaugurar\u00e1 el pr\u00f3ximo lunes 10 de enero a las 19:00 horas con un showcase de la banda, grabado especialmente para la ocasi\u00f3n, en la Casa Museo de Pablo Neruda en Isla Negra.<\/p>\n<p style=\"text-align: justify;\">La presentaci\u00f3n -que podr\u00e1 verse gratuitamente v\u00eda streaming previa inscripci\u00f3n- fue grabada por el director Fernando Mecklenburg, durar\u00e1 alrededor de 30 minutos y constar\u00e1 de cuatro canciones: \u00c1guila Sideral, Espacio Inerte, Sube a Nacer Conmigo Hermano y Todos Juntos.<\/p>\n<p style=\"text-align: justify;\">Cabe destacar que en octubre de 2021 se cumplieron 40 a\u00f1os del lanzamiento de una de las obras m\u00e1s significativas del grupo: \u201cAlturas de Macchu Picchu\u201d, \u00e1lbum que se posicion\u00f3 en el segundo lugar de la lista de los 50 mejores discos chilenos seg\u00fan la revista Rolling Stone y como uno de los 20 mejores discos de rock progresivo del mundo.<\/p>\n<p style=\"text-align: justify;\"><strong>Sobre Enexpro Industrias Creativas 2022<\/strong><\/p>\n<p style=\"text-align: justify;\">Tras la inauguraci\u00f3n del lunes 10, entre el martes 11 y el jueves 13 de enero se llevar\u00e1 a cabo la tercera edici\u00f3n consecutiva de <strong>\u201ce-ENEXPRO INDUSTRIAS CREATIVAS 2022; Cuando la creatividad importa, se exporta\u201d<\/strong>. La actividad, organizada por ProChile, es un aporte concreto a la internacionalizaci\u00f3n de empresas que han sido un aporte al desarrollo econ\u00f3mico, humano y social del pa\u00eds y que se han visto especialmente afectadas por la pandemia y las restricciones sanitarias.<\/p>\n<p style=\"text-align: justify;\">Los sectores priorizados para esta oportunidad son animaci\u00f3n, artes esc\u00e9nicas, audiovisual, editorial, moda, m\u00fasica, narrativa gr\u00e1fica e ilustraci\u00f3n y videojuegos; mientras que los mercados priorizados son Argentina, Brasil, Canad\u00e1, China, Colombia, Corea, Espa\u00f1a, Estados Unidos, Francia, Italia, Jap\u00f3n, M\u00e9xico, Per\u00fa, Polonia, Reino Unido, Taiw\u00e1n y Uruguay. Se espera que participen m\u00e1s de 300 empresas en total: 120 importadoras y 200 exportadoras.<\/p>\n<p style=\"text-align: justify;\">Asimismo, se estima que el aporte de las Industrias Creativas al PIB nacional es cercano al 2,2%. Se trata de un sector que genera m\u00e1s de 3.000 empleos en todo el pa\u00eds y a nivel de exportaciones, sus servicios registran cifras cercanas a los US$ 16 millones.<\/p>\n<\/div><\/section><\/div><div  style='height:50px' class='hr hr-invisible   avia-builder-el-6  el_after_av_one_full  el_before_av_social_share '><span class='hr-inner ' ><span class='hr-inner-style'><\/span><\/span><\/div><\/p>\n<div  class='av-social-sharing-box  avia-builder-el-7  el_after_av_hr  el_before_av_hr  '><div class='av-share-box'><h5 class='av-share-link-description av-no-toc '>Compartir esta noticia<\/h5><ul class='av-share-box-list noLightbox'><li class='av-share-link av-social-link-facebook' ><a target=\"_blank\" aria-label=\"Compartir en Facebook\" href='https:\/\/www.facebook.com\/sharer.php?u=https:\/\/radiorevelacionfm.cl\/?p=12454&#038;t=Reconocen%20a%20Los%20Jaivas%20por%20su%20trayectoria%20y%20aporte%20a%20la%20promoci%C3%B3n%20internacional%20de%20las%20industrias%20creativas' aria-hidden='false' data-av_icon='\ue8f3' data-av_iconfont='entypo-fontello' title='' data-avia-related-tooltip='Compartir en Facebook' rel=\"noopener\"><span class='avia_hidden_link_text'>Compartir en Facebook<\/span><\/a><\/li><li class='av-share-link av-social-link-twitter' ><a target=\"_blank\" aria-label=\"Compartir en Twitter\" href='https:\/\/twitter.com\/share?text=Reconocen%20a%20Los%20Jaivas%20por%20su%20trayectoria%20y%20aporte%20a%20la%20promoci%C3%B3n%20internacional%20de%20las%20industrias%20creativas&#038;url=https:\/\/radiorevelacionfm.cl\/?p=12454' aria-hidden='false' data-av_icon='\ue8f1' data-av_iconfont='entypo-fontello' title='' data-avia-related-tooltip='Compartir en Twitter' rel=\"noopener\"><span class='avia_hidden_link_text'>Compartir en Twitter<\/span><\/a><\/li><li class='av-share-link av-social-link-whatsapp' ><a target=\"_blank\" aria-label=\"Compartir en Whatsapp\" href='https:\/\/api.whatsapp.com\/send?text=https:\/\/radiorevelacionfm.cl\/?p=12454' aria-hidden='false' data-av_icon='\uf232' data-av_iconfont='entypo-fontello' title='' data-avia-related-tooltip='Compartir en Whatsapp' rel=\"noopener\"><span class='avia_hidden_link_text'>Compartir en Whatsapp<\/span><\/a><\/li><li class='av-share-link av-social-link-linkedin' ><a target=\"_blank\" aria-label=\"Compartir en LinkedIn\" href='https:\/\/linkedin.com\/shareArticle?mini=true&#038;title=Reconocen%20a%20Los%20Jaivas%20por%20su%20trayectoria%20y%20aporte%20a%20la%20promoci%C3%B3n%20internacional%20de%20las%20industrias%20creativas&#038;url=https:\/\/radiorevelacionfm.cl\/?p=12454' aria-hidden='false' data-av_icon='\ue8fc' data-av_iconfont='entypo-fontello' title='' data-avia-related-tooltip='Compartir en LinkedIn' rel=\"noopener\"><span class='avia_hidden_link_text'>Compartir en LinkedIn<\/span><\/a><\/li><li class='av-share-link av-social-link-mail' ><a  aria-label=\"Compartir por correo\" href='mailto:?subject=Reconocen%20a%20Los%20Jaivas%20por%20su%20trayectoria%20y%20aporte%20a%20la%20promoci%C3%B3n%20internacional%20de%20las%20industrias%20creativas&#038;body=https:\/\/radiorevelacionfm.cl\/?p=12454' aria-hidden='false' data-av_icon='\ue805' data-av_iconfont='entypo-fontello' title='' data-avia-related-tooltip='Compartir por correo'><span class='avia_hidden_link_text'>Compartir por correo<\/span><\/a><\/li><\/ul><\/div><\/div>\n<div  style='height:50px' class='hr hr-invisible   avia-builder-el-8  el_after_av_social_share  el_before_av_comments_list '><span class='hr-inner ' ><span class='hr-inner-style'><\/span><\/span><\/div>\n<div  class='av-buildercomment  av-blog-meta-html-info-disabled av-blog-meta-tag-disabled  '><\/div>\n","protected":false},"excerpt":{"rendered":"","protected":false},"author":1,"featured_media":12455,"comment_status":"open","ping_status":"open","sticky":false,"template":"","format":"standard","meta":{"footnotes":""},"categories":[43],"tags":[],"class_list":["post-12454","post","type-post","status-publish","format-standard","has-post-thumbnail","hentry","category-musica"],"jetpack_featured_media_url":"https:\/\/radiorevelacionfm.cl\/wp-content\/uploads\/2022\/01\/51797206181_3a4dede5ea_c-2.jpg","_links":{"self":[{"href":"https:\/\/radiorevelacionfm.cl\/index.php?rest_route=\/wp\/v2\/posts\/12454","targetHints":{"allow":["GET"]}}],"collection":[{"href":"https:\/\/radiorevelacionfm.cl\/index.php?rest_route=\/wp\/v2\/posts"}],"about":[{"href":"https:\/\/radiorevelacionfm.cl\/index.php?rest_route=\/wp\/v2\/types\/post"}],"author":[{"embeddable":true,"href":"https:\/\/radiorevelacionfm.cl\/index.php?rest_route=\/wp\/v2\/users\/1"}],"replies":[{"embeddable":true,"href":"https:\/\/radiorevelacionfm.cl\/index.php?rest_route=%2Fwp%2Fv2%2Fcomments&post=12454"}],"version-history":[{"count":2,"href":"https:\/\/radiorevelacionfm.cl\/index.php?rest_route=\/wp\/v2\/posts\/12454\/revisions"}],"predecessor-version":[{"id":12502,"href":"https:\/\/radiorevelacionfm.cl\/index.php?rest_route=\/wp\/v2\/posts\/12454\/revisions\/12502"}],"wp:featuredmedia":[{"embeddable":true,"href":"https:\/\/radiorevelacionfm.cl\/index.php?rest_route=\/wp\/v2\/media\/12455"}],"wp:attachment":[{"href":"https:\/\/radiorevelacionfm.cl\/index.php?rest_route=%2Fwp%2Fv2%2Fmedia&parent=12454"}],"wp:term":[{"taxonomy":"category","embeddable":true,"href":"https:\/\/radiorevelacionfm.cl\/index.php?rest_route=%2Fwp%2Fv2%2Fcategories&post=12454"},{"taxonomy":"post_tag","embeddable":true,"href":"https:\/\/radiorevelacionfm.cl\/index.php?rest_route=%2Fwp%2Fv2%2Ftags&post=12454"}],"curies":[{"name":"wp","href":"https:\/\/api.w.org\/{rel}","templated":true}]}}