{"id":12450,"date":"2022-01-03T17:09:18","date_gmt":"2022-01-03T20:09:18","guid":{"rendered":"https:\/\/radiorevelacionfm.cl\/?p=12450"},"modified":"2022-01-03T17:09:18","modified_gmt":"2022-01-03T20:09:18","slug":"amaro-emilio-shakur-es-el-primer-bebe-nacido-en-la-region-de-aysen-este-2022","status":"publish","type":"post","link":"https:\/\/radiorevelacionfm.cl\/?p=12450","title":{"rendered":"Amaro Emilio Shakur es el primer beb\u00e9 nacido en la regi\u00f3n de Ays\u00e9n este 2022"},"content":{"rendered":"<div class=\"flex_column av_one_full  flex_column_div av-zero-column-padding first  avia-builder-el-0  el_before_av_one_full  avia-builder-el-first  \" style='border-radius:0px; '><div  class='avia-image-container  av-styling-    avia-builder-el-1  avia-builder-el-no-sibling  avia-align-center '  itemprop=\"image\" itemscope=\"itemscope\" itemtype=\"https:\/\/schema.org\/ImageObject\"  ><div class='avia-image-container-inner'><div class='avia-image-overlay-wrap'><img decoding=\"async\" class='wp-image-12451 avia-img-lazy-loading-not-12451 avia_image' src=\"https:\/\/radiorevelacionfm.cl\/wp-content\/uploads\/2022\/01\/PRIMERA-GUAGUA-2022-4-2-2.jpg\" alt='' title='PRIMERA GUAGUA 2022-4-2-2' height=\"600\" width=\"900\"  itemprop=\"thumbnailUrl\" srcset=\"https:\/\/radiorevelacionfm.cl\/wp-content\/uploads\/2022\/01\/PRIMERA-GUAGUA-2022-4-2-2.jpg 900w, https:\/\/radiorevelacionfm.cl\/wp-content\/uploads\/2022\/01\/PRIMERA-GUAGUA-2022-4-2-2-300x200.jpg 300w, https:\/\/radiorevelacionfm.cl\/wp-content\/uploads\/2022\/01\/PRIMERA-GUAGUA-2022-4-2-2-768x512.jpg 768w, https:\/\/radiorevelacionfm.cl\/wp-content\/uploads\/2022\/01\/PRIMERA-GUAGUA-2022-4-2-2-705x470.jpg 705w, https:\/\/radiorevelacionfm.cl\/wp-content\/uploads\/2022\/01\/PRIMERA-GUAGUA-2022-4-2-2-600x400.jpg 600w\" sizes=\"(max-width: 900px) 100vw, 900px\" \/><\/div><\/div><\/div><\/div><div class=\"flex_column av_one_full  flex_column_div av-zero-column-padding first  avia-builder-el-2  el_after_av_one_full  el_before_av_one_full  column-top-margin\" style='border-radius:0px; '><section class=\"av_textblock_section \"  itemscope=\"itemscope\" itemtype=\"https:\/\/schema.org\/BlogPosting\" itemprop=\"blogPost\" ><div class='avia_textblock  '   itemprop=\"text\" ><p style=\"text-align: center;\"><span style=\"font-size: 18pt;\"><strong>Amaro Emilio Shakur es el primer beb\u00e9 nacido en la regi\u00f3n de Ays\u00e9n este 2022<\/strong><\/span><\/p>\n<div id=\"gtx-trans\" style=\"position: absolute; left: -50px; top: 4.31534px;\">\n<div class=\"gtx-trans-icon\"><\/div>\n<\/div>\n<\/div><\/section><\/div><div class=\"flex_column av_one_full  flex_column_div av-zero-column-padding first  avia-builder-el-4  el_after_av_one_full  el_before_av_hr  column-top-margin\" style='border-radius:0px; '><section class=\"av_textblock_section \"  itemscope=\"itemscope\" itemtype=\"https:\/\/schema.org\/BlogPosting\" itemprop=\"blogPost\" ><div class='avia_textblock  '   itemprop=\"text\" ><p style=\"text-align: justify;\">Este lunes fue dado de alta en excelentes condiciones de salud y parti\u00f3 junto a sus padres a la ciudad de Puerto Ays\u00e9n.<\/p>\n<p style=\"text-align: justify;\">\u201cLes presento a Amaro Emilio Shakur C\u00e1rdenas Encalada, esperado beb\u00e9, primer nieto var\u00f3n por parte de mam\u00e1 y pap\u00e1. Tiene dos abuelas que est\u00e1n chochas, y junt\u00f3 a dos familias: una de Puerto Ays\u00e9n y la otra de Santiago. Es una bendici\u00f3n para nosotros, una alegr\u00eda, lo esper\u00e1bamos y quer\u00edamos. Siempre so\u00f1\u00e9 tener una familia\u201d, expres\u00f3 emocionada Roc\u00edo Encalada Besoain, primera mujer en dar a luz este 2022 en la regi\u00f3n de Ays\u00e9n.<\/p>\n<p style=\"text-align: justify;\">Roc\u00edo, quien vive en Puerto Ays\u00e9n, fue tra\u00edda desde la ciudad puerto en ambulancia hasta el Hospital Regional Coyhaique, puesto que tuvo que ser intervenida con una ces\u00e1rea de emergencia. \u201cJusto las 40 semanas las cumpl\u00eda el 1 de enero. Fue ces\u00e1rea de emergencia, llegamos a Coyhaique como a las 5 de la tarde, tuvimos una cena de A\u00f1o Nuevo distinta con mi pareja, pero juntos\u201d, sostuvo.<\/p>\n<p style=\"text-align: justify;\">Es as\u00ed como a las 04.19 de la madrugada lleg\u00f3 al mundo Amaro Emilio Shakur, pesando 3,115 kilos y midiendo 49 cent\u00edmetros. El tercer nombre de este esperado beb\u00e9 significa \u201cgratitud\u201d o \u201cagradecido\u201d en \u00e1rabe, esto porque luego de una triste p\u00e9rdida, Roc\u00edo volvi\u00f3 a quedar embarazada, siendo un motivo de plena alegr\u00eda para ella y Cristian, su pareja.<\/p>\n<p style=\"text-align: justify;\">\u201cTuve una p\u00e9rdida cuando ten\u00eda 2 meses, me operaron y en abril qued\u00e9 nuevamente embarazada. Si bien nos dio COVID, fue un embarazo tranquilo. El naci\u00f3 sanito, es un beb\u00e9 arco\u00edris porque vino despu\u00e9s de una p\u00e9rdida, estamos muy agradecidos de este regalo. Esperamos que venga con hartas bendiciones, estamos postulando a una casita para darle un buen hogar\u201d, indic\u00f3 la mam\u00e1 de Amaro.<\/p>\n<p style=\"text-align: justify;\">Debido a los protocolos COVID del \u00fanico hospital de alta complejidad de la regi\u00f3n de Ays\u00e9n, Amaro y su madre, Roc\u00edo, pudieron reci\u00e9n este lunes reunirse con su familia, ya que si bien el pap\u00e1 del primer beb\u00e9 de este 2022 estuvo presente durante el parto y del proceso de apego, luego debi\u00f3 retirarse del centro hospitalario, donde en el marco de la pandemia, a\u00fan siguen restringidas las visitas a pacientes hospitalizados.<\/p>\n<p style=\"text-align: justify;\">\u201cMe fui como a las 7 de la ma\u00f1ana de vuelta a Puerto Ays\u00e9n sin dormir, llorando y gritando todo el camino de felicidad\u201d, cuenta Cristian C\u00e1rdenas, quien junto a la abuela de Amaro, volvieron este lunes a la capital regional a buscar a la flamante dupla madre e hijo, para ser trasladados a su hogar en Puerto Ays\u00e9n.<\/p>\n<\/div><\/section><\/div><div  style='height:50px' class='hr hr-invisible   avia-builder-el-6  el_after_av_one_full  el_before_av_social_share '><span class='hr-inner ' ><span class='hr-inner-style'><\/span><\/span><\/div><\/p>\n<div  class='av-social-sharing-box  avia-builder-el-7  el_after_av_hr  el_before_av_hr  '><div class='av-share-box'><h5 class='av-share-link-description av-no-toc '>Compartir esta noticia<\/h5><ul class='av-share-box-list noLightbox'><li class='av-share-link av-social-link-facebook' ><a target=\"_blank\" aria-label=\"Compartir en Facebook\" href='https:\/\/www.facebook.com\/sharer.php?u=https:\/\/radiorevelacionfm.cl\/?p=12450&#038;t=Amaro%20Emilio%20Shakur%20es%20el%20primer%20beb%C3%A9%20nacido%20en%20la%20regi%C3%B3n%20de%20Ays%C3%A9n%20este%202022' aria-hidden='false' data-av_icon='\ue8f3' data-av_iconfont='entypo-fontello' title='' data-avia-related-tooltip='Compartir en Facebook' rel=\"noopener\"><span class='avia_hidden_link_text'>Compartir en Facebook<\/span><\/a><\/li><li class='av-share-link av-social-link-twitter' ><a target=\"_blank\" aria-label=\"Compartir en Twitter\" href='https:\/\/twitter.com\/share?text=Amaro%20Emilio%20Shakur%20es%20el%20primer%20beb%C3%A9%20nacido%20en%20la%20regi%C3%B3n%20de%20Ays%C3%A9n%20este%202022&#038;url=https:\/\/radiorevelacionfm.cl\/?p=12450' aria-hidden='false' data-av_icon='\ue8f1' data-av_iconfont='entypo-fontello' title='' data-avia-related-tooltip='Compartir en Twitter' rel=\"noopener\"><span class='avia_hidden_link_text'>Compartir en Twitter<\/span><\/a><\/li><li class='av-share-link av-social-link-whatsapp' ><a target=\"_blank\" aria-label=\"Compartir en Whatsapp\" href='https:\/\/api.whatsapp.com\/send?text=https:\/\/radiorevelacionfm.cl\/?p=12450' aria-hidden='false' data-av_icon='\uf232' data-av_iconfont='entypo-fontello' title='' data-avia-related-tooltip='Compartir en Whatsapp' rel=\"noopener\"><span class='avia_hidden_link_text'>Compartir en Whatsapp<\/span><\/a><\/li><li class='av-share-link av-social-link-linkedin' ><a target=\"_blank\" aria-label=\"Compartir en LinkedIn\" href='https:\/\/linkedin.com\/shareArticle?mini=true&#038;title=Amaro%20Emilio%20Shakur%20es%20el%20primer%20beb%C3%A9%20nacido%20en%20la%20regi%C3%B3n%20de%20Ays%C3%A9n%20este%202022&#038;url=https:\/\/radiorevelacionfm.cl\/?p=12450' aria-hidden='false' data-av_icon='\ue8fc' data-av_iconfont='entypo-fontello' title='' data-avia-related-tooltip='Compartir en LinkedIn' rel=\"noopener\"><span class='avia_hidden_link_text'>Compartir en LinkedIn<\/span><\/a><\/li><li class='av-share-link av-social-link-mail' ><a  aria-label=\"Compartir por correo\" href='mailto:?subject=Amaro%20Emilio%20Shakur%20es%20el%20primer%20beb%C3%A9%20nacido%20en%20la%20regi%C3%B3n%20de%20Ays%C3%A9n%20este%202022&#038;body=https:\/\/radiorevelacionfm.cl\/?p=12450' aria-hidden='false' data-av_icon='\ue805' data-av_iconfont='entypo-fontello' title='' data-avia-related-tooltip='Compartir por correo'><span class='avia_hidden_link_text'>Compartir por correo<\/span><\/a><\/li><\/ul><\/div><\/div>\n<div  style='height:50px' class='hr hr-invisible   avia-builder-el-8  el_after_av_social_share  el_before_av_comments_list '><span class='hr-inner ' ><span class='hr-inner-style'><\/span><\/span><\/div>\n<div  class='av-buildercomment  av-blog-meta-html-info-disabled av-blog-meta-tag-disabled  '><\/div>\n","protected":false},"excerpt":{"rendered":"","protected":false},"author":1,"featured_media":12451,"comment_status":"open","ping_status":"open","sticky":false,"template":"","format":"standard","meta":{"footnotes":""},"categories":[46],"tags":[],"class_list":["post-12450","post","type-post","status-publish","format-standard","has-post-thumbnail","hentry","category-salud"],"jetpack_featured_media_url":"https:\/\/radiorevelacionfm.cl\/wp-content\/uploads\/2022\/01\/PRIMERA-GUAGUA-2022-4-2-2.jpg","_links":{"self":[{"href":"https:\/\/radiorevelacionfm.cl\/index.php?rest_route=\/wp\/v2\/posts\/12450","targetHints":{"allow":["GET"]}}],"collection":[{"href":"https:\/\/radiorevelacionfm.cl\/index.php?rest_route=\/wp\/v2\/posts"}],"about":[{"href":"https:\/\/radiorevelacionfm.cl\/index.php?rest_route=\/wp\/v2\/types\/post"}],"author":[{"embeddable":true,"href":"https:\/\/radiorevelacionfm.cl\/index.php?rest_route=\/wp\/v2\/users\/1"}],"replies":[{"embeddable":true,"href":"https:\/\/radiorevelacionfm.cl\/index.php?rest_route=%2Fwp%2Fv2%2Fcomments&post=12450"}],"version-history":[{"count":2,"href":"https:\/\/radiorevelacionfm.cl\/index.php?rest_route=\/wp\/v2\/posts\/12450\/revisions"}],"predecessor-version":[{"id":12453,"href":"https:\/\/radiorevelacionfm.cl\/index.php?rest_route=\/wp\/v2\/posts\/12450\/revisions\/12453"}],"wp:featuredmedia":[{"embeddable":true,"href":"https:\/\/radiorevelacionfm.cl\/index.php?rest_route=\/wp\/v2\/media\/12451"}],"wp:attachment":[{"href":"https:\/\/radiorevelacionfm.cl\/index.php?rest_route=%2Fwp%2Fv2%2Fmedia&parent=12450"}],"wp:term":[{"taxonomy":"category","embeddable":true,"href":"https:\/\/radiorevelacionfm.cl\/index.php?rest_route=%2Fwp%2Fv2%2Fcategories&post=12450"},{"taxonomy":"post_tag","embeddable":true,"href":"https:\/\/radiorevelacionfm.cl\/index.php?rest_route=%2Fwp%2Fv2%2Ftags&post=12450"}],"curies":[{"name":"wp","href":"https:\/\/api.w.org\/{rel}","templated":true}]}}