{"id":12446,"date":"2022-01-03T16:43:51","date_gmt":"2022-01-03T19:43:51","guid":{"rendered":"https:\/\/radiorevelacionfm.cl\/?p=12446"},"modified":"2022-01-03T16:43:51","modified_gmt":"2022-01-03T19:43:51","slug":"publican-licitacion-para-pavimentar-102-km-del-camino-a-lago-atravesado","status":"publish","type":"post","link":"https:\/\/radiorevelacionfm.cl\/?p=12446","title":{"rendered":"Publican licitaci\u00f3n para pavimentar 10,2 km del camino a Lago Atravesado"},"content":{"rendered":"<div class=\"flex_column av_one_full  flex_column_div av-zero-column-padding first  avia-builder-el-0  el_before_av_one_full  avia-builder-el-first  \" style='border-radius:0px; '><div  class='avia-image-container  av-styling-    avia-builder-el-1  avia-builder-el-no-sibling  avia-align-center '  itemprop=\"image\" itemscope=\"itemscope\" itemtype=\"https:\/\/schema.org\/ImageObject\"  ><div class='avia-image-container-inner'><div class='avia-image-overlay-wrap'><img decoding=\"async\" class='wp-image-12447 avia-img-lazy-loading-not-12447 avia_image' src=\"https:\/\/radiorevelacionfm.cl\/wp-content\/uploads\/2022\/01\/CINCO-2-2.jpg\" alt='' title='CINCO-2-2' height=\"600\" width=\"806\"  itemprop=\"thumbnailUrl\" srcset=\"https:\/\/radiorevelacionfm.cl\/wp-content\/uploads\/2022\/01\/CINCO-2-2.jpg 806w, https:\/\/radiorevelacionfm.cl\/wp-content\/uploads\/2022\/01\/CINCO-2-2-300x223.jpg 300w, https:\/\/radiorevelacionfm.cl\/wp-content\/uploads\/2022\/01\/CINCO-2-2-768x572.jpg 768w, https:\/\/radiorevelacionfm.cl\/wp-content\/uploads\/2022\/01\/CINCO-2-2-705x525.jpg 705w, https:\/\/radiorevelacionfm.cl\/wp-content\/uploads\/2022\/01\/CINCO-2-2-600x447.jpg 600w\" sizes=\"(max-width: 806px) 100vw, 806px\" \/><\/div><\/div><\/div><\/div><div class=\"flex_column av_one_full  flex_column_div av-zero-column-padding first  avia-builder-el-2  el_after_av_one_full  el_before_av_one_full  column-top-margin\" style='border-radius:0px; '><section class=\"av_textblock_section \"  itemscope=\"itemscope\" itemtype=\"https:\/\/schema.org\/BlogPosting\" itemprop=\"blogPost\" ><div class='avia_textblock  '   itemprop=\"text\" ><p style=\"text-align: center;\"><strong><span style=\"font-size: 18pt;\">Publican licitaci\u00f3n para pavimentar 10,2 km del camino a Lago Atravesado<\/span><\/strong><\/p>\n<div id=\"gtx-trans\" style=\"position: absolute; left: -50px; top: 4.31534px;\">\n<div class=\"gtx-trans-icon\"><\/div>\n<\/div>\n<\/div><\/section><\/div><div class=\"flex_column av_one_full  flex_column_div av-zero-column-padding first  avia-builder-el-4  el_after_av_one_full  el_before_av_hr  column-top-margin\" style='border-radius:0px; '><section class=\"av_textblock_section \"  itemscope=\"itemscope\" itemtype=\"https:\/\/schema.org\/BlogPosting\" itemprop=\"blogPost\" ><div class='avia_textblock  '   itemprop=\"text\" ><p style=\"text-align: justify;\">Una buena noticia para las vecinas y vecinos del sector Lago Atravesado dio a conocer el Secretario Regional Ministerial de Obras P\u00fablicas (S) El\u00edas Fern\u00e1ndez-Ni\u00f1o Az\u00f3car esta tarde, toda vez que anunci\u00f3 el cumplimiento del compromiso adquirido con la comunidad de publicar la licitaci\u00f3n en el mes de diciembre del 2021 de la pavimentaci\u00f3n del camino sector cruce Aer\u00f3dromo Teniente Vidal-Villa Lago Atravesado.<\/p>\n<p style=\"text-align: justify;\">\u201cJuntos lo hicimos entre los vecinos y el gobierno y estamos muy contentos por haber logrado este importante hito que se inicia el 31 de diciembre del 2021 con la publicaci\u00f3n de la licitaci\u00f3n de estos 10,2 Kil\u00f3metros de pavimentaci\u00f3n del camino hacia el Lago Atravesado. El presupuesto oficial de nuestra Direcci\u00f3n Regional de Vialidad para llevar a cabo estas obras supera los $10 mil millones, siendo una de las obras que como gobierno nos tiene muy felices poder concretar, porque sabemos que esta comunidad rural cercana a la ciudad de Coyhaique lo necesita y ha esperado por muchos a\u00f1os poder conectarse con la capital regional -y a trav\u00e9s de ella a otros sectores de la regi\u00f3n- en mejores condiciones, as\u00ed que felicitamos a los dirigentes y vecinos con quienes hemos trabajado mancomunadamente para llegar a esta etapa del proceso. Estas obras incluidas en el plan Paso a Paso Chile se Recupera, cumplen el doble prop\u00f3sito entregar una mejor calidad de vida a los vecinos mejorando sus condiciones de conectividad, as\u00ed como tambi\u00e9n traer empleo y dinamizar la econom\u00eda local, tal como nos ha pedido nuestro presidente Sebasti\u00e1n Pi\u00f1era. Hoy hemos cumplido como gobierno con esta comunidad\u201d.<\/p>\n<p style=\"text-align: justify;\">La apertura de las Ofertas T\u00e9cnicas se realizar\u00e1n el 01 de marzo 2022 y las aperturas de las Ofertas Econ\u00f3micas se efectuar\u00e1n\u00a0 el 14 de marzo 2022. Una vez adjudicadas las obras, la empresa contratista tendr\u00e1 un plazo de 900 d\u00edas (alrededor de 18 meses) para realizar estos trabajos, los que consistir\u00e1n en pavimentar con hormig\u00f3n optimizado con fibra este camino, mejorar el alineamiento geom\u00e9trico de la Ruta, la construcci\u00f3n de obras de saneamiento, se\u00f1alizaci\u00f3n, seguridad vial e iluminaci\u00f3n, entre otros.<\/p>\n<\/div><\/section><\/div><div  style='height:50px' class='hr hr-invisible   avia-builder-el-6  el_after_av_one_full  el_before_av_social_share '><span class='hr-inner ' ><span class='hr-inner-style'><\/span><\/span><\/div><\/p>\n<div  class='av-social-sharing-box  avia-builder-el-7  el_after_av_hr  el_before_av_hr  '><div class='av-share-box'><h5 class='av-share-link-description av-no-toc '>Compartir esta noticia<\/h5><ul class='av-share-box-list noLightbox'><li class='av-share-link av-social-link-facebook' ><a target=\"_blank\" aria-label=\"Compartir en Facebook\" href='https:\/\/www.facebook.com\/sharer.php?u=https:\/\/radiorevelacionfm.cl\/?p=12446&#038;t=Publican%20licitaci%C3%B3n%20para%20pavimentar%2010%2C2%20km%20del%20camino%20a%20Lago%20Atravesado' aria-hidden='false' data-av_icon='\ue8f3' data-av_iconfont='entypo-fontello' title='' data-avia-related-tooltip='Compartir en Facebook' rel=\"noopener\"><span class='avia_hidden_link_text'>Compartir en Facebook<\/span><\/a><\/li><li class='av-share-link av-social-link-twitter' ><a target=\"_blank\" aria-label=\"Compartir en Twitter\" href='https:\/\/twitter.com\/share?text=Publican%20licitaci%C3%B3n%20para%20pavimentar%2010%2C2%20km%20del%20camino%20a%20Lago%20Atravesado&#038;url=https:\/\/radiorevelacionfm.cl\/?p=12446' aria-hidden='false' data-av_icon='\ue8f1' data-av_iconfont='entypo-fontello' title='' data-avia-related-tooltip='Compartir en Twitter' rel=\"noopener\"><span class='avia_hidden_link_text'>Compartir en Twitter<\/span><\/a><\/li><li class='av-share-link av-social-link-whatsapp' ><a target=\"_blank\" aria-label=\"Compartir en Whatsapp\" href='https:\/\/api.whatsapp.com\/send?text=https:\/\/radiorevelacionfm.cl\/?p=12446' aria-hidden='false' data-av_icon='\uf232' data-av_iconfont='entypo-fontello' title='' data-avia-related-tooltip='Compartir en Whatsapp' rel=\"noopener\"><span class='avia_hidden_link_text'>Compartir en Whatsapp<\/span><\/a><\/li><li class='av-share-link av-social-link-linkedin' ><a target=\"_blank\" aria-label=\"Compartir en LinkedIn\" href='https:\/\/linkedin.com\/shareArticle?mini=true&#038;title=Publican%20licitaci%C3%B3n%20para%20pavimentar%2010%2C2%20km%20del%20camino%20a%20Lago%20Atravesado&#038;url=https:\/\/radiorevelacionfm.cl\/?p=12446' aria-hidden='false' data-av_icon='\ue8fc' data-av_iconfont='entypo-fontello' title='' data-avia-related-tooltip='Compartir en LinkedIn' rel=\"noopener\"><span class='avia_hidden_link_text'>Compartir en LinkedIn<\/span><\/a><\/li><li class='av-share-link av-social-link-mail' ><a  aria-label=\"Compartir por correo\" href='mailto:?subject=Publican%20licitaci%C3%B3n%20para%20pavimentar%2010%2C2%20km%20del%20camino%20a%20Lago%20Atravesado&#038;body=https:\/\/radiorevelacionfm.cl\/?p=12446' aria-hidden='false' data-av_icon='\ue805' data-av_iconfont='entypo-fontello' title='' data-avia-related-tooltip='Compartir por correo'><span class='avia_hidden_link_text'>Compartir por correo<\/span><\/a><\/li><\/ul><\/div><\/div>\n<div  style='height:50px' class='hr hr-invisible   avia-builder-el-8  el_after_av_social_share  el_before_av_comments_list '><span class='hr-inner ' ><span class='hr-inner-style'><\/span><\/span><\/div>\n<div  class='av-buildercomment  av-blog-meta-html-info-disabled av-blog-meta-tag-disabled  '><\/div>\n","protected":false},"excerpt":{"rendered":"","protected":false},"author":1,"featured_media":12447,"comment_status":"open","ping_status":"open","sticky":false,"template":"","format":"standard","meta":{"footnotes":""},"categories":[38],"tags":[],"class_list":["post-12446","post","type-post","status-publish","format-standard","has-post-thumbnail","hentry","category-regional"],"jetpack_featured_media_url":"https:\/\/radiorevelacionfm.cl\/wp-content\/uploads\/2022\/01\/CINCO-2-2.jpg","_links":{"self":[{"href":"https:\/\/radiorevelacionfm.cl\/index.php?rest_route=\/wp\/v2\/posts\/12446","targetHints":{"allow":["GET"]}}],"collection":[{"href":"https:\/\/radiorevelacionfm.cl\/index.php?rest_route=\/wp\/v2\/posts"}],"about":[{"href":"https:\/\/radiorevelacionfm.cl\/index.php?rest_route=\/wp\/v2\/types\/post"}],"author":[{"embeddable":true,"href":"https:\/\/radiorevelacionfm.cl\/index.php?rest_route=\/wp\/v2\/users\/1"}],"replies":[{"embeddable":true,"href":"https:\/\/radiorevelacionfm.cl\/index.php?rest_route=%2Fwp%2Fv2%2Fcomments&post=12446"}],"version-history":[{"count":2,"href":"https:\/\/radiorevelacionfm.cl\/index.php?rest_route=\/wp\/v2\/posts\/12446\/revisions"}],"predecessor-version":[{"id":12449,"href":"https:\/\/radiorevelacionfm.cl\/index.php?rest_route=\/wp\/v2\/posts\/12446\/revisions\/12449"}],"wp:featuredmedia":[{"embeddable":true,"href":"https:\/\/radiorevelacionfm.cl\/index.php?rest_route=\/wp\/v2\/media\/12447"}],"wp:attachment":[{"href":"https:\/\/radiorevelacionfm.cl\/index.php?rest_route=%2Fwp%2Fv2%2Fmedia&parent=12446"}],"wp:term":[{"taxonomy":"category","embeddable":true,"href":"https:\/\/radiorevelacionfm.cl\/index.php?rest_route=%2Fwp%2Fv2%2Fcategories&post=12446"},{"taxonomy":"post_tag","embeddable":true,"href":"https:\/\/radiorevelacionfm.cl\/index.php?rest_route=%2Fwp%2Fv2%2Ftags&post=12446"}],"curies":[{"name":"wp","href":"https:\/\/api.w.org\/{rel}","templated":true}]}}