{"id":12438,"date":"2022-01-03T14:10:22","date_gmt":"2022-01-03T17:10:22","guid":{"rendered":"https:\/\/radiorevelacionfm.cl\/?p=12438"},"modified":"2022-01-03T14:10:22","modified_gmt":"2022-01-03T17:10:22","slug":"inician-las-terceras-jornadas-musicales-de-verano-en-aysen","status":"publish","type":"post","link":"https:\/\/radiorevelacionfm.cl\/?p=12438","title":{"rendered":"Inician las Terceras Jornadas Musicales de Verano en Ays\u00e9n"},"content":{"rendered":"<div class=\"flex_column av_one_full  flex_column_div av-zero-column-padding first  avia-builder-el-0  el_before_av_one_full  avia-builder-el-first  \" style='border-radius:0px; '><div  class='avia-image-container  av-styling-    avia-builder-el-1  avia-builder-el-no-sibling  avia-align-center '  itemprop=\"image\" itemscope=\"itemscope\" itemtype=\"https:\/\/schema.org\/ImageObject\"  ><div class='avia-image-container-inner'><div class='avia-image-overlay-wrap'><img decoding=\"async\" class='wp-image-12440 avia-img-lazy-loading-not-12440 avia_image' src=\"https:\/\/radiorevelacionfm.cl\/wp-content\/uploads\/2022\/01\/Jornadas-Musicales-de-verano-DEM-01-2-2.jpg\" alt='' title='Jornadas Musicales de verano DEM-01-2-2' height=\"600\" width=\"600\"  itemprop=\"thumbnailUrl\" srcset=\"https:\/\/radiorevelacionfm.cl\/wp-content\/uploads\/2022\/01\/Jornadas-Musicales-de-verano-DEM-01-2-2.jpg 600w, https:\/\/radiorevelacionfm.cl\/wp-content\/uploads\/2022\/01\/Jornadas-Musicales-de-verano-DEM-01-2-2-300x300.jpg 300w, https:\/\/radiorevelacionfm.cl\/wp-content\/uploads\/2022\/01\/Jornadas-Musicales-de-verano-DEM-01-2-2-80x80.jpg 80w, https:\/\/radiorevelacionfm.cl\/wp-content\/uploads\/2022\/01\/Jornadas-Musicales-de-verano-DEM-01-2-2-36x36.jpg 36w, https:\/\/radiorevelacionfm.cl\/wp-content\/uploads\/2022\/01\/Jornadas-Musicales-de-verano-DEM-01-2-2-180x180.jpg 180w, https:\/\/radiorevelacionfm.cl\/wp-content\/uploads\/2022\/01\/Jornadas-Musicales-de-verano-DEM-01-2-2-100x100.jpg 100w\" sizes=\"(max-width: 600px) 100vw, 600px\" \/><\/div><\/div><\/div><\/div><div class=\"flex_column av_one_full  flex_column_div av-zero-column-padding first  avia-builder-el-2  el_after_av_one_full  el_before_av_one_full  column-top-margin\" style='border-radius:0px; '><section class=\"av_textblock_section \"  itemscope=\"itemscope\" itemtype=\"https:\/\/schema.org\/BlogPosting\" itemprop=\"blogPost\" ><div class='avia_textblock  '   itemprop=\"text\" ><p style=\"text-align: center;\"><span style=\"font-size: 18pt;\"><strong>Inician las Terceras Jornadas Musicales de Verano en Ays\u00e9n<\/strong><\/span><\/p>\n<div id=\"gtx-trans\" style=\"position: absolute; left: -50px; top: 4.31534px;\">\n<div class=\"gtx-trans-icon\"><\/div>\n<\/div>\n<\/div><\/section><\/div><div class=\"flex_column av_one_full  flex_column_div av-zero-column-padding first  avia-builder-el-4  el_after_av_one_full  el_before_av_hr  column-top-margin\" style='border-radius:0px; '><section class=\"av_textblock_section \"  itemscope=\"itemscope\" itemtype=\"https:\/\/schema.org\/BlogPosting\" itemprop=\"blogPost\" ><div class='avia_textblock  '   itemprop=\"text\" ><p style=\"text-align: justify;\">Desde el lunes 3 al viernes 21 de enero se llevar\u00e1 a cabo una nueva versi\u00f3n de esta iniciativa, cuyo objetivo es dar continuidad al trabajo que se realiza durante el a\u00f1o en el marco de la Orquesta Escolar Comunal, dependiente de la Direcci\u00f3n de Educaci\u00f3n Municipal aysenina.<\/p>\n<p style=\"text-align: justify;\">\u201cEstamos dando inicio a las jornadas musicales en Ays\u00e9n para partir este a\u00f1o con mucha m\u00fasica y actividades de educaci\u00f3n art\u00edstica especializada, que va dirigida a los ni\u00f1os y ni\u00f1as que integran las distintas orquestas escolares y conjuntos musicales de los diversos establecimientos educacionales municipalizados\u201d, manifest\u00f3 Patricia Araya, directora musical de la unidad de Orquestas Escolares del DEM, impulsora de esta actividad en su tercera edici\u00f3n.<\/p>\n<p style=\"text-align: justify;\">De esta manera, la instancia se extender\u00e1 hasta el d\u00eda viernes 21 de enero y contar\u00e1 con la participaci\u00f3n de m\u00e1s de 40 estudiantes, quienes tendr\u00e1n talleres de viol\u00edn, viola, violonchelo y contrabajo a cargo de sus profesores musicales, con el fin de abordar materias como son la destreza t\u00e9cnica de la ejecuci\u00f3n instrumental, la afinaci\u00f3n, la calidad del sonido, digitaciones, entre otras.<\/p>\n<p style=\"text-align: justify;\">\u201cNuestro prop\u00f3sito clave es que cada uno de nuestros ni\u00f1os y ni\u00f1as pueda trabajar de la mejor manera en su instrumento musical de forma individual, pero tambi\u00e9n distintas din\u00e1micas de grupo para aprender nuevas canciones y piezas musicales de forma conjunta\u201d, agreg\u00f3 la profesional respecto a estas jornadas, cuya edici\u00f3n 2021 se efectu\u00f3 de forma telem\u00e1tica dada la contingencia sanitaria, y que este 2022 retorn\u00f3 a modalidad presencial.<\/p>\n<p style=\"text-align: justify;\">As\u00ed, los talleres se realizar\u00e1n categorizados en tres grupos diarios de acuerdo al instrumento musical, a cargo de los profesores M\u00f3nica Rojas, Valeska Herrera y Walter Rathgeb; y tendr\u00e1n lugar durante las ma\u00f1anas y las tardes de lunes a jueves en las dependencias de la escuela B\u00e1sica Ribera Sur, quienes cedieron su espacio para esta tercera versi\u00f3n de las Jornadas Musicales de Verano en Ays\u00e9n.<\/p>\n<p style=\"text-align: justify;\">\u201cAdem\u00e1s de los talleres musicales, que permitir\u00e1n a los ni\u00f1os seguir aprendiendo el arte de la m\u00fasica, significar\u00e1 una oportunidad tremenda para aquellos que no pueden salir de vacaciones para tener alternativas de recreaci\u00f3n y entretenci\u00f3n durante el periodo estival. Adem\u00e1s, tendremos otras sorpresas los d\u00edas viernes, donde abriremos una serie de actividades musicales para salir a compartir la m\u00fasica con la comunidad aysenina\u201d, finaliz\u00f3 Araya Bilbao.<\/p>\n<\/div><\/section><\/div><div  style='height:50px' class='hr hr-invisible   avia-builder-el-6  el_after_av_one_full  el_before_av_social_share '><span class='hr-inner ' ><span class='hr-inner-style'><\/span><\/span><\/div><\/p>\n<div  class='av-social-sharing-box  avia-builder-el-7  el_after_av_hr  el_before_av_hr  '><div class='av-share-box'><h5 class='av-share-link-description av-no-toc '>Compartir esta noticia<\/h5><ul class='av-share-box-list noLightbox'><li class='av-share-link av-social-link-facebook' ><a target=\"_blank\" aria-label=\"Compartir en Facebook\" href='https:\/\/www.facebook.com\/sharer.php?u=https:\/\/radiorevelacionfm.cl\/?p=12438&#038;t=Inician%20las%20Terceras%20Jornadas%20Musicales%20de%20Verano%20en%20Ays%C3%A9n' aria-hidden='false' data-av_icon='\ue8f3' data-av_iconfont='entypo-fontello' title='' data-avia-related-tooltip='Compartir en Facebook' rel=\"noopener\"><span class='avia_hidden_link_text'>Compartir en Facebook<\/span><\/a><\/li><li class='av-share-link av-social-link-twitter' ><a target=\"_blank\" aria-label=\"Compartir en Twitter\" href='https:\/\/twitter.com\/share?text=Inician%20las%20Terceras%20Jornadas%20Musicales%20de%20Verano%20en%20Ays%C3%A9n&#038;url=https:\/\/radiorevelacionfm.cl\/?p=12438' aria-hidden='false' data-av_icon='\ue8f1' data-av_iconfont='entypo-fontello' title='' data-avia-related-tooltip='Compartir en Twitter' rel=\"noopener\"><span class='avia_hidden_link_text'>Compartir en Twitter<\/span><\/a><\/li><li class='av-share-link av-social-link-whatsapp' ><a target=\"_blank\" aria-label=\"Compartir en Whatsapp\" href='https:\/\/api.whatsapp.com\/send?text=https:\/\/radiorevelacionfm.cl\/?p=12438' aria-hidden='false' data-av_icon='\uf232' data-av_iconfont='entypo-fontello' title='' data-avia-related-tooltip='Compartir en Whatsapp' rel=\"noopener\"><span class='avia_hidden_link_text'>Compartir en Whatsapp<\/span><\/a><\/li><li class='av-share-link av-social-link-linkedin' ><a target=\"_blank\" aria-label=\"Compartir en LinkedIn\" href='https:\/\/linkedin.com\/shareArticle?mini=true&#038;title=Inician%20las%20Terceras%20Jornadas%20Musicales%20de%20Verano%20en%20Ays%C3%A9n&#038;url=https:\/\/radiorevelacionfm.cl\/?p=12438' aria-hidden='false' data-av_icon='\ue8fc' data-av_iconfont='entypo-fontello' title='' data-avia-related-tooltip='Compartir en LinkedIn' rel=\"noopener\"><span class='avia_hidden_link_text'>Compartir en LinkedIn<\/span><\/a><\/li><li class='av-share-link av-social-link-mail' ><a  aria-label=\"Compartir por correo\" href='mailto:?subject=Inician%20las%20Terceras%20Jornadas%20Musicales%20de%20Verano%20en%20Ays%C3%A9n&#038;body=https:\/\/radiorevelacionfm.cl\/?p=12438' aria-hidden='false' data-av_icon='\ue805' data-av_iconfont='entypo-fontello' title='' data-avia-related-tooltip='Compartir por correo'><span class='avia_hidden_link_text'>Compartir por correo<\/span><\/a><\/li><\/ul><\/div><\/div>\n<div  style='height:50px' class='hr hr-invisible   avia-builder-el-8  el_after_av_social_share  el_before_av_comments_list '><span class='hr-inner ' ><span class='hr-inner-style'><\/span><\/span><\/div>\n<div  class='av-buildercomment  av-blog-meta-html-info-disabled av-blog-meta-tag-disabled  '><\/div>\n","protected":false},"excerpt":{"rendered":"","protected":false},"author":1,"featured_media":12439,"comment_status":"open","ping_status":"open","sticky":false,"template":"","format":"standard","meta":{"footnotes":""},"categories":[38],"tags":[],"class_list":["post-12438","post","type-post","status-publish","format-standard","has-post-thumbnail","hentry","category-regional"],"jetpack_featured_media_url":"https:\/\/radiorevelacionfm.cl\/wp-content\/uploads\/2022\/01\/image-10-3-2.jpg","_links":{"self":[{"href":"https:\/\/radiorevelacionfm.cl\/index.php?rest_route=\/wp\/v2\/posts\/12438","targetHints":{"allow":["GET"]}}],"collection":[{"href":"https:\/\/radiorevelacionfm.cl\/index.php?rest_route=\/wp\/v2\/posts"}],"about":[{"href":"https:\/\/radiorevelacionfm.cl\/index.php?rest_route=\/wp\/v2\/types\/post"}],"author":[{"embeddable":true,"href":"https:\/\/radiorevelacionfm.cl\/index.php?rest_route=\/wp\/v2\/users\/1"}],"replies":[{"embeddable":true,"href":"https:\/\/radiorevelacionfm.cl\/index.php?rest_route=%2Fwp%2Fv2%2Fcomments&post=12438"}],"version-history":[{"count":2,"href":"https:\/\/radiorevelacionfm.cl\/index.php?rest_route=\/wp\/v2\/posts\/12438\/revisions"}],"predecessor-version":[{"id":12442,"href":"https:\/\/radiorevelacionfm.cl\/index.php?rest_route=\/wp\/v2\/posts\/12438\/revisions\/12442"}],"wp:featuredmedia":[{"embeddable":true,"href":"https:\/\/radiorevelacionfm.cl\/index.php?rest_route=\/wp\/v2\/media\/12439"}],"wp:attachment":[{"href":"https:\/\/radiorevelacionfm.cl\/index.php?rest_route=%2Fwp%2Fv2%2Fmedia&parent=12438"}],"wp:term":[{"taxonomy":"category","embeddable":true,"href":"https:\/\/radiorevelacionfm.cl\/index.php?rest_route=%2Fwp%2Fv2%2Fcategories&post=12438"},{"taxonomy":"post_tag","embeddable":true,"href":"https:\/\/radiorevelacionfm.cl\/index.php?rest_route=%2Fwp%2Fv2%2Ftags&post=12438"}],"curies":[{"name":"wp","href":"https:\/\/api.w.org\/{rel}","templated":true}]}}