{"id":12434,"date":"2022-01-03T10:10:48","date_gmt":"2022-01-03T13:10:48","guid":{"rendered":"https:\/\/radiorevelacionfm.cl\/?p=12434"},"modified":"2022-01-03T10:10:48","modified_gmt":"2022-01-03T13:10:48","slug":"sandoval-y-los-desafios-regionales-tenemos-muchas-capacidades-para-desarrollar-en-la-region-pero-no-podemos-hacer-las-cosas-como-a-lo-mejor-se-hicieron-en-el-pasado","status":"publish","type":"post","link":"https:\/\/radiorevelacionfm.cl\/?p=12434","title":{"rendered":"Sandoval y los desaf\u00edos regionales:  \u201cTenemos muchas capacidades para desarrollar en la regi\u00f3n, pero no podemos hacer las cosas como a lo mejor se hicieron en el pasado\u201d"},"content":{"rendered":"<div class=\"flex_column av_one_full  flex_column_div av-zero-column-padding first  avia-builder-el-0  el_before_av_one_full  avia-builder-el-first  \" style='border-radius:0px; '><div  class='avia-image-container  av-styling-    avia-builder-el-1  avia-builder-el-no-sibling  avia-align-center '  itemprop=\"image\" itemscope=\"itemscope\" itemtype=\"https:\/\/schema.org\/ImageObject\"  ><div class='avia-image-container-inner'><div class='avia-image-overlay-wrap'><img decoding=\"async\" class='wp-image-4797 avia-img-lazy-loading-not-4797 avia_image' src=\"https:\/\/radiorevelacionfm.cl\/wp-content\/uploads\/2021\/06\/Sandoval-8-1-1.jpg\" alt='' title='Sandoval-8 (1) (1)' height=\"600\" width=\"926\"  itemprop=\"thumbnailUrl\" srcset=\"https:\/\/radiorevelacionfm.cl\/wp-content\/uploads\/2021\/06\/Sandoval-8-1-1.jpg 926w, https:\/\/radiorevelacionfm.cl\/wp-content\/uploads\/2021\/06\/Sandoval-8-1-1-300x194.jpg 300w, https:\/\/radiorevelacionfm.cl\/wp-content\/uploads\/2021\/06\/Sandoval-8-1-1-768x498.jpg 768w, https:\/\/radiorevelacionfm.cl\/wp-content\/uploads\/2021\/06\/Sandoval-8-1-1-705x457.jpg 705w, https:\/\/radiorevelacionfm.cl\/wp-content\/uploads\/2021\/06\/Sandoval-8-1-1-600x389.jpg 600w\" sizes=\"(max-width: 926px) 100vw, 926px\" \/><\/div><\/div><\/div><\/div><div class=\"flex_column av_one_full  flex_column_div av-zero-column-padding first  avia-builder-el-2  el_after_av_one_full  el_before_av_one_full  column-top-margin\" style='border-radius:0px; '><section class=\"av_textblock_section \"  itemscope=\"itemscope\" itemtype=\"https:\/\/schema.org\/BlogPosting\" itemprop=\"blogPost\" ><div class='avia_textblock  '   itemprop=\"text\" ><p style=\"text-align: center;\"><span style=\"font-size: 18pt;\"><strong>Sandoval y los desaf\u00edos regionales: <\/strong><strong>\u201cTenemos muchas capacidades para desarrollar en la regi\u00f3n, pero no podemos hacer las cosas como a lo mejor se hicieron en el pasado\u201d<\/strong><\/span><\/p>\n<div id=\"gtx-trans\" style=\"position: absolute; left: -50px; top: 4.31534px;\">\n<div class=\"gtx-trans-icon\"><\/div>\n<\/div>\n<\/div><\/section><\/div><div class=\"flex_column av_one_full  flex_column_div av-zero-column-padding first  avia-builder-el-4  el_after_av_one_full  el_before_av_hr  column-top-margin\" style='border-radius:0px; '><section class=\"av_textblock_section \"  itemscope=\"itemscope\" itemtype=\"https:\/\/schema.org\/BlogPosting\" itemprop=\"blogPost\" ><div class='avia_textblock  '   itemprop=\"text\" ><p style=\"text-align: justify;\">Reci\u00e9n iniciado el a\u00f1o 2022, el senador David Sandoval hizo hincapi\u00e9 en los principales desaf\u00edos que enfrenta la regi\u00f3n para los pr\u00f3ximos a\u00f1os, \u00e1mbito en el que relev\u00f3 el rol que tienen las autoridades locales y regionales en el proceso de desarrollo de la zona.<\/p>\n<p style=\"text-align: justify;\">\u201cLo que hay hoy d\u00eda es la instalaci\u00f3n de una nueva estructura de organizaci\u00f3n en la regi\u00f3n. Elegimos hace no mucho tiempo a nuevas autoridades locales y regionales (\u2026) que tendr\u00e1n que imponer lo que va a significar la nueva condici\u00f3n del desarrollo en Ays\u00e9n\u201d, se\u00f1al\u00f3 el parlamentario.<\/p>\n<p style=\"text-align: justify;\">Sandoval precis\u00f3 que se deben enfrentar temas esenciales, entre ellos, la pobreza multidimensional en la que viven m\u00e1s de 20 mil ayseninos y ayseninas. \u201cEste nuevo equipo de autoridades en la regi\u00f3n, alcaldes, concejales, cores y gobernadora regional, tienen una tarea totalmente distinta. Por a\u00f1os, se quer\u00eda que las regiones tuvieran sus propias autoridades, ahora lo tenemos y lo que corresponde por lo tanto, es que toda estructura funcione adecuadamente, que se hagan cargo de esta realidad\u201d, subray\u00f3.<\/p>\n<p style=\"text-align: justify;\">Otro tema al que hizo referencia son las localidades del litoral aisenino, que \u201cno tienen ni siquiera alcantarillado ni agua potable\u201d, por lo cual enfatiz\u00f3 que all\u00ed \u201ces donde hay que poner las prioridades\u201d.<\/p>\n<p style=\"text-align: justify;\">Tambi\u00e9n est\u00e1 el tema de la vivienda, considerando que hay alrededor de 1.500 viviendas en condici\u00f3n de irrecuperable en la regi\u00f3n. \u201cAh\u00ed estamos viendo un problema que tenemos que resolver de otra manera. Y ese es el rol de las autoridades locales, que deben identificar estos problemas que tenemos en las localidades\u201d, puntualiz\u00f3.<\/p>\n<p style=\"text-align: justify;\">\u201cEsta nueva mirada depende en gran medida de la gente que nosotros hemos elegido, tanto en los municipios como a nivel regional. Creemos que tenemos muchas capacidades para desarrollar en la regi\u00f3n, pero la diferencia es que hoy no podemos hacer las cosas como a lo mejor se hicieron en el pasado. Hay que cambiar los est\u00e1ndar\u201d, agreg\u00f3.<\/p>\n<p style=\"text-align: justify;\">En ese sentido, insisti\u00f3 que la industria salmonera no puede responder solo a los est\u00e1ndares de exigencias que tiene nuestro pa\u00eds, tomando en cuenta que Chile es el segundo productor mundial y dentro de ello, la mitad de esa producci\u00f3n proviene de la regi\u00f3n de Ays\u00e9n. \u201cPero no queremos contaminaci\u00f3n en el litoral, descuidos en situaciones sociales, desventajas para las propias comunidades. Por eso creamos este protocolo (productivo) en el a\u00f1o 2019, que debe ser cumplido\u201d, recalc\u00f3<\/p>\n<p style=\"text-align: justify;\">La pesca artesanal es otro de los sectores que requiere mayor apoyo y acompa\u00f1amiento, estima Sandoval, para quien es fundamental se generen otras condiciones para su desarrollo. \u201cHace poco se aprob\u00f3 el proyecto de habitabilidad, para la gente que trabaja en este rubro tengan condiciones dignas en el desarrollo de su labor\u201d, record\u00f3.<\/p>\n<p style=\"text-align: justify;\">Finalmente, considera que el \u00e1mbito forestal, agricultura, peque\u00f1a y mediana ganader\u00eda tambi\u00e9n deben ser enfrentados de otra manera, para generar en estos el desarrollo que permita beneficiar a las comunidades de la regi\u00f3n. \u201cNo queremos terminar siendo invadidos por estos cowboys de fin de semana, que no quiere que se haga nada en la regi\u00f3n de Ays\u00e9n\u201d, concluy\u00f3 el legislador.<\/p>\n<\/div><\/section><\/div><div  style='height:50px' class='hr hr-invisible   avia-builder-el-6  el_after_av_one_full  el_before_av_social_share '><span class='hr-inner ' ><span class='hr-inner-style'><\/span><\/span><\/div><\/p>\n<div  class='av-social-sharing-box  avia-builder-el-7  el_after_av_hr  el_before_av_hr  '><div class='av-share-box'><h5 class='av-share-link-description av-no-toc '>Compartir esta noticia<\/h5><ul class='av-share-box-list noLightbox'><li class='av-share-link av-social-link-facebook' ><a target=\"_blank\" aria-label=\"Compartir en Facebook\" href='https:\/\/www.facebook.com\/sharer.php?u=https:\/\/radiorevelacionfm.cl\/?p=12434&#038;t=Sandoval%20y%20los%20desaf%C3%ADos%20regionales%3A%20%20%E2%80%9CTenemos%20muchas%20capacidades%20para%20desarrollar%20en%20la%20regi%C3%B3n%2C%20pero%20no%20podemos%20hacer%20las%20cosas%20como%20a%20lo%20mejor%20se%20hicieron%20en%20el%20pasado%E2%80%9D' aria-hidden='false' data-av_icon='\ue8f3' data-av_iconfont='entypo-fontello' title='' data-avia-related-tooltip='Compartir en Facebook' rel=\"noopener\"><span class='avia_hidden_link_text'>Compartir en Facebook<\/span><\/a><\/li><li class='av-share-link av-social-link-twitter' ><a target=\"_blank\" aria-label=\"Compartir en Twitter\" href='https:\/\/twitter.com\/share?text=Sandoval%20y%20los%20desaf%C3%ADos%20regionales%3A%20%20%E2%80%9CTenemos%20muchas%20capacidades%20para%20desarrollar%20en%20la%20regi%C3%B3n%2C%20pero%20no%20podemos%20hacer%20las%20cosas%20como%20a%20lo%20mejor%20se%20hicieron%20en%20el%20pasado%E2%80%9D&#038;url=https:\/\/radiorevelacionfm.cl\/?p=12434' aria-hidden='false' data-av_icon='\ue8f1' data-av_iconfont='entypo-fontello' title='' data-avia-related-tooltip='Compartir en Twitter' rel=\"noopener\"><span class='avia_hidden_link_text'>Compartir en Twitter<\/span><\/a><\/li><li class='av-share-link av-social-link-whatsapp' ><a target=\"_blank\" aria-label=\"Compartir en Whatsapp\" href='https:\/\/api.whatsapp.com\/send?text=https:\/\/radiorevelacionfm.cl\/?p=12434' aria-hidden='false' data-av_icon='\uf232' data-av_iconfont='entypo-fontello' title='' data-avia-related-tooltip='Compartir en Whatsapp' rel=\"noopener\"><span class='avia_hidden_link_text'>Compartir en Whatsapp<\/span><\/a><\/li><li class='av-share-link av-social-link-linkedin' ><a target=\"_blank\" aria-label=\"Compartir en LinkedIn\" href='https:\/\/linkedin.com\/shareArticle?mini=true&#038;title=Sandoval%20y%20los%20desaf%C3%ADos%20regionales%3A%20%20%E2%80%9CTenemos%20muchas%20capacidades%20para%20desarrollar%20en%20la%20regi%C3%B3n%2C%20pero%20no%20podemos%20hacer%20las%20cosas%20como%20a%20lo%20mejor%20se%20hicieron%20en%20el%20pasado%E2%80%9D&#038;url=https:\/\/radiorevelacionfm.cl\/?p=12434' aria-hidden='false' data-av_icon='\ue8fc' data-av_iconfont='entypo-fontello' title='' data-avia-related-tooltip='Compartir en LinkedIn' rel=\"noopener\"><span class='avia_hidden_link_text'>Compartir en LinkedIn<\/span><\/a><\/li><li class='av-share-link av-social-link-mail' ><a  aria-label=\"Compartir por correo\" href='mailto:?subject=Sandoval%20y%20los%20desaf%C3%ADos%20regionales%3A%20%20%E2%80%9CTenemos%20muchas%20capacidades%20para%20desarrollar%20en%20la%20regi%C3%B3n%2C%20pero%20no%20podemos%20hacer%20las%20cosas%20como%20a%20lo%20mejor%20se%20hicieron%20en%20el%20pasado%E2%80%9D&#038;body=https:\/\/radiorevelacionfm.cl\/?p=12434' aria-hidden='false' data-av_icon='\ue805' data-av_iconfont='entypo-fontello' title='' data-avia-related-tooltip='Compartir por correo'><span class='avia_hidden_link_text'>Compartir por correo<\/span><\/a><\/li><\/ul><\/div><\/div>\n<div  style='height:50px' class='hr hr-invisible   avia-builder-el-8  el_after_av_social_share  el_before_av_comments_list '><span class='hr-inner ' ><span class='hr-inner-style'><\/span><\/span><\/div>\n<div  class='av-buildercomment  av-blog-meta-html-info-disabled av-blog-meta-tag-disabled  '><\/div>\n","protected":false},"excerpt":{"rendered":"","protected":false},"author":1,"featured_media":4797,"comment_status":"open","ping_status":"open","sticky":false,"template":"","format":"standard","meta":{"footnotes":""},"categories":[35],"tags":[],"class_list":["post-12434","post","type-post","status-publish","format-standard","has-post-thumbnail","hentry","category-politica"],"jetpack_featured_media_url":"https:\/\/radiorevelacionfm.cl\/wp-content\/uploads\/2021\/06\/Sandoval-8-1-1.jpg","_links":{"self":[{"href":"https:\/\/radiorevelacionfm.cl\/index.php?rest_route=\/wp\/v2\/posts\/12434","targetHints":{"allow":["GET"]}}],"collection":[{"href":"https:\/\/radiorevelacionfm.cl\/index.php?rest_route=\/wp\/v2\/posts"}],"about":[{"href":"https:\/\/radiorevelacionfm.cl\/index.php?rest_route=\/wp\/v2\/types\/post"}],"author":[{"embeddable":true,"href":"https:\/\/radiorevelacionfm.cl\/index.php?rest_route=\/wp\/v2\/users\/1"}],"replies":[{"embeddable":true,"href":"https:\/\/radiorevelacionfm.cl\/index.php?rest_route=%2Fwp%2Fv2%2Fcomments&post=12434"}],"version-history":[{"count":2,"href":"https:\/\/radiorevelacionfm.cl\/index.php?rest_route=\/wp\/v2\/posts\/12434\/revisions"}],"predecessor-version":[{"id":12437,"href":"https:\/\/radiorevelacionfm.cl\/index.php?rest_route=\/wp\/v2\/posts\/12434\/revisions\/12437"}],"wp:featuredmedia":[{"embeddable":true,"href":"https:\/\/radiorevelacionfm.cl\/index.php?rest_route=\/wp\/v2\/media\/4797"}],"wp:attachment":[{"href":"https:\/\/radiorevelacionfm.cl\/index.php?rest_route=%2Fwp%2Fv2%2Fmedia&parent=12434"}],"wp:term":[{"taxonomy":"category","embeddable":true,"href":"https:\/\/radiorevelacionfm.cl\/index.php?rest_route=%2Fwp%2Fv2%2Fcategories&post=12434"},{"taxonomy":"post_tag","embeddable":true,"href":"https:\/\/radiorevelacionfm.cl\/index.php?rest_route=%2Fwp%2Fv2%2Ftags&post=12434"}],"curies":[{"name":"wp","href":"https:\/\/api.w.org\/{rel}","templated":true}]}}