{"id":12431,"date":"2022-01-03T09:25:59","date_gmt":"2022-01-03T12:25:59","guid":{"rendered":"https:\/\/radiorevelacionfm.cl\/?p=12431"},"modified":"2022-01-03T09:25:59","modified_gmt":"2022-01-03T12:25:59","slug":"sernameg-cumple-31-anos-de-existencia-trabajando-por-las-mujeres-y-las-juventudes","status":"publish","type":"post","link":"https:\/\/radiorevelacionfm.cl\/?p=12431","title":{"rendered":"SernamEG cumple 31 a\u00f1os de existencia trabajando por las mujeres y las juventudes"},"content":{"rendered":"<div class=\"flex_column av_one_full  flex_column_div av-zero-column-padding first  avia-builder-el-0  el_before_av_one_full  avia-builder-el-first  \" style='border-radius:0px; '><div  class='avia-image-container  av-styling-    avia-builder-el-1  avia-builder-el-no-sibling  avia-align-center '  itemprop=\"image\" itemscope=\"itemscope\" itemtype=\"https:\/\/schema.org\/ImageObject\"  ><div class='avia-image-container-inner'><div class='avia-image-overlay-wrap'><img decoding=\"async\" class='wp-image-12432 avia-img-lazy-loading-not-12432 avia_image' src=\"https:\/\/radiorevelacionfm.cl\/wp-content\/uploads\/2022\/01\/aniversario-sernameg-1-1-2_optimized.jpg\" alt='' title='aniversario-sernameg-1-(1)-2_optimized' height=\"600\" width=\"800\"  itemprop=\"thumbnailUrl\" srcset=\"https:\/\/radiorevelacionfm.cl\/wp-content\/uploads\/2022\/01\/aniversario-sernameg-1-1-2_optimized.jpg 800w, https:\/\/radiorevelacionfm.cl\/wp-content\/uploads\/2022\/01\/aniversario-sernameg-1-1-2_optimized-300x225.jpg 300w, https:\/\/radiorevelacionfm.cl\/wp-content\/uploads\/2022\/01\/aniversario-sernameg-1-1-2_optimized-768x576.jpg 768w, https:\/\/radiorevelacionfm.cl\/wp-content\/uploads\/2022\/01\/aniversario-sernameg-1-1-2_optimized-705x529.jpg 705w, https:\/\/radiorevelacionfm.cl\/wp-content\/uploads\/2022\/01\/aniversario-sernameg-1-1-2_optimized-600x450.jpg 600w\" sizes=\"(max-width: 800px) 100vw, 800px\" \/><\/div><\/div><\/div><\/div><div class=\"flex_column av_one_full  flex_column_div av-zero-column-padding first  avia-builder-el-2  el_after_av_one_full  el_before_av_one_full  column-top-margin\" style='border-radius:0px; '><section class=\"av_textblock_section \"  itemscope=\"itemscope\" itemtype=\"https:\/\/schema.org\/BlogPosting\" itemprop=\"blogPost\" ><div class='avia_textblock  '   itemprop=\"text\" ><p style=\"text-align: center;\"><span style=\"font-size: 18pt;\"><strong>SernamEG cumple 31 a\u00f1os de existencia trabajando por las mujeres y las juventudes<\/strong><\/span><\/p>\n<div id=\"gtx-trans\" style=\"position: absolute; left: -50px; top: 4.31534px;\">\n<div class=\"gtx-trans-icon\"><\/div>\n<\/div>\n<\/div><\/section><\/div><div class=\"flex_column av_one_full  flex_column_div av-zero-column-padding first  avia-builder-el-4  el_after_av_one_full  el_before_av_hr  column-top-margin\" style='border-radius:0px; '><section class=\"av_textblock_section \"  itemscope=\"itemscope\" itemtype=\"https:\/\/schema.org\/BlogPosting\" itemprop=\"blogPost\" ><div class='avia_textblock  '   itemprop=\"text\" ><p style=\"text-align: justify;\">Este lunes 03 de enero el Servicio Nacional de la Mujer y la Equidad de G\u00e9nero conmemora su aniversario trig\u00e9simo primero, tras su creaci\u00f3n el a\u00f1o 1991 a trav\u00e9s de la Ley N\u00b0 19.023, con un balance positivo de su labor en fortalecer las autonom\u00edas de las mujeres \u2013 pol\u00edtica, f\u00edsica y econ\u00f3mica- y ejercicio pleno de sus derechos y deberes durante el a\u00f1o 2021; y contribuir finalmente al cambio cultural que se necesita en el pa\u00eds en pos de alcanzar una sociedad m\u00e1s igualitaria.<\/p>\n<p style=\"text-align: justify;\">Uno de los hitos m\u00e1s significativos del a\u00f1o reci\u00e9n pasado fue el inicio del Fondo Equidad de G\u00e9nero, el que se implementa en conjunto con la Sub-Secretaria del Ministerio de la Mujer y la Equidad de G\u00e9nero. Su objetivo es contribuir al financiamiento de proyectos nacionales, regionales y\/o locales que est\u00e9n destinados a fortalecer la participaci\u00f3n, asociatividad y liderazgo de las mujeres, en el marco de la equidad de g\u00e9nero y los derechos humanos de las mismas.<\/p>\n<p style=\"text-align: justify;\">En la Regi\u00f3n fue seleccionado el proyecto \u201cRedes Sociales para la Mujer Rural &#8211; Talleres Formativos Comuna de R\u00edo Ib\u00e1\u00f1ez\u201d. Al respecto la Directora Regional Subrogante de SernamEG, Carla Arriagada Malague\u00f1o, dijo: \u201cpara cada una de las personas que integramos el Servicio el que comenzara a operar el Fondo Equidad de G\u00e9nero es un paso muy importante y a nivel regional nos llena de orgullo que la iniciativa ganadora sea de una comuna m\u00e1s alejada porque nos permite descentralizar los apoyos que se entregan en el territorio regional. Felicitamos a las 12 mujeres de R\u00edo Ib\u00e1\u00f1ez quienes pudieron desarrollar sus habilidades orientadas al manejo de sus equipos celulares, tanto en el uso de redes sociales como en aplicaciones que les son necesarias para alcanzar y\/o mantener su autonom\u00eda econ\u00f3mica y desarrollo personal\u201d.<\/p>\n<p style=\"text-align: justify;\"><strong>AUTONOM\u00cdAS F\u00cdSICA Y POL\u00cdTICA <\/strong><\/p>\n<p style=\"text-align: justify;\">En violencia extrema uno de los hitos en materia penal fue la ratificaci\u00f3n de la condena por violaci\u00f3n con femicidio consumado, seg\u00fan explic\u00f3 Carla Arriagada Malague\u00f1o, \u201cse trata del primer caso de este tipo por razones de g\u00e9nero en la regi\u00f3n de Ays\u00e9n por lo que el fallo y la pena de presidio perpetuo calificado nos confirma la efectiva imposici\u00f3n de justicia. Como Servicio acompa\u00f1amos a la familia de Julia, a trav\u00e9s de su representaci\u00f3n legal en la querella en contra del imputado, tambi\u00e9n hubo otros apoyos de car\u00e1cter psicosocial en coordinaci\u00f3n con Senama y Senadis; y con las dem\u00e1s instituciones que conforman el Circuito Intersectorial de Femicidio. En especial, con el Centro de Atenci\u00f3n a V\u00edctimas de Delitos Violentos que les facilit\u00f3 una traductora en lengua de se\u00f1as\u201d.<\/p>\n<p style=\"text-align: justify;\">Respecto al Circuito Intersectorial de Femicidio que es liderado por SernamEG y en el que participan Carabineros de Chile, Servicio M\u00e9dico Legal, Polic\u00eda de Investigaciones de Chile, Servicio Nacional de Protecci\u00f3n Especializada a la Ni\u00f1ez y Adolescencia y el Centro de Atenci\u00f3n a V\u00edctimas del Ministerio del Interior y Seguridad P\u00fablica. En la Regi\u00f3n asisten de forma especial la Seremi de la Mujer y la Equidad de G\u00e9nero, y la Unidad Regional de Atenci\u00f3n a V\u00edctimas y Testigos de la Fiscal\u00eda Regional de Ays\u00e9n. Una de las actividades destacadas en materia de vinculaci\u00f3n con la comunidad fue la realizaci\u00f3n del seminario \u00abG\u00e9nero y Violencia Extrema en la regi\u00f3n de Ays\u00e9n\u00bb que se llev\u00f3 en el marco del Mes de la Eliminaci\u00f3n de la Violencia contra las Mujeres.<\/p>\n<p style=\"text-align: justify;\">El manejo de la crisis sanitaria producto del Covid- 19 signific\u00f3 un desaf\u00edo institucional por lo que se reorient\u00f3 todos los programas para continuar su ejecuci\u00f3n, implementando formas de gesti\u00f3n a distancia. En el caso de los centros de la mujer y del Centro de Reeducaci\u00f3n de Hombres se adecu\u00f3 a las recomendaciones dispuestas por la autoridad sanitaria en las distintas fases de la pandemia para evitar posibles contagios. En concreto actualmente se trabaja en tres opciones de atenci\u00f3n que corresponden a modalidad presencial, remota y mixta. Esto permiti\u00f3 afianzar el trabajo de los equipos interdisciplinarios v\u00eda telem\u00e1tica en territorios m\u00e1s distantes a las principales ciudades de la regi\u00f3n de Ays\u00e9n; s\u00f3lo en los centros de la mujer de Puerto Ays\u00e9n y Coyhaique se realizaron un total de 6912 atenciones.<\/p>\n<p style=\"text-align: justify;\">784 personas fueron sensibilizadas el a\u00f1o reci\u00e9n pasado por el Programa de Prevenci\u00f3n en Violencia contra las Mujeres el que est\u00e1 dirigido principalmente a j\u00f3venes hombres, mujeres y otras identidades, de 14 a 29 a\u00f1os y agentes estrat\u00e9gicos que trabajan con las juventudes; el que se ejecuta en las comunas de Ays\u00e9n y Coyhaique v\u00eda convenios con los municipios locales. Otra de las cifras destacables de este modelo program\u00e1tico es la formaci\u00f3n de 324 personas como monitores juveniles y otras 123 como agentes preventivos. Por su parte, las mesas intersectoriales que abordan esta tem\u00e1tica en ambos territorios organizaron diversas actividades, una de ellas enmarcada en el D\u00eda Internacional de la Eliminaci\u00f3n de la Violencia contra las Mujeres y correspondi\u00f3 a una Charla de Sensibilizaci\u00f3n sobre la Ley Gabriela en Puerto Ays\u00e9n a cargo de la familia Alca\u00edno. En el caso de la comuna de Coyhaique se realiz\u00f3 en junio el primer concurso literario \u201cRelatos de Prevenci\u00f3n de la Violencia en la Patagonia\u201d.<\/p>\n<p style=\"text-align: justify;\">El desconocimiento de los derechos provoca la ausencia del ejercicio de estos, por ello el Programa Mujer, Sexualidad y Maternidad, en convenio con la Municipalidad de Coyhaique, posibilit\u00f3 la entrega de herramientas para el empoderamiento y el fortalecimiento de la autonom\u00eda f\u00edsica de mujeres y j\u00f3venes. En total, fueron 301 personas las que participaron en los talleres que se focalizan en j\u00f3venes de 14 a 19 a\u00f1os; embarazadas y madres adolescentes de 14 a 19 a\u00f1os; y mujeres de 20 a\u00f1os y m\u00e1s. Otra de sus l\u00edneas corresponde a atenciones personalizadas que beneficiaron a 154 personas. Respecto a las jornadas de prevenci\u00f3n que tambi\u00e9n contempla este modelo program\u00e1tico permiti\u00f3 la participaci\u00f3n de 207 personas.<\/p>\n<p style=\"text-align: justify;\">Respecto a la autonom\u00eda pol\u00edtica uno de los datos m\u00e1s relevantes en la regi\u00f3n de Ays\u00e9n es que el 47% de las personas que integran los concejos municipales son mujeres. En tanto, en la Convenci\u00f3n Constitucional \u2013 que tiene como misi\u00f3n redactar y aprobar la propuesta de una nueva constituci\u00f3n de la Rep\u00fablica- dos de los tres elegidos por elecci\u00f3n popular para representar a la regi\u00f3n de Ays\u00e9n son mujeres. En esa l\u00ednea, el Programa Mujer y Participaci\u00f3n Pol\u00edtica ha desarrollado un trabajo sistem\u00e1tico en la promoci\u00f3n de la equidad de g\u00e9nero y para fortalecer el empoderamiento femenino; de acuerdo al nivel que cada una de las participantes posee; es decir, si pertenecen a organizaciones de base que reci\u00e9n est\u00e1n en una etapa inicial de conocimiento acceden a las actividades de sensibilizaci\u00f3n. En tanto, aquellas que ya tienen una trayectoria postulan a la Escuela de L\u00edderes Pol\u00edticas. En ambas l\u00edneas de intervenci\u00f3n que al igual que otros modelos program\u00e1ticos debieron adaptarse realizando actividades de car\u00e1cter presencial y otras en formato e-learning y clases online. Carla Arriagada Malague\u00f1o sostuvo que \u201cpara este Servicio es relevante que mujeres de organizaciones de base como aquellas que tienen aspiraciones pol\u00edticas puedan acceder a un proceso de formaci\u00f3n que est\u00e9 actualizado y por ello uno de los m\u00f3dulos de la Escuela fue, por ejemplo, c\u00f3mo las mujeres enfrentamos la crisis Covid- 19 as\u00ed como los desaf\u00edos y oportunidades para las mujeres en el proceso constituyente\u201d.<\/p>\n<p style=\"text-align: justify;\"><strong>AUTONOM\u00cdA ECON\u00d3MICA <\/strong><\/p>\n<p style=\"text-align: justify;\">Las brechas de acceso y oportunidades, que presentan las mujeres en el \u00e1mbito del trabajo a nivel regional, se vinculan entre otros aspectos al uso del tiempo y responsabilidades del cuidado de otros, ya sean ni\u00f1as\/os, personas mayores o con necesidades especiales. Estas situaciones dificultan la permanencia y continuidad en el trabajo asalariado de las mujeres, as\u00ed como en los negocios o emprendimientos; en el caso del trabajo por cuenta propia. En esa l\u00ednea, SernamEG desarrolla tres modelos program\u00e1ticos que proporcionan a las participantes apoyos transversales para que alcancen y\/o mantengan su autonom\u00eda econ\u00f3mica. Contribuir el acceso y permanencia laboral de las mujeres atendiendo un factor gravitante para ello, como es el cuidado y protecci\u00f3n de ni\u00f1as y ni\u00f1os de 6 a 13 a\u00f1os, que est\u00e9n a su cargo, despu\u00e9s de la jornada escolar, es el objetivo del Programa 4 a 7, el que se lleva cabo en las comunas de Ays\u00e9n y Chile Chico v\u00eda convenio con los municipios locales, lo que permiti\u00f3 apoyar a 82 mujeres y 94 ni\u00f1as\/os.<\/p>\n<p style=\"text-align: justify;\">En el Programa Mujeres Jefas de Hogar son 180 las participantes que anualmente son beneficiadas en la comuna de Ays\u00e9n, de ellas 90 ven\u00edan con su trayectoria del a\u00f1o 2020 y finalizaron el a\u00f1o pasado, a las que se suman 90 nuevas participantes cohorte 2021 que culminar\u00e1n su Proyecto Laboral a mediados del 2022. Entre los m\u00faltiples apoyos que se gestionaron durante el 2021 se encuentra el acceso a un curso asincr\u00f3nico de Mec\u00e1nica Automotriz B\u00e1sica, que contempl\u00f3 para su ejecuci\u00f3n la entrega de una Tablet para cada una de ellas. Otro grupo de mujeres accedieron a una capacitaci\u00f3n telem\u00e1tica en Gesti\u00f3n de Emprendimiento denominada \u201cPlan de fortalecimiento a las iniciativas Productivas de participantes del Programa Mujeres Jefas de Hogar de la Comuna de Ays\u00e9n\u201d, que tambi\u00e9n contempl\u00f3 la entrega de insumos tecnol\u00f3gicos.\u00a0 Esta capacitaci\u00f3n fue dise\u00f1ada y gestionada por el equipo del modelo program\u00e1tico de la Municipalidad de Ays\u00e9n, contando para ello con el financiamiento y asesor\u00eda del SernamEG Regional.<\/p>\n<p style=\"text-align: justify;\">Durante el a\u00f1o pasado, 110 mujeres se inscribieron en el Programa Mujer Emprende que entre sus principales intervenciones comprende acciones para el desarrollo de emprendimientos, el fomento de redes de asociatividad y la Escuela Mujer Emprende. Justamente en esta \u00faltima instancia fueron 30 las participantes provenientes de Las Guaitecas, Puerto Ingeniero Ib\u00e1\u00f1ez, Murta, Cochrane, Valle Simpson, Puerto Guadal, Chile Chico, Puerto Cisnes, Villa Frei, Puerto Ays\u00e9n, Ma\u00f1ihuales y Coyhaique. Iniciativa que les entreg\u00f3 herramientas t\u00e9cnicas y de gesti\u00f3n para emprendedoras, a fin de fortalecer sus competencias y habilidades; potenciando el crecimiento, viabilidad y sostenibilidad de sus negocios. Finalmente, otra de las acciones relevantes fue la organizaci\u00f3n de la Expo Feria Navide\u00f1a SernamEG que cont\u00f3 con la participaci\u00f3n de 25 emprendedoras, quienes evaluaron de forma positiva tanto la afluencia de p\u00fablico como el volumen de sus ventas.<\/p>\n<\/div><\/section><\/div><div  style='height:50px' class='hr hr-invisible   avia-builder-el-6  el_after_av_one_full  el_before_av_social_share '><span class='hr-inner ' ><span class='hr-inner-style'><\/span><\/span><\/div><\/p>\n<div  class='av-social-sharing-box  avia-builder-el-7  el_after_av_hr  el_before_av_hr  '><div class='av-share-box'><h5 class='av-share-link-description av-no-toc '>Compartir esta noticia<\/h5><ul class='av-share-box-list noLightbox'><li class='av-share-link av-social-link-facebook' ><a target=\"_blank\" aria-label=\"Compartir en Facebook\" href='https:\/\/www.facebook.com\/sharer.php?u=https:\/\/radiorevelacionfm.cl\/?p=12431&#038;t=SernamEG%20cumple%2031%20a%C3%B1os%20de%20existencia%20trabajando%20por%20las%20mujeres%20y%20las%20juventudes' aria-hidden='false' data-av_icon='\ue8f3' data-av_iconfont='entypo-fontello' title='' data-avia-related-tooltip='Compartir en Facebook' rel=\"noopener\"><span class='avia_hidden_link_text'>Compartir en Facebook<\/span><\/a><\/li><li class='av-share-link av-social-link-twitter' ><a target=\"_blank\" aria-label=\"Compartir en Twitter\" href='https:\/\/twitter.com\/share?text=SernamEG%20cumple%2031%20a%C3%B1os%20de%20existencia%20trabajando%20por%20las%20mujeres%20y%20las%20juventudes&#038;url=https:\/\/radiorevelacionfm.cl\/?p=12431' aria-hidden='false' data-av_icon='\ue8f1' data-av_iconfont='entypo-fontello' title='' data-avia-related-tooltip='Compartir en Twitter' rel=\"noopener\"><span class='avia_hidden_link_text'>Compartir en Twitter<\/span><\/a><\/li><li class='av-share-link av-social-link-whatsapp' ><a target=\"_blank\" aria-label=\"Compartir en Whatsapp\" href='https:\/\/api.whatsapp.com\/send?text=https:\/\/radiorevelacionfm.cl\/?p=12431' aria-hidden='false' data-av_icon='\uf232' data-av_iconfont='entypo-fontello' title='' data-avia-related-tooltip='Compartir en Whatsapp' rel=\"noopener\"><span class='avia_hidden_link_text'>Compartir en Whatsapp<\/span><\/a><\/li><li class='av-share-link av-social-link-linkedin' ><a target=\"_blank\" aria-label=\"Compartir en LinkedIn\" href='https:\/\/linkedin.com\/shareArticle?mini=true&#038;title=SernamEG%20cumple%2031%20a%C3%B1os%20de%20existencia%20trabajando%20por%20las%20mujeres%20y%20las%20juventudes&#038;url=https:\/\/radiorevelacionfm.cl\/?p=12431' aria-hidden='false' data-av_icon='\ue8fc' data-av_iconfont='entypo-fontello' title='' data-avia-related-tooltip='Compartir en LinkedIn' rel=\"noopener\"><span class='avia_hidden_link_text'>Compartir en LinkedIn<\/span><\/a><\/li><li class='av-share-link av-social-link-mail' ><a  aria-label=\"Compartir por correo\" href='mailto:?subject=SernamEG%20cumple%2031%20a%C3%B1os%20de%20existencia%20trabajando%20por%20las%20mujeres%20y%20las%20juventudes&#038;body=https:\/\/radiorevelacionfm.cl\/?p=12431' aria-hidden='false' data-av_icon='\ue805' data-av_iconfont='entypo-fontello' title='' data-avia-related-tooltip='Compartir por correo'><span class='avia_hidden_link_text'>Compartir por correo<\/span><\/a><\/li><\/ul><\/div><\/div>\n<div  style='height:50px' class='hr hr-invisible   avia-builder-el-8  el_after_av_social_share  el_before_av_comments_list '><span class='hr-inner ' ><span class='hr-inner-style'><\/span><\/span><\/div>\n<div  class='av-buildercomment  av-blog-meta-html-info-disabled av-blog-meta-tag-disabled  '><\/div>\n","protected":false},"excerpt":{"rendered":"","protected":false},"author":1,"featured_media":12432,"comment_status":"open","ping_status":"open","sticky":false,"template":"","format":"standard","meta":{"footnotes":""},"categories":[38],"tags":[],"class_list":["post-12431","post","type-post","status-publish","format-standard","has-post-thumbnail","hentry","category-regional"],"jetpack_featured_media_url":"https:\/\/radiorevelacionfm.cl\/wp-content\/uploads\/2022\/01\/aniversario-sernameg-1-1-2_optimized.jpg","_links":{"self":[{"href":"https:\/\/radiorevelacionfm.cl\/index.php?rest_route=\/wp\/v2\/posts\/12431","targetHints":{"allow":["GET"]}}],"collection":[{"href":"https:\/\/radiorevelacionfm.cl\/index.php?rest_route=\/wp\/v2\/posts"}],"about":[{"href":"https:\/\/radiorevelacionfm.cl\/index.php?rest_route=\/wp\/v2\/types\/post"}],"author":[{"embeddable":true,"href":"https:\/\/radiorevelacionfm.cl\/index.php?rest_route=\/wp\/v2\/users\/1"}],"replies":[{"embeddable":true,"href":"https:\/\/radiorevelacionfm.cl\/index.php?rest_route=%2Fwp%2Fv2%2Fcomments&post=12431"}],"version-history":[{"count":2,"href":"https:\/\/radiorevelacionfm.cl\/index.php?rest_route=\/wp\/v2\/posts\/12431\/revisions"}],"predecessor-version":[{"id":12436,"href":"https:\/\/radiorevelacionfm.cl\/index.php?rest_route=\/wp\/v2\/posts\/12431\/revisions\/12436"}],"wp:featuredmedia":[{"embeddable":true,"href":"https:\/\/radiorevelacionfm.cl\/index.php?rest_route=\/wp\/v2\/media\/12432"}],"wp:attachment":[{"href":"https:\/\/radiorevelacionfm.cl\/index.php?rest_route=%2Fwp%2Fv2%2Fmedia&parent=12431"}],"wp:term":[{"taxonomy":"category","embeddable":true,"href":"https:\/\/radiorevelacionfm.cl\/index.php?rest_route=%2Fwp%2Fv2%2Fcategories&post=12431"},{"taxonomy":"post_tag","embeddable":true,"href":"https:\/\/radiorevelacionfm.cl\/index.php?rest_route=%2Fwp%2Fv2%2Ftags&post=12431"}],"curies":[{"name":"wp","href":"https:\/\/api.w.org\/{rel}","templated":true}]}}