{"id":12427,"date":"2022-01-02T18:20:50","date_gmt":"2022-01-02T21:20:50","guid":{"rendered":"https:\/\/radiorevelacionfm.cl\/?p=12427"},"modified":"2022-01-02T18:20:50","modified_gmt":"2022-01-02T21:20:50","slug":"presentan-campana-vamos-a-la-playa-invitando-a-apoyar-el-comercio-local","status":"publish","type":"post","link":"https:\/\/radiorevelacionfm.cl\/?p=12427","title":{"rendered":"Presentan campa\u00f1a Vamos a la Playa invitando a apoyar el comercio local"},"content":{"rendered":"<div class=\"flex_column av_one_full  flex_column_div av-zero-column-padding first  avia-builder-el-0  el_before_av_one_full  avia-builder-el-first  \" style='border-radius:0px; '><div  class='avia-image-container  av-styling-    avia-builder-el-1  avia-builder-el-no-sibling  avia-align-center '  itemprop=\"image\" itemscope=\"itemscope\" itemtype=\"https:\/\/schema.org\/ImageObject\"  ><div class='avia-image-container-inner'><div class='avia-image-overlay-wrap'><img decoding=\"async\" class='wp-image-12428 avia-img-lazy-loading-not-12428 avia_image' src=\"https:\/\/radiorevelacionfm.cl\/wp-content\/uploads\/2022\/01\/VAMOS-A-LA-PLAYA-MINISTRO-2-2.jpeg\" alt='' title='VAMOS A LA PLAYA MINISTRO-2-2' height=\"600\" width=\"900\"  itemprop=\"thumbnailUrl\" srcset=\"https:\/\/radiorevelacionfm.cl\/wp-content\/uploads\/2022\/01\/VAMOS-A-LA-PLAYA-MINISTRO-2-2.jpeg 900w, https:\/\/radiorevelacionfm.cl\/wp-content\/uploads\/2022\/01\/VAMOS-A-LA-PLAYA-MINISTRO-2-2-300x200.jpeg 300w, https:\/\/radiorevelacionfm.cl\/wp-content\/uploads\/2022\/01\/VAMOS-A-LA-PLAYA-MINISTRO-2-2-768x512.jpeg 768w, https:\/\/radiorevelacionfm.cl\/wp-content\/uploads\/2022\/01\/VAMOS-A-LA-PLAYA-MINISTRO-2-2-705x470.jpeg 705w, https:\/\/radiorevelacionfm.cl\/wp-content\/uploads\/2022\/01\/VAMOS-A-LA-PLAYA-MINISTRO-2-2-600x400.jpeg 600w\" sizes=\"(max-width: 900px) 100vw, 900px\" \/><\/div><\/div><\/div><\/div><div class=\"flex_column av_one_full  flex_column_div av-zero-column-padding first  avia-builder-el-2  el_after_av_one_full  el_before_av_one_full  column-top-margin\" style='border-radius:0px; '><section class=\"av_textblock_section \"  itemscope=\"itemscope\" itemtype=\"https:\/\/schema.org\/BlogPosting\" itemprop=\"blogPost\" ><div class='avia_textblock  '   itemprop=\"text\" ><p style=\"text-align: center;\"><strong><span style=\"font-size: 18pt;\">Presentan campa\u00f1a Vamos a la Playa invitando a apoyar el comercio local<\/span><\/strong><\/p>\n<div id=\"gtx-trans\" style=\"position: absolute; left: -50px; top: 4.31534px;\">\n<div class=\"gtx-trans-icon\"><\/div>\n<\/div>\n<\/div><\/section><\/div><div class=\"flex_column av_one_full  flex_column_div av-zero-column-padding first  avia-builder-el-4  el_after_av_one_full  el_before_av_hr  column-top-margin\" style='border-radius:0px; '><section class=\"av_textblock_section \"  itemscope=\"itemscope\" itemtype=\"https:\/\/schema.org\/BlogPosting\" itemprop=\"blogPost\" ><div class='avia_textblock  '   itemprop=\"text\" ><p style=\"text-align: justify;\">En el marco del inicio de la temporada de verano, la campa\u00f1a Vamos a la Playa invita a visitar las playas nacionales y apoyar el comercio local, siempre manteniendo las medidas de autocuidado en el contexto de la pandemia.<\/p>\n<p style=\"text-align: justify;\">La iniciativa presentada por el ministro Julio Isamit busca que las familias puedan conocer y recorrer las playas de nuestro pa\u00eds, que son verdaderas maravillas naturales, y que adem\u00e1s tienen el car\u00e1cter de bienes nacionales de uso p\u00fablico, es decir, pertenecen a todos los chilenos. Con la campa\u00f1a se pretende aportar a la reactivaci\u00f3n econ\u00f3mica de sectores afectados por la pandemia, como el turismo y la gastronom\u00eda impulsada por emprendedores locales.<\/p>\n<p style=\"text-align: justify;\">\u201cHoy gracias al \u00e9xito del proceso de vacunaci\u00f3n, podemos disfrutar de las playas junto a nuestras familias, sin olvidar que la pandemia sigue entre nosotros, por eso debemos mantener las medidas de autocuidado. Queremos que las familias conozcan Chile y juntos colaboremos a una recuperaci\u00f3n econ\u00f3mica sostenible, donde podamos apoyar a los emprendedores y pymes de los balnearios de nuestro pa\u00eds\u201d, indic\u00f3 el ministro Isamit.<\/p>\n<p style=\"text-align: justify;\">En Chile existen 954 playas catastradas por Directemar, de las cuales 156 son aptas para el ba\u00f1o. Para acceder a informaci\u00f3n como identificar sus accesos, lugares aptos para el ba\u00f1o, conocer las medidas de autocuidado y denunciar problemas de acceso, el ministerio desarroll\u00f3 la aplicaci\u00f3n PlayApp y el portal playas.mbienes.cl.<\/p>\n<p style=\"text-align: justify;\">\u201cTodas las playas son p\u00fablicas y todos tenemos derecho a acceder a ellas, por eso, desarrollamos la aplicaci\u00f3n PlayApp y el portal playas.mbienes.cl, para que las personas tengan en la palma de su mano, toda la informaci\u00f3n para poder visitarlas y disfrutar en familia este verano, respetando siempre el medioambiente y los espacios tanto p\u00fablicos como privados\u201d, precis\u00f3 el Secretario de Estado.<\/p>\n<p style=\"text-align: justify;\">Por otra parte, durante el 2021, Bienes Nacionales ha recibido 338 denuncias de usuarios que reportan problemas en el acceso a las playas. Las denuncias m\u00e1s recurrentes son: \u201csin acceso\u201d (62), \u201cacceso cerrado\u201d (128) y \u201cun tercero impide el acceso\u201d (46).\u00a0 Estas denuncias permiten ir conociendo los distintos problemas en relaci\u00f3n a estos bienes nacionales de uso p\u00fablico y abordarlos caso a caso, ya sea a trav\u00e9s de la fijaci\u00f3n de nuevos accesos, fijaci\u00f3n de l\u00edneas o realizar las denuncias a los Juzgados de Polic\u00eda Local.<\/p>\n<p style=\"text-align: justify;\">\u201cDesde Bienes Nacionales hemos sido muy enf\u00e1ticos, en Chile no hay playas privadas, todas son p\u00fablicas y por eso es muy importante que se denuncien estos hechos, para que nosotros podamos ir a fiscalizar. Este a\u00f1o hemos recibido 338 denuncias, lo que nos permiti\u00f3 identificar los lugares m\u00e1s conflictivos y a la fecha, ya hemos realizado 141 fiscalizaciones en terreno, para garantizar el acceso a ellas\u201d, agreg\u00f3 el Ministro.<\/p>\n<p style=\"text-align: justify;\">En ese sentido la Seremi Ana Mar\u00eda Mora Araneda, detall\u00f3 que \u201cen la regi\u00f3n de Ays\u00e9n durante el a\u00f1o pasado recibimos 4 denuncias por acceso a playa y r\u00edos, muy por debajo a zonas del norte del pa\u00eds. Confiamos en que tanto los propietarios, que colindan con orillas de r\u00edo y playas, no tienen inconvenientes en dejar que las personas accedan a dichos bienes de uso p\u00fablico, asimismo, quienes visitan estos lugares tienen el respeto de dejar siempre los accesos cerrados, me refiero por ejemplo a las tranqueras que impiden el paso de animales. Por ello, el llamado para esta temporada es a respetarnos entre nosotros y por supuesto, respetar nuestros ecosistemas causando la menor intervenci\u00f3n posible\u201d.<\/p>\n<p style=\"text-align: justify;\">Se invita a la ciudadan\u00eda a que denuncie a trav\u00e9s de los canales establecidos por el ministerio en la aplicaci\u00f3n m\u00f3vil PlayApp, en el sitio web playas.mbienes.cl y a trav\u00e9s de las Seremis a lo largo del pa\u00eds.<\/p>\n<\/div><\/section><\/div><div  style='height:50px' class='hr hr-invisible   avia-builder-el-6  el_after_av_one_full  el_before_av_social_share '><span class='hr-inner ' ><span class='hr-inner-style'><\/span><\/span><\/div><\/p>\n<div  class='av-social-sharing-box  avia-builder-el-7  el_after_av_hr  el_before_av_hr  '><div class='av-share-box'><h5 class='av-share-link-description av-no-toc '>Compartir esta noticia<\/h5><ul class='av-share-box-list noLightbox'><li class='av-share-link av-social-link-facebook' ><a target=\"_blank\" aria-label=\"Compartir en Facebook\" href='https:\/\/www.facebook.com\/sharer.php?u=https:\/\/radiorevelacionfm.cl\/?p=12427&#038;t=Presentan%20campa%C3%B1a%20Vamos%20a%20la%20Playa%20invitando%20a%20apoyar%20el%20comercio%20local' aria-hidden='false' data-av_icon='\ue8f3' data-av_iconfont='entypo-fontello' title='' data-avia-related-tooltip='Compartir en Facebook' rel=\"noopener\"><span class='avia_hidden_link_text'>Compartir en Facebook<\/span><\/a><\/li><li class='av-share-link av-social-link-twitter' ><a target=\"_blank\" aria-label=\"Compartir en Twitter\" href='https:\/\/twitter.com\/share?text=Presentan%20campa%C3%B1a%20Vamos%20a%20la%20Playa%20invitando%20a%20apoyar%20el%20comercio%20local&#038;url=https:\/\/radiorevelacionfm.cl\/?p=12427' aria-hidden='false' data-av_icon='\ue8f1' data-av_iconfont='entypo-fontello' title='' data-avia-related-tooltip='Compartir en Twitter' rel=\"noopener\"><span class='avia_hidden_link_text'>Compartir en Twitter<\/span><\/a><\/li><li class='av-share-link av-social-link-whatsapp' ><a target=\"_blank\" aria-label=\"Compartir en Whatsapp\" href='https:\/\/api.whatsapp.com\/send?text=https:\/\/radiorevelacionfm.cl\/?p=12427' aria-hidden='false' data-av_icon='\uf232' data-av_iconfont='entypo-fontello' title='' data-avia-related-tooltip='Compartir en Whatsapp' rel=\"noopener\"><span class='avia_hidden_link_text'>Compartir en Whatsapp<\/span><\/a><\/li><li class='av-share-link av-social-link-linkedin' ><a target=\"_blank\" aria-label=\"Compartir en LinkedIn\" href='https:\/\/linkedin.com\/shareArticle?mini=true&#038;title=Presentan%20campa%C3%B1a%20Vamos%20a%20la%20Playa%20invitando%20a%20apoyar%20el%20comercio%20local&#038;url=https:\/\/radiorevelacionfm.cl\/?p=12427' aria-hidden='false' data-av_icon='\ue8fc' data-av_iconfont='entypo-fontello' title='' data-avia-related-tooltip='Compartir en LinkedIn' rel=\"noopener\"><span class='avia_hidden_link_text'>Compartir en LinkedIn<\/span><\/a><\/li><li class='av-share-link av-social-link-mail' ><a  aria-label=\"Compartir por correo\" href='mailto:?subject=Presentan%20campa%C3%B1a%20Vamos%20a%20la%20Playa%20invitando%20a%20apoyar%20el%20comercio%20local&#038;body=https:\/\/radiorevelacionfm.cl\/?p=12427' aria-hidden='false' data-av_icon='\ue805' data-av_iconfont='entypo-fontello' title='' data-avia-related-tooltip='Compartir por correo'><span class='avia_hidden_link_text'>Compartir por correo<\/span><\/a><\/li><\/ul><\/div><\/div>\n<div  style='height:50px' class='hr hr-invisible   avia-builder-el-8  el_after_av_social_share  el_before_av_comments_list '><span class='hr-inner ' ><span class='hr-inner-style'><\/span><\/span><\/div>\n<div  class='av-buildercomment  av-blog-meta-html-info-disabled av-blog-meta-tag-disabled  '><\/div>\n","protected":false},"excerpt":{"rendered":"","protected":false},"author":1,"featured_media":12428,"comment_status":"open","ping_status":"open","sticky":false,"template":"","format":"standard","meta":{"footnotes":""},"categories":[54],"tags":[],"class_list":["post-12427","post","type-post","status-publish","format-standard","has-post-thumbnail","hentry","category-turismo"],"jetpack_featured_media_url":"https:\/\/radiorevelacionfm.cl\/wp-content\/uploads\/2022\/01\/VAMOS-A-LA-PLAYA-MINISTRO-2-2.jpeg","_links":{"self":[{"href":"https:\/\/radiorevelacionfm.cl\/index.php?rest_route=\/wp\/v2\/posts\/12427","targetHints":{"allow":["GET"]}}],"collection":[{"href":"https:\/\/radiorevelacionfm.cl\/index.php?rest_route=\/wp\/v2\/posts"}],"about":[{"href":"https:\/\/radiorevelacionfm.cl\/index.php?rest_route=\/wp\/v2\/types\/post"}],"author":[{"embeddable":true,"href":"https:\/\/radiorevelacionfm.cl\/index.php?rest_route=\/wp\/v2\/users\/1"}],"replies":[{"embeddable":true,"href":"https:\/\/radiorevelacionfm.cl\/index.php?rest_route=%2Fwp%2Fv2%2Fcomments&post=12427"}],"version-history":[{"count":2,"href":"https:\/\/radiorevelacionfm.cl\/index.php?rest_route=\/wp\/v2\/posts\/12427\/revisions"}],"predecessor-version":[{"id":12430,"href":"https:\/\/radiorevelacionfm.cl\/index.php?rest_route=\/wp\/v2\/posts\/12427\/revisions\/12430"}],"wp:featuredmedia":[{"embeddable":true,"href":"https:\/\/radiorevelacionfm.cl\/index.php?rest_route=\/wp\/v2\/media\/12428"}],"wp:attachment":[{"href":"https:\/\/radiorevelacionfm.cl\/index.php?rest_route=%2Fwp%2Fv2%2Fmedia&parent=12427"}],"wp:term":[{"taxonomy":"category","embeddable":true,"href":"https:\/\/radiorevelacionfm.cl\/index.php?rest_route=%2Fwp%2Fv2%2Fcategories&post=12427"},{"taxonomy":"post_tag","embeddable":true,"href":"https:\/\/radiorevelacionfm.cl\/index.php?rest_route=%2Fwp%2Fv2%2Ftags&post=12427"}],"curies":[{"name":"wp","href":"https:\/\/api.w.org\/{rel}","templated":true}]}}