{"id":12420,"date":"2022-01-02T13:11:39","date_gmt":"2022-01-02T16:11:39","guid":{"rendered":"https:\/\/radiorevelacionfm.cl\/?p=12420"},"modified":"2022-01-02T13:11:39","modified_gmt":"2022-01-02T16:11:39","slug":"diputado-alinco-anuncio-su-voto-a-favor-del-proyecto-de-pension-garantizada-universal","status":"publish","type":"post","link":"https:\/\/radiorevelacionfm.cl\/?p=12420","title":{"rendered":"Diputado Alinco anunci\u00f3 su voto a favor del proyecto de Pensi\u00f3n Garantizada Universal"},"content":{"rendered":"<div class=\"flex_column av_one_full  flex_column_div av-zero-column-padding first  avia-builder-el-0  el_before_av_one_full  avia-builder-el-first  \" style='border-radius:0px; '><div  class='avia-image-container  av-styling-    avia-builder-el-1  avia-builder-el-no-sibling  avia-align-center '  itemprop=\"image\" itemscope=\"itemscope\" itemtype=\"https:\/\/schema.org\/ImageObject\"  ><div class='avia-image-container-inner'><div class='avia-image-overlay-wrap'><img decoding=\"async\" class='wp-image-4790 avia-img-lazy-loading-not-4790 avia_image' src=\"https:\/\/radiorevelacionfm.cl\/wp-content\/uploads\/2021\/06\/Diputado-Alinco2-1-1.jpg\" alt='' title='Diputado Alinco2 (1) (1)' height=\"600\" width=\"994\"  itemprop=\"thumbnailUrl\" srcset=\"https:\/\/radiorevelacionfm.cl\/wp-content\/uploads\/2021\/06\/Diputado-Alinco2-1-1.jpg 994w, https:\/\/radiorevelacionfm.cl\/wp-content\/uploads\/2021\/06\/Diputado-Alinco2-1-1-300x181.jpg 300w, https:\/\/radiorevelacionfm.cl\/wp-content\/uploads\/2021\/06\/Diputado-Alinco2-1-1-768x464.jpg 768w, https:\/\/radiorevelacionfm.cl\/wp-content\/uploads\/2021\/06\/Diputado-Alinco2-1-1-705x426.jpg 705w, https:\/\/radiorevelacionfm.cl\/wp-content\/uploads\/2021\/06\/Diputado-Alinco2-1-1-600x362.jpg 600w\" sizes=\"(max-width: 994px) 100vw, 994px\" \/><\/div><\/div><\/div><\/div><div class=\"flex_column av_one_full  flex_column_div av-zero-column-padding first  avia-builder-el-2  el_after_av_one_full  el_before_av_one_full  column-top-margin\" style='border-radius:0px; '><section class=\"av_textblock_section \"  itemscope=\"itemscope\" itemtype=\"https:\/\/schema.org\/BlogPosting\" itemprop=\"blogPost\" ><div class='avia_textblock  '   itemprop=\"text\" ><p style=\"text-align: center;\"><strong><span style=\"font-size: 18pt;\">Diputado Alinco anunci\u00f3 su voto a favor del proyecto de Pensi\u00f3n Garantizada Universal<\/span> <\/strong><\/p>\n<div id=\"gtx-trans\" style=\"position: absolute; left: -50px; top: 4.31534px;\">\n<div class=\"gtx-trans-icon\"><\/div>\n<\/div>\n<\/div><\/section><\/div><div class=\"flex_column av_one_full  flex_column_div av-zero-column-padding first  avia-builder-el-4  el_after_av_one_full  el_before_av_hr  column-top-margin\" style='border-radius:0px; '><section class=\"av_textblock_section \"  itemscope=\"itemscope\" itemtype=\"https:\/\/schema.org\/BlogPosting\" itemprop=\"blogPost\" ><div class='avia_textblock  '   itemprop=\"text\" ><p style=\"text-align: justify;\">Junto a la bancada de diputadas y diputados del PPD, el parlamentario aysenino, Ren\u00e9 Alinco Bustos, anunci\u00f3 su voto a favor del proyecto de ley de Pensi\u00f3n Garantizada Universal (PGU), impulsado por el Ejecutivo, que est\u00e1 puesto ma\u00f1ana en tabla en la Sala de la C\u00e1mara para su an\u00e1lisis y votaci\u00f3n.<\/p>\n<p style=\"text-align: justify;\">Tal como se hab\u00eda indicado desde el Gobierno, este beneficio busca ser de cargo fiscal, pagado por el Instituto de Previsi\u00f3n Social, sin participaci\u00f3n de las AFP. Su aplicaci\u00f3n ser\u00eda supervisada por la Superintendencia de Pensiones y llegar\u00eda a reemplazar la Pensi\u00f3n B\u00e1sica Solidaria.<\/p>\n<p style=\"text-align: justify;\">Alinco Bustos, afirm\u00f3 que \u201canuncio mi voto a favor porque no podemos votar en contra de un reajuste y de una pensi\u00f3n digna de las trabajadoras y trabajadores chilenos. Pedimos que no se le busque la quinta pata al gato. Este proyecto debe y tiene que aprobarse. Tenemos que demostrar desde ahora nuestro compromiso social con el pueblo chileno, con los trabajadores y trabajadoras de nuestro pa\u00eds\u201d, afirm\u00f3.<\/p>\n<p style=\"text-align: justify;\">Asimismo, el diputado tuvo palabras para el presidente electo, Gabriel Boric, quien cuestion\u00f3 el financiamiento de la PGU \u201cpido a los asesores del presidente electo, que no le busquen la quinta pata al gato\u201d, dijo el congresista, a\u00f1adiendo que \u201cno puede haber excusas para apoyar a los trabajadores y trabajadoras adultos mayores, seguramente se tendr\u00e1 que revisar presupuesto y quiz\u00e1s comprar menos armamento, menos balas y menos equipamiento para reprimir a nuestro pueblo, as\u00ed de simple\u2026 \u201d.<\/p>\n<p style=\"text-align: justify;\">Cabe resaltar que el proyecto apunta a entregar un aporte de hasta $185.000 para todos los mayores de 65 a\u00f1os que se encuentren en el 90% de menores recursos, est\u00e9n pensionados o no. El beneficio llegar\u00eda a unos 2,4 millones de personas, seg\u00fan c\u00e1lculos del gobierno. El costo fiscal de la PGU ser\u00e1 de un m\u00e1ximo de 0,95% del PIB entre 2028- 2034, alcanzando promedio de 0,92% del PIB en la d\u00e9cada de 2040<\/p>\n<\/div><\/section><\/div><div  style='height:50px' class='hr hr-invisible   avia-builder-el-6  el_after_av_one_full  el_before_av_social_share '><span class='hr-inner ' ><span class='hr-inner-style'><\/span><\/span><\/div><\/p>\n<div  class='av-social-sharing-box  avia-builder-el-7  el_after_av_hr  el_before_av_hr  '><div class='av-share-box'><h5 class='av-share-link-description av-no-toc '>Compartir esta noticia<\/h5><ul class='av-share-box-list noLightbox'><li class='av-share-link av-social-link-facebook' ><a target=\"_blank\" aria-label=\"Compartir en Facebook\" href='https:\/\/www.facebook.com\/sharer.php?u=https:\/\/radiorevelacionfm.cl\/?p=12420&#038;t=Diputado%20Alinco%20anunci%C3%B3%20su%20voto%20a%20favor%20del%20proyecto%20de%20Pensi%C3%B3n%20Garantizada%20Universal' aria-hidden='false' data-av_icon='\ue8f3' data-av_iconfont='entypo-fontello' title='' data-avia-related-tooltip='Compartir en Facebook' rel=\"noopener\"><span class='avia_hidden_link_text'>Compartir en Facebook<\/span><\/a><\/li><li class='av-share-link av-social-link-twitter' ><a target=\"_blank\" aria-label=\"Compartir en Twitter\" href='https:\/\/twitter.com\/share?text=Diputado%20Alinco%20anunci%C3%B3%20su%20voto%20a%20favor%20del%20proyecto%20de%20Pensi%C3%B3n%20Garantizada%20Universal&#038;url=https:\/\/radiorevelacionfm.cl\/?p=12420' aria-hidden='false' data-av_icon='\ue8f1' data-av_iconfont='entypo-fontello' title='' data-avia-related-tooltip='Compartir en Twitter' rel=\"noopener\"><span class='avia_hidden_link_text'>Compartir en Twitter<\/span><\/a><\/li><li class='av-share-link av-social-link-whatsapp' ><a target=\"_blank\" aria-label=\"Compartir en Whatsapp\" href='https:\/\/api.whatsapp.com\/send?text=https:\/\/radiorevelacionfm.cl\/?p=12420' aria-hidden='false' data-av_icon='\uf232' data-av_iconfont='entypo-fontello' title='' data-avia-related-tooltip='Compartir en Whatsapp' rel=\"noopener\"><span class='avia_hidden_link_text'>Compartir en Whatsapp<\/span><\/a><\/li><li class='av-share-link av-social-link-linkedin' ><a target=\"_blank\" aria-label=\"Compartir en LinkedIn\" href='https:\/\/linkedin.com\/shareArticle?mini=true&#038;title=Diputado%20Alinco%20anunci%C3%B3%20su%20voto%20a%20favor%20del%20proyecto%20de%20Pensi%C3%B3n%20Garantizada%20Universal&#038;url=https:\/\/radiorevelacionfm.cl\/?p=12420' aria-hidden='false' data-av_icon='\ue8fc' data-av_iconfont='entypo-fontello' title='' data-avia-related-tooltip='Compartir en LinkedIn' rel=\"noopener\"><span class='avia_hidden_link_text'>Compartir en LinkedIn<\/span><\/a><\/li><li class='av-share-link av-social-link-mail' ><a  aria-label=\"Compartir por correo\" href='mailto:?subject=Diputado%20Alinco%20anunci%C3%B3%20su%20voto%20a%20favor%20del%20proyecto%20de%20Pensi%C3%B3n%20Garantizada%20Universal&#038;body=https:\/\/radiorevelacionfm.cl\/?p=12420' aria-hidden='false' data-av_icon='\ue805' data-av_iconfont='entypo-fontello' title='' data-avia-related-tooltip='Compartir por correo'><span class='avia_hidden_link_text'>Compartir por correo<\/span><\/a><\/li><\/ul><\/div><\/div>\n<div  style='height:50px' class='hr hr-invisible   avia-builder-el-8  el_after_av_social_share  el_before_av_comments_list '><span class='hr-inner ' ><span class='hr-inner-style'><\/span><\/span><\/div>\n<div  class='av-buildercomment  av-blog-meta-html-info-disabled av-blog-meta-tag-disabled  '><\/div>\n","protected":false},"excerpt":{"rendered":"","protected":false},"author":1,"featured_media":4790,"comment_status":"open","ping_status":"open","sticky":false,"template":"","format":"standard","meta":{"footnotes":""},"categories":[35],"tags":[],"class_list":["post-12420","post","type-post","status-publish","format-standard","has-post-thumbnail","hentry","category-politica"],"jetpack_featured_media_url":"https:\/\/radiorevelacionfm.cl\/wp-content\/uploads\/2021\/06\/Diputado-Alinco2-1-1.jpg","_links":{"self":[{"href":"https:\/\/radiorevelacionfm.cl\/index.php?rest_route=\/wp\/v2\/posts\/12420","targetHints":{"allow":["GET"]}}],"collection":[{"href":"https:\/\/radiorevelacionfm.cl\/index.php?rest_route=\/wp\/v2\/posts"}],"about":[{"href":"https:\/\/radiorevelacionfm.cl\/index.php?rest_route=\/wp\/v2\/types\/post"}],"author":[{"embeddable":true,"href":"https:\/\/radiorevelacionfm.cl\/index.php?rest_route=\/wp\/v2\/users\/1"}],"replies":[{"embeddable":true,"href":"https:\/\/radiorevelacionfm.cl\/index.php?rest_route=%2Fwp%2Fv2%2Fcomments&post=12420"}],"version-history":[{"count":2,"href":"https:\/\/radiorevelacionfm.cl\/index.php?rest_route=\/wp\/v2\/posts\/12420\/revisions"}],"predecessor-version":[{"id":12422,"href":"https:\/\/radiorevelacionfm.cl\/index.php?rest_route=\/wp\/v2\/posts\/12420\/revisions\/12422"}],"wp:featuredmedia":[{"embeddable":true,"href":"https:\/\/radiorevelacionfm.cl\/index.php?rest_route=\/wp\/v2\/media\/4790"}],"wp:attachment":[{"href":"https:\/\/radiorevelacionfm.cl\/index.php?rest_route=%2Fwp%2Fv2%2Fmedia&parent=12420"}],"wp:term":[{"taxonomy":"category","embeddable":true,"href":"https:\/\/radiorevelacionfm.cl\/index.php?rest_route=%2Fwp%2Fv2%2Fcategories&post=12420"},{"taxonomy":"post_tag","embeddable":true,"href":"https:\/\/radiorevelacionfm.cl\/index.php?rest_route=%2Fwp%2Fv2%2Ftags&post=12420"}],"curies":[{"name":"wp","href":"https:\/\/api.w.org\/{rel}","templated":true}]}}