{"id":12416,"date":"2022-01-02T12:32:53","date_gmt":"2022-01-02T15:32:53","guid":{"rendered":"https:\/\/radiorevelacionfm.cl\/?p=12416"},"modified":"2022-01-02T12:32:53","modified_gmt":"2022-01-02T15:32:53","slug":"socios-del-comite-calafate-patagon-de-puerto-aysen-valoraron-acuerdo-que-establece-entrega-de-las-viviendas-en-febrero-de-2023","status":"publish","type":"post","link":"https:\/\/radiorevelacionfm.cl\/?p=12416","title":{"rendered":"Socios del comit\u00e9 Calafate Patag\u00f3n de Puerto Ays\u00e9n valoraron acuerdo que establece entrega de las viviendas en febrero de 2023"},"content":{"rendered":"<div class=\"flex_column av_one_full  flex_column_div av-zero-column-padding first  avia-builder-el-0  el_before_av_one_full  avia-builder-el-first  \" style='border-radius:0px; '><div  class='avia-image-container  av-styling-    avia-builder-el-1  avia-builder-el-no-sibling  avia-align-center '  itemprop=\"image\" itemscope=\"itemscope\" itemtype=\"https:\/\/schema.org\/ImageObject\"  ><div class='avia-image-container-inner'><div class='avia-image-overlay-wrap'><img decoding=\"async\" class='wp-image-12417 avia-img-lazy-loading-not-12417 avia_image' src=\"https:\/\/radiorevelacionfm.cl\/wp-content\/uploads\/2022\/01\/calafate-patagon-2_optimized.jpg\" alt='' title='calafate-patagon-2_optimized' height=\"600\" width=\"1067\"  itemprop=\"thumbnailUrl\" srcset=\"https:\/\/radiorevelacionfm.cl\/wp-content\/uploads\/2022\/01\/calafate-patagon-2_optimized.jpg 1067w, https:\/\/radiorevelacionfm.cl\/wp-content\/uploads\/2022\/01\/calafate-patagon-2_optimized-300x169.jpg 300w, https:\/\/radiorevelacionfm.cl\/wp-content\/uploads\/2022\/01\/calafate-patagon-2_optimized-1030x579.jpg 1030w, https:\/\/radiorevelacionfm.cl\/wp-content\/uploads\/2022\/01\/calafate-patagon-2_optimized-768x432.jpg 768w, https:\/\/radiorevelacionfm.cl\/wp-content\/uploads\/2022\/01\/calafate-patagon-2_optimized-705x396.jpg 705w, https:\/\/radiorevelacionfm.cl\/wp-content\/uploads\/2022\/01\/calafate-patagon-2_optimized-600x337.jpg 600w\" sizes=\"(max-width: 1067px) 100vw, 1067px\" \/><\/div><\/div><\/div><\/div><div class=\"flex_column av_one_full  flex_column_div av-zero-column-padding first  avia-builder-el-2  el_after_av_one_full  el_before_av_one_full  column-top-margin\" style='border-radius:0px; '><section class=\"av_textblock_section \"  itemscope=\"itemscope\" itemtype=\"https:\/\/schema.org\/BlogPosting\" itemprop=\"blogPost\" ><div class='avia_textblock  '   itemprop=\"text\" ><p style=\"text-align: center;\"><span style=\"font-size: 18pt;\"><strong>Socios del comit\u00e9 Calafate Patag\u00f3n de Puerto Ays\u00e9n valoraron acuerdo que establece entrega de las viviendas en febrero de 2023<\/strong><\/span><\/p>\n<div id=\"gtx-trans\" style=\"position: absolute; left: -50px; top: 4.31534px;\">\n<div class=\"gtx-trans-icon\"><\/div>\n<\/div>\n<\/div><\/section><\/div><div class=\"flex_column av_one_full  flex_column_div av-zero-column-padding first  avia-builder-el-4  el_after_av_one_full  el_before_av_hr  column-top-margin\" style='border-radius:0px; '><section class=\"av_textblock_section \"  itemscope=\"itemscope\" itemtype=\"https:\/\/schema.org\/BlogPosting\" itemprop=\"blogPost\" ><div class='avia_textblock  '   itemprop=\"text\" ><p style=\"text-align: justify;\">Este viernes se logr\u00f3 un acuerdo entre Serviu, la constructora, la entidad patrocinante y los socios del comit\u00e9 Calafate Patag\u00f3n de Puerto Ays\u00e9n, donde se establece como fecha de entrega de las casas en febrero de 2023, hecho que fue resaltado por el diputado Miguel \u00c1ngel Calisto, quien ha apoyado a estos vecinos desde hace varios a\u00f1os, asegurando que \u201ces una gran noticia para esta agrupaci\u00f3n que ha pasado por mucha incertidumbre\u201d.<\/p>\n<p style=\"text-align: justify;\">Exist\u00eda mucha preocupaci\u00f3n de los vecinos del comit\u00e9 Calafate Patag\u00f3n, agrupaci\u00f3n que naci\u00f3 de la fusi\u00f3n de los comit\u00e9s Sue\u00f1o Patag\u00f3n y El Calafate, principalmente por la serie de retrasos que ha sufrido el proyecto y los casi 15 a\u00f1os que llevan esperando por su casa propia. Finalmente se lleg\u00f3 a un acuerdo, donde el punto principal establece que la entrega se realizar\u00e1 en febrero del a\u00f1o 2023.<\/p>\n<p style=\"text-align: justify;\">Seg\u00fan el diputado Calisto, \u201cse trata de una agrupaci\u00f3n que ha sufrido mucho, que ha pasado por mucha incertidumbre. Primero fue la b\u00fasqueda de terreno, despu\u00e9s hubo problemas con la compactaci\u00f3n din\u00e1mica, que les signific\u00f3 un atraso de un a\u00f1o, y tambi\u00e9n tuvieron que lidiar con la complejidad de la licitaci\u00f3n. Hoy, cuando pens\u00e1bamos que estaba todo listo, tuvieron un nuevo tropiezo, por una incertidumbre planteada por el municipio y una toma de unos vecinos de la Villa Ays\u00e9n\u201d.<\/p>\n<p style=\"text-align: justify;\">\u201cAmbas situaciones hoy en d\u00eda se han resuelto, ellos han sufrido demasiado, porque han sido 14 a\u00f1os de espera. Nosotros los hemos acompa\u00f1ado en gran parte de esta historia, y estamos confiados por este compromiso que se firm\u00f3, que en febrero de 2023 ellos van a tener sus casas. Esto es algo que ellos siempre han deseado, por lo que estamos contentos con el acuerdo y hay esperanza que avancen las obras con las fechas establecidas en el contrato\u201d, indic\u00f3 el legislador.<\/p>\n<p style=\"text-align: justify;\">Por su parte, el director de Serviu se\u00f1al\u00f3 que \u201cel compromiso uno es que todo lo que pase, no va a retrasar la entrega de las viviendas que ser\u00e1 en febrero de 2023. Segundo, todos los tr\u00e1mites pendientes para iniciar obra, van a quedar resueltos la pr\u00f3xima semana, cosa que en enero estemos reiniciando obra y ahora podamos avanzar con todo para cumplir los plazos. Eso le queremos transmitir a las familias, que tengan confianza porque estamos todos trabajando para cumplir sus sue\u00f1os\u201d.<\/p>\n<p style=\"text-align: justify;\">Por su parte, Valeria Uribe, quien forma parte del Comit\u00e9 Sue\u00f1o Patag\u00f3n, indic\u00f3 que \u201cnosotros a lo largo de este proceso, hemos tenido diferentes problem\u00e1ticas., primero tuvimos problemas con los terrenos, hasta que gracias al apoyo del diputado Calisto, conseguimos quedarnos en el terreno de las 15 hect\u00e1reas. Cuando comenz\u00f3 esto de la compactaci\u00f3n din\u00e1mica, nadie conoc\u00eda bien de qu\u00e9 se trataba, el diputado ha estado apoy\u00e1ndonos siempre, en cada momento que el comit\u00e9 ha tenido que sortear nuevas dificultades, ah\u00ed a estado el diputado Calisto\u201d.<\/p>\n<p style=\"text-align: justify;\">\u201cDesde hace muchos a\u00f1os que nos sentimos apoyadas por el diputado, \u00e9l no est\u00e1 s\u00f3lo en la campa\u00f1a, sino que est\u00e1 siempre\u201d, se\u00f1al\u00f3 la vecina.<\/p>\n<p style=\"text-align: justify;\">Finalmente, Cecilia Hern\u00e1ndez, otra socia del comit\u00e9, asegur\u00f3 que \u201cnosotros hemos tenido muchos problemas, pero hemos sido muy pacientes, hemos actuado con mucho respeto con nuestras autoridades. Damos las gracias a Miguel \u00c1ngel y a don Sergio Gonz\u00e1lez, porque sin su ayuda y el trabajo de las directivas, pr\u00e1cticamente no tendr\u00edamos reuniones. Nosotros lo \u00fanico que queremos es que se nos solucionen las cosas y de una vez por todas nos entregan las llaves\u201d.<\/p>\n<\/div><\/section><\/div><div  style='height:50px' class='hr hr-invisible   avia-builder-el-6  el_after_av_one_full  el_before_av_social_share '><span class='hr-inner ' ><span class='hr-inner-style'><\/span><\/span><\/div><\/p>\n<div  class='av-social-sharing-box  avia-builder-el-7  el_after_av_hr  el_before_av_hr  '><div class='av-share-box'><h5 class='av-share-link-description av-no-toc '>Compartir esta noticia<\/h5><ul class='av-share-box-list noLightbox'><li class='av-share-link av-social-link-facebook' ><a target=\"_blank\" aria-label=\"Compartir en Facebook\" href='https:\/\/www.facebook.com\/sharer.php?u=https:\/\/radiorevelacionfm.cl\/?p=12416&#038;t=Socios%20del%20comit%C3%A9%20Calafate%20Patag%C3%B3n%20de%20Puerto%20Ays%C3%A9n%20valoraron%20acuerdo%20que%20establece%20entrega%20de%20las%20viviendas%20en%20febrero%20de%202023' aria-hidden='false' data-av_icon='\ue8f3' data-av_iconfont='entypo-fontello' title='' data-avia-related-tooltip='Compartir en Facebook' rel=\"noopener\"><span class='avia_hidden_link_text'>Compartir en Facebook<\/span><\/a><\/li><li class='av-share-link av-social-link-twitter' ><a target=\"_blank\" aria-label=\"Compartir en Twitter\" href='https:\/\/twitter.com\/share?text=Socios%20del%20comit%C3%A9%20Calafate%20Patag%C3%B3n%20de%20Puerto%20Ays%C3%A9n%20valoraron%20acuerdo%20que%20establece%20entrega%20de%20las%20viviendas%20en%20febrero%20de%202023&#038;url=https:\/\/radiorevelacionfm.cl\/?p=12416' aria-hidden='false' data-av_icon='\ue8f1' data-av_iconfont='entypo-fontello' title='' data-avia-related-tooltip='Compartir en Twitter' rel=\"noopener\"><span class='avia_hidden_link_text'>Compartir en Twitter<\/span><\/a><\/li><li class='av-share-link av-social-link-whatsapp' ><a target=\"_blank\" aria-label=\"Compartir en Whatsapp\" href='https:\/\/api.whatsapp.com\/send?text=https:\/\/radiorevelacionfm.cl\/?p=12416' aria-hidden='false' data-av_icon='\uf232' data-av_iconfont='entypo-fontello' title='' data-avia-related-tooltip='Compartir en Whatsapp' rel=\"noopener\"><span class='avia_hidden_link_text'>Compartir en Whatsapp<\/span><\/a><\/li><li class='av-share-link av-social-link-linkedin' ><a target=\"_blank\" aria-label=\"Compartir en LinkedIn\" href='https:\/\/linkedin.com\/shareArticle?mini=true&#038;title=Socios%20del%20comit%C3%A9%20Calafate%20Patag%C3%B3n%20de%20Puerto%20Ays%C3%A9n%20valoraron%20acuerdo%20que%20establece%20entrega%20de%20las%20viviendas%20en%20febrero%20de%202023&#038;url=https:\/\/radiorevelacionfm.cl\/?p=12416' aria-hidden='false' data-av_icon='\ue8fc' data-av_iconfont='entypo-fontello' title='' data-avia-related-tooltip='Compartir en LinkedIn' rel=\"noopener\"><span class='avia_hidden_link_text'>Compartir en LinkedIn<\/span><\/a><\/li><li class='av-share-link av-social-link-mail' ><a  aria-label=\"Compartir por correo\" href='mailto:?subject=Socios%20del%20comit%C3%A9%20Calafate%20Patag%C3%B3n%20de%20Puerto%20Ays%C3%A9n%20valoraron%20acuerdo%20que%20establece%20entrega%20de%20las%20viviendas%20en%20febrero%20de%202023&#038;body=https:\/\/radiorevelacionfm.cl\/?p=12416' aria-hidden='false' data-av_icon='\ue805' data-av_iconfont='entypo-fontello' title='' data-avia-related-tooltip='Compartir por correo'><span class='avia_hidden_link_text'>Compartir por correo<\/span><\/a><\/li><\/ul><\/div><\/div>\n<div  style='height:50px' class='hr hr-invisible   avia-builder-el-8  el_after_av_social_share  el_before_av_comments_list '><span class='hr-inner ' ><span class='hr-inner-style'><\/span><\/span><\/div>\n<div  class='av-buildercomment  av-blog-meta-html-info-disabled av-blog-meta-tag-disabled  '><\/div>\n","protected":false},"excerpt":{"rendered":"","protected":false},"author":1,"featured_media":12417,"comment_status":"open","ping_status":"open","sticky":false,"template":"","format":"standard","meta":{"footnotes":""},"categories":[35],"tags":[],"class_list":["post-12416","post","type-post","status-publish","format-standard","has-post-thumbnail","hentry","category-politica"],"jetpack_featured_media_url":"https:\/\/radiorevelacionfm.cl\/wp-content\/uploads\/2022\/01\/calafate-patagon-2_optimized.jpg","_links":{"self":[{"href":"https:\/\/radiorevelacionfm.cl\/index.php?rest_route=\/wp\/v2\/posts\/12416","targetHints":{"allow":["GET"]}}],"collection":[{"href":"https:\/\/radiorevelacionfm.cl\/index.php?rest_route=\/wp\/v2\/posts"}],"about":[{"href":"https:\/\/radiorevelacionfm.cl\/index.php?rest_route=\/wp\/v2\/types\/post"}],"author":[{"embeddable":true,"href":"https:\/\/radiorevelacionfm.cl\/index.php?rest_route=\/wp\/v2\/users\/1"}],"replies":[{"embeddable":true,"href":"https:\/\/radiorevelacionfm.cl\/index.php?rest_route=%2Fwp%2Fv2%2Fcomments&post=12416"}],"version-history":[{"count":2,"href":"https:\/\/radiorevelacionfm.cl\/index.php?rest_route=\/wp\/v2\/posts\/12416\/revisions"}],"predecessor-version":[{"id":12419,"href":"https:\/\/radiorevelacionfm.cl\/index.php?rest_route=\/wp\/v2\/posts\/12416\/revisions\/12419"}],"wp:featuredmedia":[{"embeddable":true,"href":"https:\/\/radiorevelacionfm.cl\/index.php?rest_route=\/wp\/v2\/media\/12417"}],"wp:attachment":[{"href":"https:\/\/radiorevelacionfm.cl\/index.php?rest_route=%2Fwp%2Fv2%2Fmedia&parent=12416"}],"wp:term":[{"taxonomy":"category","embeddable":true,"href":"https:\/\/radiorevelacionfm.cl\/index.php?rest_route=%2Fwp%2Fv2%2Fcategories&post=12416"},{"taxonomy":"post_tag","embeddable":true,"href":"https:\/\/radiorevelacionfm.cl\/index.php?rest_route=%2Fwp%2Fv2%2Ftags&post=12416"}],"curies":[{"name":"wp","href":"https:\/\/api.w.org\/{rel}","templated":true}]}}