{"id":12405,"date":"2021-12-31T09:36:34","date_gmt":"2021-12-31T12:36:34","guid":{"rendered":"https:\/\/radiorevelacionfm.cl\/?p=12405"},"modified":"2021-12-31T09:36:34","modified_gmt":"2021-12-31T12:36:34","slug":"encuentros-de-oracion-y-fraternidad-haciendo-sinodalidad-en-aysen","status":"publish","type":"post","link":"https:\/\/radiorevelacionfm.cl\/?p=12405","title":{"rendered":"Encuentros de oraci\u00f3n y fraternidad: Haciendo sinodalidad en Ays\u00e9n"},"content":{"rendered":"<div class=\"flex_column av_one_full  flex_column_div av-zero-column-padding first  avia-builder-el-0  el_before_av_one_full  avia-builder-el-first  \" style='border-radius:0px; '><div  class='avia-image-container  av-styling-    avia-builder-el-1  avia-builder-el-no-sibling  avia-align-center '  itemprop=\"image\" itemscope=\"itemscope\" itemtype=\"https:\/\/schema.org\/ImageObject\"  ><div class='avia-image-container-inner'><div class='avia-image-overlay-wrap'><img decoding=\"async\" class='wp-image-12406 avia-img-lazy-loading-not-12406 avia_image' src=\"https:\/\/radiorevelacionfm.cl\/wp-content\/uploads\/2021\/12\/09-2-2.jpg\" alt='' title='09-2-2' height=\"600\" width=\"800\"  itemprop=\"thumbnailUrl\" srcset=\"https:\/\/radiorevelacionfm.cl\/wp-content\/uploads\/2021\/12\/09-2-2.jpg 800w, https:\/\/radiorevelacionfm.cl\/wp-content\/uploads\/2021\/12\/09-2-2-300x225.jpg 300w, https:\/\/radiorevelacionfm.cl\/wp-content\/uploads\/2021\/12\/09-2-2-768x576.jpg 768w, https:\/\/radiorevelacionfm.cl\/wp-content\/uploads\/2021\/12\/09-2-2-705x529.jpg 705w, https:\/\/radiorevelacionfm.cl\/wp-content\/uploads\/2021\/12\/09-2-2-600x450.jpg 600w\" sizes=\"(max-width: 800px) 100vw, 800px\" \/><\/div><\/div><\/div><\/div><div class=\"flex_column av_one_full  flex_column_div av-zero-column-padding first  avia-builder-el-2  el_after_av_one_full  el_before_av_one_full  column-top-margin\" style='border-radius:0px; '><section class=\"av_textblock_section \"  itemscope=\"itemscope\" itemtype=\"https:\/\/schema.org\/BlogPosting\" itemprop=\"blogPost\" ><div class='avia_textblock  '   itemprop=\"text\" ><p style=\"text-align: center;\"><span style=\"font-size: 18pt;\"><b>Encuentros de oraci\u00f3n y fraternidad: Haciendo sinodalidad en Ays\u00e9n<\/b><\/span><\/p>\n<div id=\"gtx-trans\" style=\"position: absolute; left: -50px; top: 4.31534px;\">\n<div class=\"gtx-trans-icon\"><\/div>\n<\/div>\n<\/div><\/section><\/div><div class=\"flex_column av_one_full  flex_column_div av-zero-column-padding first  avia-builder-el-4  el_after_av_one_full  el_before_av_hr  column-top-margin\" style='border-radius:0px; '><section class=\"av_textblock_section \"  itemscope=\"itemscope\" itemtype=\"https:\/\/schema.org\/BlogPosting\" itemprop=\"blogPost\" ><div class='avia_textblock  '   itemprop=\"text\" ><p style=\"text-align: justify;\">Como primicia de lo que significa en profundidad \u201ccaminar juntos\u201d (sinodalidad) el obispo de Ays\u00e9n, sacerdotes, di\u00e1conos, religiosas y laicos del consejo pastoral (COP) se reencontraron presencialmente para vivir un fuerte momento de oraci\u00f3n y fraternidad que animar\u00e1 el proceso de renovaci\u00f3n eclesial en toda la regi\u00f3n este 2022.<\/p>\n<p style=\"text-align: justify;\">El di\u00e1cono Carlos Vergara, de Chile Chico, inici\u00f3 la jornada convocando a los presentes a un intenso momento de adoraci\u00f3n al Sant\u00edsimo en la capilla de \u201cCasa Bel\u00e9n\u201d en Coyhaique. Luego vino el trabajo fuerte de la ma\u00f1ana para entrar \u201cen tierra sagrada\u201d, con set preguntas formuladas especialmente para sacerdotes, di\u00e1conos, religiosas y laicos; que cont\u00f3 con el apoyo t\u00e9cnico de la comisi\u00f3n nacional de animaci\u00f3n sinodal.<\/p>\n<p style=\"text-align: justify;\">La ma\u00f1ana cerr\u00f3 con una liturgia al aire libre organizada por todas las mujeres presentes en el encuentro para recoger y dar gracias por el compartir y la intimidad de lo vivido en los grupos. En la tarde, expuso brevemente la agente pastoral Raquel P\u00e9rez su experiencia como participante de la 1\u00b0 Asamblea Eclesial de Am\u00e9rica Latina y el Caribe; y los doce desaf\u00edos con que esta concluy\u00f3.<\/p>\n<p style=\"text-align: justify;\">El d\u00eda termin\u00f3 con un ejercicio previo para formular el lema que animar\u00e1 las jornadas zonales vicariales que se desarrollar\u00e1n en toda la regi\u00f3n entre marzo y abril de 2022; y una compartida y fraterna \u201ccena del Se\u00f1or\u201d que presidi\u00f3 el padre Jos\u00e9 Barr\u00eda, p\u00e1rroco de Puerto Cisnes.<\/p>\n<p style=\"text-align: justify;\"><strong>Testigos de reencuentro y fraternidad<\/strong><\/p>\n<p style=\"text-align: justify;\">Para el di\u00e1cono permanente Juvenal San Martin, encargado parroquial de Cochrane, la jornada fue \u201cmuy provechosa; el reencuentro entre nosotros para \u2018recargar pilas\u2019 es vital. Recibir nuevamente el esp\u00edritu en estas instancias te fortalece\u201d, destac\u00f3.<\/p>\n<p style=\"text-align: justify;\">La encargada de la pastoral del migrante, Lorena Guerrero, enfatiz\u00f3 que este encuentro fue \u201cmuy profundo en t\u00e9rminos de reflexi\u00f3n en torno al camino que debe hacer la Iglesia de Ays\u00e9n en este s\u00ednodo que ha convocado el Papa Francisco; que es hacer camino, reconstrucci\u00f3n de Iglesia y encontrarnos con nuestros hermanos en comunidad\u201d.<\/p>\n<p style=\"text-align: justify;\">El padre Jos\u00e9 Barr\u00eda tambi\u00e9n agradeci\u00f3 esta instancia de encuentro vicarial. \u201cMe pareci\u00f3 esperanzadora \u2014dijo\u2014 con muchos sue\u00f1os para la Iglesia de Ays\u00e9n, y nosotros somos parte de hacerlos realidad\u201d.<\/p>\n<p style=\"text-align: justify;\">\u201cFue \u2014agreg\u00f3\u2014 una jornada muy buena donde pudimos compartir, encontrarnos y saludarnos. Solo eso alegra el coraz\u00f3n y el alma. Y eso nos hace bien para sentir que somos parte de esta Iglesia que peregrina en la Patagonia\u201d.<\/p>\n<p style=\"text-align: justify;\">La hermana Jessica Dur\u00e1n, de La Junta, asegur\u00f3 irse contenta. \u201cHa sido \u2014expres\u00f3\u2014 muy enriquecedor compartir con hermanos de todo el vicariato, y me quedo sobre todo con la fraternidad, con el hecho de haber compartido. Esperanzada, tambi\u00e9n, por el trabajo que se viene\u201d.<\/p>\n<p style=\"text-align: justify;\">Quien tambi\u00e9n comparti\u00f3 sus impresiones sobre esta convocatoria fue el padre obispo Luis Infanti. \u201cComo Iglesia de Ays\u00e9n \u2014explic\u00f3\u2014 hemos querido concluir este a\u00f1o con un encuentro muy fraterno dando inicio, tambi\u00e9n, a una nueva etapa de la Iglesia de Ays\u00e9n en consonancia con el llamado del Papa Francisco para caminar juntos frente a los desaf\u00edos, las b\u00fasquedas, los dolores y a las alegr\u00edas de nuestros pueblos\u201d.<\/p>\n<p style=\"text-align: justify;\">\u201cQueremos sentir \u2014puntualiz\u00f3 el pastor de Ays\u00e9n\u2014 que desde Dios nuestra vida tiene sentido caminando y avanzando, juntos, para fortalecer nuestro servicio a j\u00f3venes, ni\u00f1os, adultos mayores, mujeres, matrimonios. Frente a tantos desaf\u00edos de hoy queremos alcanzarlos con mayor ternura, misericordia y fuerza\u201d.<\/p>\n<\/div><\/section><\/div><div  style='height:50px' class='hr hr-invisible   avia-builder-el-6  el_after_av_one_full  el_before_av_social_share '><span class='hr-inner ' ><span class='hr-inner-style'><\/span><\/span><\/div><\/p>\n<div  class='av-social-sharing-box  avia-builder-el-7  el_after_av_hr  el_before_av_hr  '><div class='av-share-box'><h5 class='av-share-link-description av-no-toc '>Compartir esta noticia<\/h5><ul class='av-share-box-list noLightbox'><li class='av-share-link av-social-link-facebook' ><a target=\"_blank\" aria-label=\"Compartir en Facebook\" href='https:\/\/www.facebook.com\/sharer.php?u=https:\/\/radiorevelacionfm.cl\/?p=12405&#038;t=Encuentros%20de%20oraci%C3%B3n%20y%20fraternidad%3A%20Haciendo%20sinodalidad%20en%20Ays%C3%A9n' aria-hidden='false' data-av_icon='\ue8f3' data-av_iconfont='entypo-fontello' title='' data-avia-related-tooltip='Compartir en Facebook' rel=\"noopener\"><span class='avia_hidden_link_text'>Compartir en Facebook<\/span><\/a><\/li><li class='av-share-link av-social-link-twitter' ><a target=\"_blank\" aria-label=\"Compartir en Twitter\" href='https:\/\/twitter.com\/share?text=Encuentros%20de%20oraci%C3%B3n%20y%20fraternidad%3A%20Haciendo%20sinodalidad%20en%20Ays%C3%A9n&#038;url=https:\/\/radiorevelacionfm.cl\/?p=12405' aria-hidden='false' data-av_icon='\ue8f1' data-av_iconfont='entypo-fontello' title='' data-avia-related-tooltip='Compartir en Twitter' rel=\"noopener\"><span class='avia_hidden_link_text'>Compartir en Twitter<\/span><\/a><\/li><li class='av-share-link av-social-link-whatsapp' ><a target=\"_blank\" aria-label=\"Compartir en Whatsapp\" href='https:\/\/api.whatsapp.com\/send?text=https:\/\/radiorevelacionfm.cl\/?p=12405' aria-hidden='false' data-av_icon='\uf232' data-av_iconfont='entypo-fontello' title='' data-avia-related-tooltip='Compartir en Whatsapp' rel=\"noopener\"><span class='avia_hidden_link_text'>Compartir en Whatsapp<\/span><\/a><\/li><li class='av-share-link av-social-link-linkedin' ><a target=\"_blank\" aria-label=\"Compartir en LinkedIn\" href='https:\/\/linkedin.com\/shareArticle?mini=true&#038;title=Encuentros%20de%20oraci%C3%B3n%20y%20fraternidad%3A%20Haciendo%20sinodalidad%20en%20Ays%C3%A9n&#038;url=https:\/\/radiorevelacionfm.cl\/?p=12405' aria-hidden='false' data-av_icon='\ue8fc' data-av_iconfont='entypo-fontello' title='' data-avia-related-tooltip='Compartir en LinkedIn' rel=\"noopener\"><span class='avia_hidden_link_text'>Compartir en LinkedIn<\/span><\/a><\/li><li class='av-share-link av-social-link-mail' ><a  aria-label=\"Compartir por correo\" href='mailto:?subject=Encuentros%20de%20oraci%C3%B3n%20y%20fraternidad%3A%20Haciendo%20sinodalidad%20en%20Ays%C3%A9n&#038;body=https:\/\/radiorevelacionfm.cl\/?p=12405' aria-hidden='false' data-av_icon='\ue805' data-av_iconfont='entypo-fontello' title='' data-avia-related-tooltip='Compartir por correo'><span class='avia_hidden_link_text'>Compartir por correo<\/span><\/a><\/li><\/ul><\/div><\/div>\n<div  style='height:50px' class='hr hr-invisible   avia-builder-el-8  el_after_av_social_share  el_before_av_comments_list '><span class='hr-inner ' ><span class='hr-inner-style'><\/span><\/span><\/div>\n<div  class='av-buildercomment  av-blog-meta-html-info-disabled av-blog-meta-tag-disabled  '><\/div>\n","protected":false},"excerpt":{"rendered":"","protected":false},"author":1,"featured_media":12406,"comment_status":"open","ping_status":"open","sticky":false,"template":"","format":"standard","meta":{"footnotes":""},"categories":[38],"tags":[],"class_list":["post-12405","post","type-post","status-publish","format-standard","has-post-thumbnail","hentry","category-regional"],"jetpack_featured_media_url":"https:\/\/radiorevelacionfm.cl\/wp-content\/uploads\/2021\/12\/09-2-2.jpg","_links":{"self":[{"href":"https:\/\/radiorevelacionfm.cl\/index.php?rest_route=\/wp\/v2\/posts\/12405","targetHints":{"allow":["GET"]}}],"collection":[{"href":"https:\/\/radiorevelacionfm.cl\/index.php?rest_route=\/wp\/v2\/posts"}],"about":[{"href":"https:\/\/radiorevelacionfm.cl\/index.php?rest_route=\/wp\/v2\/types\/post"}],"author":[{"embeddable":true,"href":"https:\/\/radiorevelacionfm.cl\/index.php?rest_route=\/wp\/v2\/users\/1"}],"replies":[{"embeddable":true,"href":"https:\/\/radiorevelacionfm.cl\/index.php?rest_route=%2Fwp%2Fv2%2Fcomments&post=12405"}],"version-history":[{"count":2,"href":"https:\/\/radiorevelacionfm.cl\/index.php?rest_route=\/wp\/v2\/posts\/12405\/revisions"}],"predecessor-version":[{"id":12412,"href":"https:\/\/radiorevelacionfm.cl\/index.php?rest_route=\/wp\/v2\/posts\/12405\/revisions\/12412"}],"wp:featuredmedia":[{"embeddable":true,"href":"https:\/\/radiorevelacionfm.cl\/index.php?rest_route=\/wp\/v2\/media\/12406"}],"wp:attachment":[{"href":"https:\/\/radiorevelacionfm.cl\/index.php?rest_route=%2Fwp%2Fv2%2Fmedia&parent=12405"}],"wp:term":[{"taxonomy":"category","embeddable":true,"href":"https:\/\/radiorevelacionfm.cl\/index.php?rest_route=%2Fwp%2Fv2%2Fcategories&post=12405"},{"taxonomy":"post_tag","embeddable":true,"href":"https:\/\/radiorevelacionfm.cl\/index.php?rest_route=%2Fwp%2Fv2%2Ftags&post=12405"}],"curies":[{"name":"wp","href":"https:\/\/api.w.org\/{rel}","templated":true}]}}