{"id":12402,"date":"2021-12-31T08:57:24","date_gmt":"2021-12-31T11:57:24","guid":{"rendered":"https:\/\/radiorevelacionfm.cl\/?p=12402"},"modified":"2021-12-31T08:57:24","modified_gmt":"2021-12-31T11:57:24","slug":"carabineros-aysen-lanza-plan-verano-seguro-2022-y-refuerza-labor-preventiva-en-temporada-estival","status":"publish","type":"post","link":"https:\/\/radiorevelacionfm.cl\/?p=12402","title":{"rendered":"Carabineros Ays\u00e9n lanza Plan Verano Seguro 2022 y refuerza labor preventiva en temporada estival"},"content":{"rendered":"<div class=\"flex_column av_one_full  flex_column_div av-zero-column-padding first  avia-builder-el-0  el_before_av_one_full  avia-builder-el-first  \" style='border-radius:0px; '><div  class='avia-image-container  av-styling-    avia-builder-el-1  avia-builder-el-no-sibling  avia-align-center '  itemprop=\"image\" itemscope=\"itemscope\" itemtype=\"https:\/\/schema.org\/ImageObject\"  ><div class='avia-image-container-inner'><div class='avia-image-overlay-wrap'><img decoding=\"async\" class='wp-image-12403 avia-img-lazy-loading-not-12403 avia_image' src=\"https:\/\/radiorevelacionfm.cl\/wp-content\/uploads\/2021\/12\/Chacabuco1-2-2.jpg\" alt='' title='Chacabuco1-2-2' height=\"600\" width=\"800\"  itemprop=\"thumbnailUrl\" srcset=\"https:\/\/radiorevelacionfm.cl\/wp-content\/uploads\/2021\/12\/Chacabuco1-2-2.jpg 800w, https:\/\/radiorevelacionfm.cl\/wp-content\/uploads\/2021\/12\/Chacabuco1-2-2-300x225.jpg 300w, https:\/\/radiorevelacionfm.cl\/wp-content\/uploads\/2021\/12\/Chacabuco1-2-2-768x576.jpg 768w, https:\/\/radiorevelacionfm.cl\/wp-content\/uploads\/2021\/12\/Chacabuco1-2-2-705x529.jpg 705w, https:\/\/radiorevelacionfm.cl\/wp-content\/uploads\/2021\/12\/Chacabuco1-2-2-600x450.jpg 600w\" sizes=\"(max-width: 800px) 100vw, 800px\" \/><\/div><\/div><\/div><\/div><div class=\"flex_column av_one_full  flex_column_div av-zero-column-padding first  avia-builder-el-2  el_after_av_one_full  el_before_av_one_full  column-top-margin\" style='border-radius:0px; '><section class=\"av_textblock_section \"  itemscope=\"itemscope\" itemtype=\"https:\/\/schema.org\/BlogPosting\" itemprop=\"blogPost\" ><div class='avia_textblock  '   itemprop=\"text\" ><p style=\"text-align: center;\"><span style=\"font-size: 18pt;\"><b>Carabineros Ays\u00e9n lanza Plan Verano Seguro 2022 y refuerza labor preventiva en temporada estival<\/b><\/span><\/p>\n<div id=\"gtx-trans\" style=\"position: absolute; left: -50px; top: 4.31534px;\">\n<div class=\"gtx-trans-icon\"><\/div>\n<\/div>\n<\/div><\/section><\/div><div class=\"flex_column av_one_full  flex_column_div av-zero-column-padding first  avia-builder-el-4  el_after_av_one_full  el_before_av_hr  column-top-margin\" style='border-radius:0px; '><section class=\"av_textblock_section \"  itemscope=\"itemscope\" itemtype=\"https:\/\/schema.org\/BlogPosting\" itemprop=\"blogPost\" ><div class='avia_textblock  '   itemprop=\"text\" ><p class=\"v1MsoNormal\" style=\"text-align: justify;\">Bajo una persistente lluvia el General Hugo Zenteno V\u00e1squez, Jefe de la XI Zona de Carabineros Ays\u00e9n -junto la Jefa de Gabinete de la Delegaci\u00f3n Presidencial Provincial de Ays\u00e9n F\u00e1tima Suazo Cerda, la Encargada de Seguridad P\u00fablica (S) de esta Delegaci\u00f3n Carola Quezada Mansilla, el Gobernador Mar\u00edtimo (S) Capit\u00e1n Felipe Zambrano y la PDI de Puerto Ays\u00e9n- realiz\u00f3 en la localidad de Puerto Chacabuco, el lanzamiento del plan verano seguro 2022, el cual contempla un reforzamiento operativo de los servicios, as\u00ed como medidas de autocuidado durante la temporada estival.<\/p>\n<p class=\"v1MsoNormal\" style=\"text-align: justify;\">Se trata de un plan centrado en reforzar la acci\u00f3n de las polic\u00edas en sectores tur\u00edsticos. En ese sentido, es que Carabineros de Chile reforzar\u00e1 con 450 funcionarios en todo el pa\u00eds la ejecuci\u00f3n de esta campa\u00f1a, estrategia policial que involucra la labor colaborativa de unidades especializadas de Carabineros a lo largo del pa\u00eds.<\/p>\n<p class=\"v1MsoNormal\" style=\"text-align: justify;\">El plan verano seguro se lanz\u00f3 en forma simult\u00e1nea en Chile Chico donde cont\u00f3 con la presencia del Alcalde Luperciano Mu\u00f1oz y la Armada, mientras en Tortel particip\u00f3 del alcalde de la comuna Abel Becerra y el jefe del Registro Civil Hern\u00e1n Ovando, misma actividad que fue replicada en Puerto R\u00edo Tranquilo<\/p>\n<p class=\"v1MsoNormal\" style=\"text-align: justify;\">Esta metodolog\u00eda de trabajo involucra un conjunto de acciones, principalmente desde el punto de vista preventivo y, es un esfuerzo significativo que se realiza en un tema tan relevante para todos como es la seguridad.<\/p>\n<p class=\"v1MsoNormal\" style=\"text-align: justify;\">Sobre la materia el General Hugo Zenteno indic\u00f3 que se trata de un plan que se desarrolla a nivel nacional, donde el personal conforme a an\u00e1lisis estad\u00edstico y de georreferenciaci\u00f3n de concentraci\u00f3n de delitos ha implicado una redistribuci\u00f3n del personal a trav\u00e9s de servicios de infanter\u00eda, motorizados y en bicicleta con la finalidad de brindar seguridad a las personas en sus desplazamientos, especialmente en una \u00e9poca en que hay m\u00e1s turistas y mayor apertura del comercio.<\/p>\n<p class=\"v1MsoNormal\" style=\"text-align: justify;\">\u00abEstamos comprometidos con la seguridad y con el bienestar de cada persona en la regi\u00f3n. Los carabineros vamos a estar las 24 horas brindando seguridad\u00bb, resalt\u00f3.<\/p>\n<p class=\"v1MsoNormal\" style=\"text-align: justify;\"><b>Llamado a la responsabilidad<\/b><\/p>\n<p class=\"v1MsoNormal\" style=\"text-align: justify;\">A horas de la llegada del a\u00f1o nuevo, el General Zenteno llam\u00f3 a la comunidad a adoptar las medidas de seguridad, a una conducci\u00f3n a la defensiva, no ingerir alcohol, ni utilizar fuegos artificiales en esta fecha \u2013elementos que se encuentran prohibidos- con finalidad de prevenir accidentes, quemaduras o mutilaciones producto de su manipulaci\u00f3n.<\/p>\n<p class=\"v1MsoNormal\" style=\"text-align: justify;\">\u00abHemos tenido procedimientos en Coyhaique y esperemos que no tengamos situaciones ni ni\u00f1os que lamentar con estas lesiones tan impactantes para la vida humana\u00bb, indic\u00f3 el Oficial General.<\/p>\n<p class=\"v1MsoNormal\" style=\"text-align: justify;\">\u00abEsperamos que el 2022 sea un a\u00f1o muy fruct\u00edfero, lleno de alegr\u00eda para toda la comunidad, que no tengamos accidentes de tr\u00e1nsito \u2013especialmente muertes- y ese es el inter\u00e9s de este Jefe de Zona de mantener los servicios de ruta segura. Vamos a tener controles de tr\u00e1nsito con Senda en las principales v\u00edas de la regi\u00f3n\u00bb, acot\u00f3.<\/p>\n<p class=\"v1MsoNormal\" style=\"text-align: justify;\">Adem\u00e1s del reforzamiento policial, el plan verano seguro 2022 considera igualmente un trabajo preventivo en el contexto de la pandemia, que busca concientizar a la ciudadan\u00eda sobre la necesidad de seguir cumpliendo con las normas sanitarias para prevenir contagios, m\u00e1s a\u00fan cuando aumenta flujo de\u00a0 personas y la aglomeraci\u00f3n de turistas en sectores de veraneo.<\/p>\n<\/div><\/section><\/div><div  style='height:50px' class='hr hr-invisible   avia-builder-el-6  el_after_av_one_full  el_before_av_social_share '><span class='hr-inner ' ><span class='hr-inner-style'><\/span><\/span><\/div><\/p>\n<div  class='av-social-sharing-box  avia-builder-el-7  el_after_av_hr  el_before_av_hr  '><div class='av-share-box'><h5 class='av-share-link-description av-no-toc '>Compartir esta noticia<\/h5><ul class='av-share-box-list noLightbox'><li class='av-share-link av-social-link-facebook' ><a target=\"_blank\" aria-label=\"Compartir en Facebook\" href='https:\/\/www.facebook.com\/sharer.php?u=https:\/\/radiorevelacionfm.cl\/?p=12402&#038;t=Carabineros%20Ays%C3%A9n%20lanza%20Plan%20Verano%20Seguro%202022%20y%20refuerza%20labor%20preventiva%20en%20temporada%20estival' aria-hidden='false' data-av_icon='\ue8f3' data-av_iconfont='entypo-fontello' title='' data-avia-related-tooltip='Compartir en Facebook' rel=\"noopener\"><span class='avia_hidden_link_text'>Compartir en Facebook<\/span><\/a><\/li><li class='av-share-link av-social-link-twitter' ><a target=\"_blank\" aria-label=\"Compartir en Twitter\" href='https:\/\/twitter.com\/share?text=Carabineros%20Ays%C3%A9n%20lanza%20Plan%20Verano%20Seguro%202022%20y%20refuerza%20labor%20preventiva%20en%20temporada%20estival&#038;url=https:\/\/radiorevelacionfm.cl\/?p=12402' aria-hidden='false' data-av_icon='\ue8f1' data-av_iconfont='entypo-fontello' title='' data-avia-related-tooltip='Compartir en Twitter' rel=\"noopener\"><span class='avia_hidden_link_text'>Compartir en Twitter<\/span><\/a><\/li><li class='av-share-link av-social-link-whatsapp' ><a target=\"_blank\" aria-label=\"Compartir en Whatsapp\" href='https:\/\/api.whatsapp.com\/send?text=https:\/\/radiorevelacionfm.cl\/?p=12402' aria-hidden='false' data-av_icon='\uf232' data-av_iconfont='entypo-fontello' title='' data-avia-related-tooltip='Compartir en Whatsapp' rel=\"noopener\"><span class='avia_hidden_link_text'>Compartir en Whatsapp<\/span><\/a><\/li><li class='av-share-link av-social-link-linkedin' ><a target=\"_blank\" aria-label=\"Compartir en LinkedIn\" href='https:\/\/linkedin.com\/shareArticle?mini=true&#038;title=Carabineros%20Ays%C3%A9n%20lanza%20Plan%20Verano%20Seguro%202022%20y%20refuerza%20labor%20preventiva%20en%20temporada%20estival&#038;url=https:\/\/radiorevelacionfm.cl\/?p=12402' aria-hidden='false' data-av_icon='\ue8fc' data-av_iconfont='entypo-fontello' title='' data-avia-related-tooltip='Compartir en LinkedIn' rel=\"noopener\"><span class='avia_hidden_link_text'>Compartir en LinkedIn<\/span><\/a><\/li><li class='av-share-link av-social-link-mail' ><a  aria-label=\"Compartir por correo\" href='mailto:?subject=Carabineros%20Ays%C3%A9n%20lanza%20Plan%20Verano%20Seguro%202022%20y%20refuerza%20labor%20preventiva%20en%20temporada%20estival&#038;body=https:\/\/radiorevelacionfm.cl\/?p=12402' aria-hidden='false' data-av_icon='\ue805' data-av_iconfont='entypo-fontello' title='' data-avia-related-tooltip='Compartir por correo'><span class='avia_hidden_link_text'>Compartir por correo<\/span><\/a><\/li><\/ul><\/div><\/div>\n<div  style='height:50px' class='hr hr-invisible   avia-builder-el-8  el_after_av_social_share  el_before_av_comments_list '><span class='hr-inner ' ><span class='hr-inner-style'><\/span><\/span><\/div>\n<div  class='av-buildercomment  av-blog-meta-html-info-disabled av-blog-meta-tag-disabled  '><\/div>\n","protected":false},"excerpt":{"rendered":"","protected":false},"author":1,"featured_media":12403,"comment_status":"open","ping_status":"open","sticky":false,"template":"","format":"standard","meta":{"footnotes":""},"categories":[36],"tags":[],"class_list":["post-12402","post","type-post","status-publish","format-standard","has-post-thumbnail","hentry","category-policial"],"jetpack_featured_media_url":"https:\/\/radiorevelacionfm.cl\/wp-content\/uploads\/2021\/12\/Chacabuco1-2-2.jpg","_links":{"self":[{"href":"https:\/\/radiorevelacionfm.cl\/index.php?rest_route=\/wp\/v2\/posts\/12402","targetHints":{"allow":["GET"]}}],"collection":[{"href":"https:\/\/radiorevelacionfm.cl\/index.php?rest_route=\/wp\/v2\/posts"}],"about":[{"href":"https:\/\/radiorevelacionfm.cl\/index.php?rest_route=\/wp\/v2\/types\/post"}],"author":[{"embeddable":true,"href":"https:\/\/radiorevelacionfm.cl\/index.php?rest_route=\/wp\/v2\/users\/1"}],"replies":[{"embeddable":true,"href":"https:\/\/radiorevelacionfm.cl\/index.php?rest_route=%2Fwp%2Fv2%2Fcomments&post=12402"}],"version-history":[{"count":2,"href":"https:\/\/radiorevelacionfm.cl\/index.php?rest_route=\/wp\/v2\/posts\/12402\/revisions"}],"predecessor-version":[{"id":12411,"href":"https:\/\/radiorevelacionfm.cl\/index.php?rest_route=\/wp\/v2\/posts\/12402\/revisions\/12411"}],"wp:featuredmedia":[{"embeddable":true,"href":"https:\/\/radiorevelacionfm.cl\/index.php?rest_route=\/wp\/v2\/media\/12403"}],"wp:attachment":[{"href":"https:\/\/radiorevelacionfm.cl\/index.php?rest_route=%2Fwp%2Fv2%2Fmedia&parent=12402"}],"wp:term":[{"taxonomy":"category","embeddable":true,"href":"https:\/\/radiorevelacionfm.cl\/index.php?rest_route=%2Fwp%2Fv2%2Fcategories&post=12402"},{"taxonomy":"post_tag","embeddable":true,"href":"https:\/\/radiorevelacionfm.cl\/index.php?rest_route=%2Fwp%2Fv2%2Ftags&post=12402"}],"curies":[{"name":"wp","href":"https:\/\/api.w.org\/{rel}","templated":true}]}}