{"id":12398,"date":"2021-12-30T19:48:39","date_gmt":"2021-12-30T22:48:39","guid":{"rendered":"https:\/\/radiorevelacionfm.cl\/?p=12398"},"modified":"2021-12-30T19:48:39","modified_gmt":"2021-12-30T22:48:39","slug":"servicio-sanitario-rural-el-claro-celebro-un-nuevo-aniversario-proyectando-llegar-con-agua-potable-a-diversos-sectores-aledanos","status":"publish","type":"post","link":"https:\/\/radiorevelacionfm.cl\/?p=12398","title":{"rendered":"Servicio Sanitario Rural El Claro celebr\u00f3 un nuevo aniversario proyectando llegar con agua potable a diversos sectores aleda\u00f1os"},"content":{"rendered":"<div class=\"flex_column av_one_full  flex_column_div av-zero-column-padding first  avia-builder-el-0  el_before_av_one_full  avia-builder-el-first  \" style='border-radius:0px; '><div  class='avia-image-container  av-styling-    avia-builder-el-1  avia-builder-el-no-sibling  avia-align-center '  itemprop=\"image\" itemscope=\"itemscope\" itemtype=\"https:\/\/schema.org\/ImageObject\"  ><div class='avia-image-container-inner'><div class='avia-image-overlay-wrap'><img decoding=\"async\" class='wp-image-12399 avia-img-lazy-loading-not-12399 avia_image' src=\"https:\/\/radiorevelacionfm.cl\/wp-content\/uploads\/2021\/12\/image-17_optimized.jpg\" alt='' title='image-17_optimized' height=\"600\" width=\"1337\"  itemprop=\"thumbnailUrl\" srcset=\"https:\/\/radiorevelacionfm.cl\/wp-content\/uploads\/2021\/12\/image-17_optimized.jpg 1337w, https:\/\/radiorevelacionfm.cl\/wp-content\/uploads\/2021\/12\/image-17_optimized-300x135.jpg 300w, https:\/\/radiorevelacionfm.cl\/wp-content\/uploads\/2021\/12\/image-17_optimized-1030x462.jpg 1030w, https:\/\/radiorevelacionfm.cl\/wp-content\/uploads\/2021\/12\/image-17_optimized-768x345.jpg 768w, https:\/\/radiorevelacionfm.cl\/wp-content\/uploads\/2021\/12\/image-17_optimized-705x316.jpg 705w, https:\/\/radiorevelacionfm.cl\/wp-content\/uploads\/2021\/12\/image-17_optimized-600x269.jpg 600w\" sizes=\"(max-width: 1337px) 100vw, 1337px\" \/><\/div><\/div><\/div><\/div><div class=\"flex_column av_one_full  flex_column_div av-zero-column-padding first  avia-builder-el-2  el_after_av_one_full  el_before_av_one_full  column-top-margin\" style='border-radius:0px; '><section class=\"av_textblock_section \"  itemscope=\"itemscope\" itemtype=\"https:\/\/schema.org\/BlogPosting\" itemprop=\"blogPost\" ><div class='avia_textblock  '   itemprop=\"text\" ><p style=\"text-align: center;\"><strong><span style=\"font-size: 18pt;\">Servicio Sanitario Rural El Claro celebr\u00f3 un nuevo aniversario proyectando llegar con agua potable a diversos sectores aleda\u00f1os<\/span><\/strong><\/p>\n<div id=\"gtx-trans\" style=\"position: absolute; left: -50px; top: 4.31534px;\">\n<div class=\"gtx-trans-icon\"><\/div>\n<\/div>\n<\/div><\/section><\/div><div class=\"flex_column av_one_full  flex_column_div av-zero-column-padding first  avia-builder-el-4  el_after_av_one_full  el_before_av_hr  column-top-margin\" style='border-radius:0px; '><section class=\"av_textblock_section \"  itemscope=\"itemscope\" itemtype=\"https:\/\/schema.org\/BlogPosting\" itemprop=\"blogPost\" ><div class='avia_textblock  '   itemprop=\"text\" ><p style=\"text-align: justify;\">Durante a\u00f1os, diversas familias de agricultores y campesinos de El Claro, en la comuna de Coyhaique, lidiaron con los problemas para tener agua en sus hogares. Esto hasta que un grupo de vecinos tom\u00f3 la iniciativa y pudieron concretar, hace nueve a\u00f1os atr\u00e1s el Sistema de Agua Potable Rural para este sector.<\/p>\n<p style=\"text-align: justify;\">El hito y su historia, fue celebrada en una emotiva ceremonia en la sede vecinal de El Claro, con presencia de representantes del Municipio, de la Direcci\u00f3n de Obras Hidr\u00e1ulicas y de Aguas Patagonia, aunque, principalmente, la instancia tuvo como invitados a los gestores de esta idea, que ahora se denomina Servicio Sanitario Rural.<\/p>\n<p style=\"text-align: justify;\">En la ocasi\u00f3n fueron homenajeados dos de los gestores de este avance: Los vecinos Verti Vera y Patricio Jara Pantanalli, quienes recibieron un reconocimiento en la ocasi\u00f3n.<\/p>\n<p style=\"text-align: justify;\">Jara, rememor\u00f3 el origen, indicando que \u201csurgi\u00f3 la idea de la comunidad de Agua de El Claro, que agrupaba a socios agricultores del sector, quienes vieron la posibilidad de obtener agua potable debido a la escasez en el sector. Vimos que aument\u00f3 la poblaci\u00f3n y esta no ten\u00eda este bien b\u00e1sico, por lo que trabajamos hasta poder formar el comit\u00e9 y abastecer a la poblaci\u00f3n.<\/p>\n<p style=\"text-align: justify;\">Previo a la instalaci\u00f3n del APR hace una d\u00e9cada, Patricio Jara asegur\u00f3 que gran parte de las personas \u00abten\u00edan pozos, sacaban de vertientes, llevaban el agua a sus casas desde el r\u00edo, incluso la acarreaban de Coyhaique\u00bb.<\/p>\n<p style=\"text-align: justify;\">En la ceremonia del noveno aniversario se reconoci\u00f3 la labor de antiguos y actuales dirigentes, como el caso de Mauricio Ulloa, Celestino Oyarz\u00fan Solis, Manuel Soto Sol\u00eds,\u00a0 David Cladel y Ang\u00e9lica Oyarz\u00fan.<\/p>\n<p style=\"text-align: justify;\"><strong>Proyecci\u00f3n hacia el futuro<\/strong><\/p>\n<p style=\"text-align: justify;\">El crecimiento demogr\u00e1fico de El Claro y sus alrededores han sido exponencial. \u201cSe ha convertido en un Coyhaique 2\u201d asegura Iv\u00e1n Ferrada, actual Presidente del Servicio Sanitario Rural, llegada de familias que supone nuevos desaf\u00edos en torno a la llegada del agua potable a los hogares.<\/p>\n<p style=\"text-align: justify;\">\u201cHay muchas personas que han venido hasta este sector, est\u00e1n llegando continuamente y nos est\u00e1n solicitando agua, por lo que se hizo la gesti\u00f3n para hacer una ampliaci\u00f3n de nuestra red y poder suplir esa necesidad\u201d precis\u00f3 el dirigente.<\/p>\n<p style=\"text-align: justify;\">Se proyecta llegar con agua potable a unas 600 familias, tal como indic\u00f3 Iv\u00e1n Ferrada, ampli\u00e1ndose \u201chacia el sector de R\u00edo Huemules, El Claro bajo hasta donde est\u00e1 la Reserva y por el otro lado la Pampa Pinuer, llegando hasta la Pasarela y tambi\u00e9n a Panguilemu Alto, lo que va a involucrar 63 kil\u00f3metros de tuber\u00eda\u201d.<\/p>\n<p style=\"text-align: justify;\">Lo anterior propiciar\u00e1 la llegada de este vital elemento a las familias que optaron por hacer una vida tranquila a tan solo poco kil\u00f3metros de la capital regional, mejorando ostensiblemente su calidad de vida gracias al trabajo mancomunado de vecinos, que se plasma en el buen funcionamiento del Servicio Sanitario Rural de El Claro.<\/p>\n<\/div><\/section><\/div><div  style='height:50px' class='hr hr-invisible   avia-builder-el-6  el_after_av_one_full  el_before_av_social_share '><span class='hr-inner ' ><span class='hr-inner-style'><\/span><\/span><\/div><\/p>\n<div  class='av-social-sharing-box  avia-builder-el-7  el_after_av_hr  el_before_av_hr  '><div class='av-share-box'><h5 class='av-share-link-description av-no-toc '>Compartir esta noticia<\/h5><ul class='av-share-box-list noLightbox'><li class='av-share-link av-social-link-facebook' ><a target=\"_blank\" aria-label=\"Compartir en Facebook\" href='https:\/\/www.facebook.com\/sharer.php?u=https:\/\/radiorevelacionfm.cl\/?p=12398&#038;t=Servicio%20Sanitario%20Rural%20El%20Claro%20celebr%C3%B3%20un%20nuevo%20aniversario%20proyectando%20llegar%20con%20agua%20potable%20a%20diversos%20sectores%20aleda%C3%B1os' aria-hidden='false' data-av_icon='\ue8f3' data-av_iconfont='entypo-fontello' title='' data-avia-related-tooltip='Compartir en Facebook' rel=\"noopener\"><span class='avia_hidden_link_text'>Compartir en Facebook<\/span><\/a><\/li><li class='av-share-link av-social-link-twitter' ><a target=\"_blank\" aria-label=\"Compartir en Twitter\" href='https:\/\/twitter.com\/share?text=Servicio%20Sanitario%20Rural%20El%20Claro%20celebr%C3%B3%20un%20nuevo%20aniversario%20proyectando%20llegar%20con%20agua%20potable%20a%20diversos%20sectores%20aleda%C3%B1os&#038;url=https:\/\/radiorevelacionfm.cl\/?p=12398' aria-hidden='false' data-av_icon='\ue8f1' data-av_iconfont='entypo-fontello' title='' data-avia-related-tooltip='Compartir en Twitter' rel=\"noopener\"><span class='avia_hidden_link_text'>Compartir en Twitter<\/span><\/a><\/li><li class='av-share-link av-social-link-whatsapp' ><a target=\"_blank\" aria-label=\"Compartir en Whatsapp\" href='https:\/\/api.whatsapp.com\/send?text=https:\/\/radiorevelacionfm.cl\/?p=12398' aria-hidden='false' data-av_icon='\uf232' data-av_iconfont='entypo-fontello' title='' data-avia-related-tooltip='Compartir en Whatsapp' rel=\"noopener\"><span class='avia_hidden_link_text'>Compartir en Whatsapp<\/span><\/a><\/li><li class='av-share-link av-social-link-linkedin' ><a target=\"_blank\" aria-label=\"Compartir en LinkedIn\" href='https:\/\/linkedin.com\/shareArticle?mini=true&#038;title=Servicio%20Sanitario%20Rural%20El%20Claro%20celebr%C3%B3%20un%20nuevo%20aniversario%20proyectando%20llegar%20con%20agua%20potable%20a%20diversos%20sectores%20aleda%C3%B1os&#038;url=https:\/\/radiorevelacionfm.cl\/?p=12398' aria-hidden='false' data-av_icon='\ue8fc' data-av_iconfont='entypo-fontello' title='' data-avia-related-tooltip='Compartir en LinkedIn' rel=\"noopener\"><span class='avia_hidden_link_text'>Compartir en LinkedIn<\/span><\/a><\/li><li class='av-share-link av-social-link-mail' ><a  aria-label=\"Compartir por correo\" href='mailto:?subject=Servicio%20Sanitario%20Rural%20El%20Claro%20celebr%C3%B3%20un%20nuevo%20aniversario%20proyectando%20llegar%20con%20agua%20potable%20a%20diversos%20sectores%20aleda%C3%B1os&#038;body=https:\/\/radiorevelacionfm.cl\/?p=12398' aria-hidden='false' data-av_icon='\ue805' data-av_iconfont='entypo-fontello' title='' data-avia-related-tooltip='Compartir por correo'><span class='avia_hidden_link_text'>Compartir por correo<\/span><\/a><\/li><\/ul><\/div><\/div>\n<div  style='height:50px' class='hr hr-invisible   avia-builder-el-8  el_after_av_social_share  el_before_av_comments_list '><span class='hr-inner ' ><span class='hr-inner-style'><\/span><\/span><\/div>\n<div  class='av-buildercomment  av-blog-meta-html-info-disabled av-blog-meta-tag-disabled  '><\/div>\n","protected":false},"excerpt":{"rendered":"","protected":false},"author":1,"featured_media":12399,"comment_status":"open","ping_status":"open","sticky":false,"template":"","format":"standard","meta":{"footnotes":""},"categories":[38],"tags":[],"class_list":["post-12398","post","type-post","status-publish","format-standard","has-post-thumbnail","hentry","category-regional"],"jetpack_featured_media_url":"https:\/\/radiorevelacionfm.cl\/wp-content\/uploads\/2021\/12\/image-17_optimized.jpg","_links":{"self":[{"href":"https:\/\/radiorevelacionfm.cl\/index.php?rest_route=\/wp\/v2\/posts\/12398","targetHints":{"allow":["GET"]}}],"collection":[{"href":"https:\/\/radiorevelacionfm.cl\/index.php?rest_route=\/wp\/v2\/posts"}],"about":[{"href":"https:\/\/radiorevelacionfm.cl\/index.php?rest_route=\/wp\/v2\/types\/post"}],"author":[{"embeddable":true,"href":"https:\/\/radiorevelacionfm.cl\/index.php?rest_route=\/wp\/v2\/users\/1"}],"replies":[{"embeddable":true,"href":"https:\/\/radiorevelacionfm.cl\/index.php?rest_route=%2Fwp%2Fv2%2Fcomments&post=12398"}],"version-history":[{"count":2,"href":"https:\/\/radiorevelacionfm.cl\/index.php?rest_route=\/wp\/v2\/posts\/12398\/revisions"}],"predecessor-version":[{"id":12401,"href":"https:\/\/radiorevelacionfm.cl\/index.php?rest_route=\/wp\/v2\/posts\/12398\/revisions\/12401"}],"wp:featuredmedia":[{"embeddable":true,"href":"https:\/\/radiorevelacionfm.cl\/index.php?rest_route=\/wp\/v2\/media\/12399"}],"wp:attachment":[{"href":"https:\/\/radiorevelacionfm.cl\/index.php?rest_route=%2Fwp%2Fv2%2Fmedia&parent=12398"}],"wp:term":[{"taxonomy":"category","embeddable":true,"href":"https:\/\/radiorevelacionfm.cl\/index.php?rest_route=%2Fwp%2Fv2%2Fcategories&post=12398"},{"taxonomy":"post_tag","embeddable":true,"href":"https:\/\/radiorevelacionfm.cl\/index.php?rest_route=%2Fwp%2Fv2%2Ftags&post=12398"}],"curies":[{"name":"wp","href":"https:\/\/api.w.org\/{rel}","templated":true}]}}