{"id":12394,"date":"2021-12-30T19:30:43","date_gmt":"2021-12-30T22:30:43","guid":{"rendered":"https:\/\/radiorevelacionfm.cl\/?p=12394"},"modified":"2021-12-30T19:30:43","modified_gmt":"2021-12-30T22:30:43","slug":"gore-hace-entrega-de-maquinaria-para-el-mantenimiento-vial-de-la-comuna-de-coyhaique","status":"publish","type":"post","link":"https:\/\/radiorevelacionfm.cl\/?p=12394","title":{"rendered":"GORE hace entrega de maquinaria para el mantenimiento vial de la comuna de Coyhaique"},"content":{"rendered":"<div class=\"flex_column av_one_full  flex_column_div av-zero-column-padding first  avia-builder-el-0  el_before_av_one_full  avia-builder-el-first  \" style='border-radius:0px; '><div  class='avia-image-container  av-styling-    avia-builder-el-1  avia-builder-el-no-sibling  avia-align-center '  itemprop=\"image\" itemscope=\"itemscope\" itemtype=\"https:\/\/schema.org\/ImageObject\"  ><div class='avia-image-container-inner'><div class='avia-image-overlay-wrap'><img decoding=\"async\" class='wp-image-12395 avia-img-lazy-loading-not-12395 avia_image' src=\"https:\/\/radiorevelacionfm.cl\/wp-content\/uploads\/2021\/12\/Foto-3-2.jpeg\" alt='' title='Foto 3-2' height=\"600\" width=\"901\"  itemprop=\"thumbnailUrl\" srcset=\"https:\/\/radiorevelacionfm.cl\/wp-content\/uploads\/2021\/12\/Foto-3-2.jpeg 901w, https:\/\/radiorevelacionfm.cl\/wp-content\/uploads\/2021\/12\/Foto-3-2-300x200.jpeg 300w, https:\/\/radiorevelacionfm.cl\/wp-content\/uploads\/2021\/12\/Foto-3-2-768x511.jpeg 768w, https:\/\/radiorevelacionfm.cl\/wp-content\/uploads\/2021\/12\/Foto-3-2-705x469.jpeg 705w, https:\/\/radiorevelacionfm.cl\/wp-content\/uploads\/2021\/12\/Foto-3-2-600x400.jpeg 600w\" sizes=\"(max-width: 901px) 100vw, 901px\" \/><\/div><\/div><\/div><\/div><div class=\"flex_column av_one_full  flex_column_div av-zero-column-padding first  avia-builder-el-2  el_after_av_one_full  el_before_av_one_full  column-top-margin\" style='border-radius:0px; '><section class=\"av_textblock_section \"  itemscope=\"itemscope\" itemtype=\"https:\/\/schema.org\/BlogPosting\" itemprop=\"blogPost\" ><div class='avia_textblock  '   itemprop=\"text\" ><p style=\"text-align: center;\"><b><span style=\"font-size: 18pt;\">GORE hace entrega de maquinaria para el mantenimiento vial de la comuna de Coyhaique<\/span> <\/b><\/p>\n<div id=\"gtx-trans\" style=\"position: absolute; left: -50px; top: 4.31534px;\">\n<div class=\"gtx-trans-icon\"><\/div>\n<\/div>\n<\/div><\/section><\/div><div class=\"flex_column av_one_full  flex_column_div av-zero-column-padding first  avia-builder-el-4  el_after_av_one_full  el_before_av_hr  column-top-margin\" style='border-radius:0px; '><section class=\"av_textblock_section \"  itemscope=\"itemscope\" itemtype=\"https:\/\/schema.org\/BlogPosting\" itemprop=\"blogPost\" ><div class='avia_textblock  '   itemprop=\"text\" ><p style=\"text-align: justify;\">\u00abMuy contentos de poder entregar esta m\u00e1quina que tuvo una inversi\u00f3n de 225 millones de pesos que se suma a toda una planificaci\u00f3n de fortalecer a los Municipios, adem\u00e1s agradecer al Consejo Regional que permitir\u00e1 que con el Presupuesto del 2022 podamos seguir \u00a0apoyando a cada una de las comunas, que en general no tienen la capacidad econ\u00f3mica para este tipo de compras. Esto permite resolver las necesidades que nos muestra la comunidad (&#8230;) adem\u00e1s decir que ya hemos entregado en seis comunas maquinaria para apoyar a los vecinos y vecinas de la regi\u00f3n\u00bb, se\u00f1al\u00f3 en la actividad la m\u00e1xima autoridad regional, Andrea Mac\u00edas Palma.<\/p>\n<p style=\"text-align: justify;\">La compra de una motoniveladora ser\u00e1 para la mantenci\u00f3n de caminos, mejorar las condiciones de desplazamiento vial, favoreciendo el traslado de los pobladores, veh\u00edculos y maquinarias. Junto con mejorar la conectividad vial de los sectores rurales y apartados de la comuna, principalmente para dar un aviso oportuno en caso de cualquier emergencia que pudiera acontecer,<\/p>\n<p style=\"text-align: justify;\">\u00abEstamos muy agradecidos por este apoyo que hace el Gobierno Regional al \u00a0Municipio de Coyhaique para nuestros vecinos y vecinas, sobre todo los que est\u00e1n en el sector rural. Para nosotros es prioridad poder conectar la ruralidad con lo urbano, debido a que el mal estado de los caminos siempre ha sido \u00a0preocupaci\u00f3n para nosotros y la comunidad, es por eso que acudimos al GORE, para que atendieran nuestra solicitud, acci\u00f3n que de manera conjunta permitir\u00e1 mejorar la \u00a0condici\u00f3n de las v\u00edas\u00bb, manifest\u00f3 en la actividad el Alcalde de la comuna, Carlos Gatica.<\/p>\n<p style=\"text-align: justify;\">La iniciativa cont\u00f3 con el apoyo de los Consejeros Regionales de la Provincia, que estuvieron representados por el Consejero Rocco Martiniello, destacando el impacto que tendr\u00e1 para vecinas y vecinos.<\/p>\n<p style=\"text-align: justify;\">Esta adquisici\u00f3n contribuir\u00e1 directamente a una mejor comunicaci\u00f3n entre vecinos, junto con el ahorro en tiempo y transporte que significa contar con mejores condiciones de los caminos. Adem\u00e1s, pretende ser un apoyo al polo productivo y tur\u00edstico de la regi\u00f3n, disminuyendo la inequidad de emprender para pobladores y pobladoras que se encuentran aislados.<\/p>\n<\/div><\/section><\/div><div  style='height:50px' class='hr hr-invisible   avia-builder-el-6  el_after_av_one_full  el_before_av_social_share '><span class='hr-inner ' ><span class='hr-inner-style'><\/span><\/span><\/div><\/p>\n<div  class='av-social-sharing-box  avia-builder-el-7  el_after_av_hr  el_before_av_hr  '><div class='av-share-box'><h5 class='av-share-link-description av-no-toc '>Compartir esta noticia<\/h5><ul class='av-share-box-list noLightbox'><li class='av-share-link av-social-link-facebook' ><a target=\"_blank\" aria-label=\"Compartir en Facebook\" href='https:\/\/www.facebook.com\/sharer.php?u=https:\/\/radiorevelacionfm.cl\/?p=12394&#038;t=GORE%20hace%20entrega%20de%20maquinaria%20para%20el%20mantenimiento%20vial%20de%20la%20comuna%20de%20Coyhaique' aria-hidden='false' data-av_icon='\ue8f3' data-av_iconfont='entypo-fontello' title='' data-avia-related-tooltip='Compartir en Facebook' rel=\"noopener\"><span class='avia_hidden_link_text'>Compartir en Facebook<\/span><\/a><\/li><li class='av-share-link av-social-link-twitter' ><a target=\"_blank\" aria-label=\"Compartir en Twitter\" href='https:\/\/twitter.com\/share?text=GORE%20hace%20entrega%20de%20maquinaria%20para%20el%20mantenimiento%20vial%20de%20la%20comuna%20de%20Coyhaique&#038;url=https:\/\/radiorevelacionfm.cl\/?p=12394' aria-hidden='false' data-av_icon='\ue8f1' data-av_iconfont='entypo-fontello' title='' data-avia-related-tooltip='Compartir en Twitter' rel=\"noopener\"><span class='avia_hidden_link_text'>Compartir en Twitter<\/span><\/a><\/li><li class='av-share-link av-social-link-whatsapp' ><a target=\"_blank\" aria-label=\"Compartir en Whatsapp\" href='https:\/\/api.whatsapp.com\/send?text=https:\/\/radiorevelacionfm.cl\/?p=12394' aria-hidden='false' data-av_icon='\uf232' data-av_iconfont='entypo-fontello' title='' data-avia-related-tooltip='Compartir en Whatsapp' rel=\"noopener\"><span class='avia_hidden_link_text'>Compartir en Whatsapp<\/span><\/a><\/li><li class='av-share-link av-social-link-linkedin' ><a target=\"_blank\" aria-label=\"Compartir en LinkedIn\" href='https:\/\/linkedin.com\/shareArticle?mini=true&#038;title=GORE%20hace%20entrega%20de%20maquinaria%20para%20el%20mantenimiento%20vial%20de%20la%20comuna%20de%20Coyhaique&#038;url=https:\/\/radiorevelacionfm.cl\/?p=12394' aria-hidden='false' data-av_icon='\ue8fc' data-av_iconfont='entypo-fontello' title='' data-avia-related-tooltip='Compartir en LinkedIn' rel=\"noopener\"><span class='avia_hidden_link_text'>Compartir en LinkedIn<\/span><\/a><\/li><li class='av-share-link av-social-link-mail' ><a  aria-label=\"Compartir por correo\" href='mailto:?subject=GORE%20hace%20entrega%20de%20maquinaria%20para%20el%20mantenimiento%20vial%20de%20la%20comuna%20de%20Coyhaique&#038;body=https:\/\/radiorevelacionfm.cl\/?p=12394' aria-hidden='false' data-av_icon='\ue805' data-av_iconfont='entypo-fontello' title='' data-avia-related-tooltip='Compartir por correo'><span class='avia_hidden_link_text'>Compartir por correo<\/span><\/a><\/li><\/ul><\/div><\/div>\n<div  style='height:50px' class='hr hr-invisible   avia-builder-el-8  el_after_av_social_share  el_before_av_comments_list '><span class='hr-inner ' ><span class='hr-inner-style'><\/span><\/span><\/div>\n<div  class='av-buildercomment  av-blog-meta-html-info-disabled av-blog-meta-tag-disabled  '><\/div>\n","protected":false},"excerpt":{"rendered":"","protected":false},"author":1,"featured_media":12395,"comment_status":"open","ping_status":"open","sticky":false,"template":"","format":"standard","meta":{"footnotes":""},"categories":[38],"tags":[],"class_list":["post-12394","post","type-post","status-publish","format-standard","has-post-thumbnail","hentry","category-regional"],"jetpack_featured_media_url":"https:\/\/radiorevelacionfm.cl\/wp-content\/uploads\/2021\/12\/Foto-3-2.jpeg","_links":{"self":[{"href":"https:\/\/radiorevelacionfm.cl\/index.php?rest_route=\/wp\/v2\/posts\/12394","targetHints":{"allow":["GET"]}}],"collection":[{"href":"https:\/\/radiorevelacionfm.cl\/index.php?rest_route=\/wp\/v2\/posts"}],"about":[{"href":"https:\/\/radiorevelacionfm.cl\/index.php?rest_route=\/wp\/v2\/types\/post"}],"author":[{"embeddable":true,"href":"https:\/\/radiorevelacionfm.cl\/index.php?rest_route=\/wp\/v2\/users\/1"}],"replies":[{"embeddable":true,"href":"https:\/\/radiorevelacionfm.cl\/index.php?rest_route=%2Fwp%2Fv2%2Fcomments&post=12394"}],"version-history":[{"count":2,"href":"https:\/\/radiorevelacionfm.cl\/index.php?rest_route=\/wp\/v2\/posts\/12394\/revisions"}],"predecessor-version":[{"id":12397,"href":"https:\/\/radiorevelacionfm.cl\/index.php?rest_route=\/wp\/v2\/posts\/12394\/revisions\/12397"}],"wp:featuredmedia":[{"embeddable":true,"href":"https:\/\/radiorevelacionfm.cl\/index.php?rest_route=\/wp\/v2\/media\/12395"}],"wp:attachment":[{"href":"https:\/\/radiorevelacionfm.cl\/index.php?rest_route=%2Fwp%2Fv2%2Fmedia&parent=12394"}],"wp:term":[{"taxonomy":"category","embeddable":true,"href":"https:\/\/radiorevelacionfm.cl\/index.php?rest_route=%2Fwp%2Fv2%2Fcategories&post=12394"},{"taxonomy":"post_tag","embeddable":true,"href":"https:\/\/radiorevelacionfm.cl\/index.php?rest_route=%2Fwp%2Fv2%2Ftags&post=12394"}],"curies":[{"name":"wp","href":"https:\/\/api.w.org\/{rel}","templated":true}]}}