{"id":12390,"date":"2021-12-30T19:22:55","date_gmt":"2021-12-30T22:22:55","guid":{"rendered":"https:\/\/radiorevelacionfm.cl\/?p=12390"},"modified":"2021-12-30T19:22:55","modified_gmt":"2021-12-30T22:22:55","slug":"informan-actividades-deportivas-que-integraran-la-parrilla-del-aniversario-puerto-aysen-2022","status":"publish","type":"post","link":"https:\/\/radiorevelacionfm.cl\/?p=12390","title":{"rendered":"Informan actividades deportivas que integrar\u00e1n la parrilla del Aniversario Puerto Ays\u00e9n 2022"},"content":{"rendered":"<div class=\"flex_column av_one_full  flex_column_div av-zero-column-padding first  avia-builder-el-0  el_before_av_one_full  avia-builder-el-first  \" style='border-radius:0px; '><div  class='avia-image-container  av-styling-    avia-builder-el-1  avia-builder-el-no-sibling  avia-align-center '  itemprop=\"image\" itemscope=\"itemscope\" itemtype=\"https:\/\/schema.org\/ImageObject\"  ><div class='avia-image-container-inner'><div class='avia-image-overlay-wrap'><img decoding=\"async\" class='wp-image-12391 avia-img-lazy-loading-not-12391 avia_image' src=\"https:\/\/radiorevelacionfm.cl\/wp-content\/uploads\/2021\/12\/Alcalde-Julio-Uribe-Alvarado-Carlos-Carcamo-y-Loreta-Conuecar-2-2.jpg\" alt='' title='Alcalde Julio Uribe Alvarado, Carlos C\u00e1rcamo y Loreta Co\u00f1uecar-2-2' height=\"600\" width=\"998\"  itemprop=\"thumbnailUrl\" srcset=\"https:\/\/radiorevelacionfm.cl\/wp-content\/uploads\/2021\/12\/Alcalde-Julio-Uribe-Alvarado-Carlos-Carcamo-y-Loreta-Conuecar-2-2.jpg 998w, https:\/\/radiorevelacionfm.cl\/wp-content\/uploads\/2021\/12\/Alcalde-Julio-Uribe-Alvarado-Carlos-Carcamo-y-Loreta-Conuecar-2-2-300x180.jpg 300w, https:\/\/radiorevelacionfm.cl\/wp-content\/uploads\/2021\/12\/Alcalde-Julio-Uribe-Alvarado-Carlos-Carcamo-y-Loreta-Conuecar-2-2-768x462.jpg 768w, https:\/\/radiorevelacionfm.cl\/wp-content\/uploads\/2021\/12\/Alcalde-Julio-Uribe-Alvarado-Carlos-Carcamo-y-Loreta-Conuecar-2-2-705x424.jpg 705w, https:\/\/radiorevelacionfm.cl\/wp-content\/uploads\/2021\/12\/Alcalde-Julio-Uribe-Alvarado-Carlos-Carcamo-y-Loreta-Conuecar-2-2-600x361.jpg 600w\" sizes=\"(max-width: 998px) 100vw, 998px\" \/><\/div><\/div><\/div><\/div><div class=\"flex_column av_one_full  flex_column_div av-zero-column-padding first  avia-builder-el-2  el_after_av_one_full  el_before_av_one_full  column-top-margin\" style='border-radius:0px; '><section class=\"av_textblock_section \"  itemscope=\"itemscope\" itemtype=\"https:\/\/schema.org\/BlogPosting\" itemprop=\"blogPost\" ><div class='avia_textblock  '   itemprop=\"text\" ><p style=\"text-align: center;\"><strong><span style=\"font-size: 18pt;\">Informan actividades deportivas que integrar\u00e1n la parrilla del Aniversario Puerto Ays\u00e9n 2022<\/span><\/strong><\/p>\n<div id=\"gtx-trans\" style=\"position: absolute; left: -50px; top: 4.31534px;\">\n<div class=\"gtx-trans-icon\"><\/div>\n<\/div>\n<\/div><\/section><\/div><div class=\"flex_column av_one_full  flex_column_div av-zero-column-padding first  avia-builder-el-4  el_after_av_one_full  el_before_av_hr  column-top-margin\" style='border-radius:0px; '><section class=\"av_textblock_section \"  itemscope=\"itemscope\" itemtype=\"https:\/\/schema.org\/BlogPosting\" itemprop=\"blogPost\" ><div class='avia_textblock  '   itemprop=\"text\" ><p style=\"text-align: justify;\">Del 3 al 29 de enero se concentrar\u00e1n las actividades deportivas de la pr\u00f3xima edici\u00f3n del Aniversario Puerto Ays\u00e9n 2022, en que participar\u00e1n las seleccionadas chilenas de voleibol, iconos del futbol y Chantal Gayoso, entre otros.<\/p>\n<p style=\"text-align: justify;\">Previo al cierre de a\u00f1o, el alcalde Julio Uribe Alvarado, en compa\u00f1\u00eda del director ejecutivo de la Corporaci\u00f3n de Deporte, Carlos C\u00e1rcamo, y la encargada de la Unidad de Turismo, Loreta Co\u00f1uecar, sostuvieron una reuni\u00f3n en el auditorio de la Municipalidad de Ays\u00e9n para el lanzamiento oficial de las actividades deportivas del aniversario comunal n\u00famero 94.<\/p>\n<p style=\"text-align: justify;\">Destinadas a diversos p\u00fablicos y rangos etarios, los panoramas familiares que incluyen una amplia parrilla program\u00e1tica abrir\u00e1n el a\u00f1o 2022 a la comunidad el 3 de enero con una cl\u00ednica de voleibol en que participar\u00e1n las seleccionadas chilenas. Al respecto, la primera autoridad de la casa edilicio detall\u00f3 que \u201cen el mes de enero van a haber 19 actividades deportivas, desde triatl\u00f3n, basquetbol, voleibol, kayak, marat\u00f3n, donde vamos a tener en f\u00fatbol, por ejemplo, a los hist\u00f3ricos de la selecci\u00f3n chilena\u201d.<\/p>\n<p style=\"text-align: justify;\">Adem\u00e1s, a parte de la cl\u00ednica que tendr\u00e1 cuatro d\u00edas consecutivos, tambi\u00e9n se pens\u00f3 en un campeonato de basquetbol, competencia de nataci\u00f3n, una marat\u00f3n exclusiva para interesados en deportes extremos como rugby e incluso un triatl\u00f3n infantil para que ni\u00f1os fueran parte de la instancia. Se trata de una propuesta completa y con disciplinas de toda \u00edndole que desde los departamentos involucrados coordinaron con sumo cuidado para entregar un abanico de posibilidades.<\/p>\n<p style=\"text-align: justify;\">En esa l\u00ednea, Co\u00f1uecar declar\u00f3 que han trabajado en conjunto con la Corporaci\u00f3n de Deporte y el municipio bajo la premisa de una alianza estrat\u00e9gica. \u201cEs importante para nosotros involucrar la actividad f\u00edsica en el aniversario, en especial ahora que venimos saliendo de un periodo triste de pandemia, en la cual la juventud y la mayor\u00eda de la comunidad ha estado encerrada, por tanto, nos centramos en actividades que podr\u00edan apoyar esa \u00e1rea e influir en la recreaci\u00f3n\u201d, manifest\u00f3.<\/p>\n<p style=\"text-align: justify;\">En cuanto a la m\u00fasica, el s\u00e1bado 22 de enero arribar\u00e1n dos figuras del mundo de la entretenci\u00f3n y la zumba, Thiago Cunha, ex integrante de Ax\u00e9 Bah\u00eda, y Chantal Gayoso para brindar una jornada de baile en el marco de la actividad Color Dance. Por otra parte, el cronograma contempla la quinta versi\u00f3n \u201cCorre con un bombero\u201d desde el Polideportivo hasta la Plaza de Armas, invitando a todos los que deseen participar.<\/p>\n<p style=\"text-align: justify;\">A lo anterior se agrega la Copa Carlos Barrientos, conocido campeonato de basquetbol que tendr\u00e1 su final el 29 de enero y la corrida Puerto Chacabuco-Puerto Ays\u00e9n, fijada el mismo d\u00eda. Frente a ese escenario, C\u00e1rcamo recalc\u00f3 la naturaleza de la programaci\u00f3n y llam\u00f3 a compartir en familia. \u201cTodas las actividades son gratuitas, entonces hacer la invitaci\u00f3n a la comunidad que se sume a estas actividades y m\u00e1s que nada, potenciar esta \u00e1rea que es tan bonita como el deporte\u201d, puntualiz\u00f3.<\/p>\n<p style=\"text-align: justify;\">La informaci\u00f3n de las actividades y horarios se publicar\u00e1 en el <a href=\"https:\/\/www.puertoaysen.cl\/\">sitio oficial<\/a> de la Municipalidad de Ays\u00e9n dentro de los pr\u00f3ximos d\u00edas.<\/p>\n<\/div><\/section><\/div><div  style='height:50px' class='hr hr-invisible   avia-builder-el-6  el_after_av_one_full  el_before_av_social_share '><span class='hr-inner ' ><span class='hr-inner-style'><\/span><\/span><\/div><\/p>\n<div  class='av-social-sharing-box  avia-builder-el-7  el_after_av_hr  el_before_av_hr  '><div class='av-share-box'><h5 class='av-share-link-description av-no-toc '>Compartir esta noticia<\/h5><ul class='av-share-box-list noLightbox'><li class='av-share-link av-social-link-facebook' ><a target=\"_blank\" aria-label=\"Compartir en Facebook\" href='https:\/\/www.facebook.com\/sharer.php?u=https:\/\/radiorevelacionfm.cl\/?p=12390&#038;t=Informan%20actividades%20deportivas%20que%20integrar%C3%A1n%20la%20parrilla%20del%20Aniversario%20Puerto%20Ays%C3%A9n%202022' aria-hidden='false' data-av_icon='\ue8f3' data-av_iconfont='entypo-fontello' title='' data-avia-related-tooltip='Compartir en Facebook' rel=\"noopener\"><span class='avia_hidden_link_text'>Compartir en Facebook<\/span><\/a><\/li><li class='av-share-link av-social-link-twitter' ><a target=\"_blank\" aria-label=\"Compartir en Twitter\" href='https:\/\/twitter.com\/share?text=Informan%20actividades%20deportivas%20que%20integrar%C3%A1n%20la%20parrilla%20del%20Aniversario%20Puerto%20Ays%C3%A9n%202022&#038;url=https:\/\/radiorevelacionfm.cl\/?p=12390' aria-hidden='false' data-av_icon='\ue8f1' data-av_iconfont='entypo-fontello' title='' data-avia-related-tooltip='Compartir en Twitter' rel=\"noopener\"><span class='avia_hidden_link_text'>Compartir en Twitter<\/span><\/a><\/li><li class='av-share-link av-social-link-whatsapp' ><a target=\"_blank\" aria-label=\"Compartir en Whatsapp\" href='https:\/\/api.whatsapp.com\/send?text=https:\/\/radiorevelacionfm.cl\/?p=12390' aria-hidden='false' data-av_icon='\uf232' data-av_iconfont='entypo-fontello' title='' data-avia-related-tooltip='Compartir en Whatsapp' rel=\"noopener\"><span class='avia_hidden_link_text'>Compartir en Whatsapp<\/span><\/a><\/li><li class='av-share-link av-social-link-linkedin' ><a target=\"_blank\" aria-label=\"Compartir en LinkedIn\" href='https:\/\/linkedin.com\/shareArticle?mini=true&#038;title=Informan%20actividades%20deportivas%20que%20integrar%C3%A1n%20la%20parrilla%20del%20Aniversario%20Puerto%20Ays%C3%A9n%202022&#038;url=https:\/\/radiorevelacionfm.cl\/?p=12390' aria-hidden='false' data-av_icon='\ue8fc' data-av_iconfont='entypo-fontello' title='' data-avia-related-tooltip='Compartir en LinkedIn' rel=\"noopener\"><span class='avia_hidden_link_text'>Compartir en LinkedIn<\/span><\/a><\/li><li class='av-share-link av-social-link-mail' ><a  aria-label=\"Compartir por correo\" href='mailto:?subject=Informan%20actividades%20deportivas%20que%20integrar%C3%A1n%20la%20parrilla%20del%20Aniversario%20Puerto%20Ays%C3%A9n%202022&#038;body=https:\/\/radiorevelacionfm.cl\/?p=12390' aria-hidden='false' data-av_icon='\ue805' data-av_iconfont='entypo-fontello' title='' data-avia-related-tooltip='Compartir por correo'><span class='avia_hidden_link_text'>Compartir por correo<\/span><\/a><\/li><\/ul><\/div><\/div>\n<div  style='height:50px' class='hr hr-invisible   avia-builder-el-8  el_after_av_social_share  el_before_av_comments_list '><span class='hr-inner ' ><span class='hr-inner-style'><\/span><\/span><\/div>\n<div  class='av-buildercomment  av-blog-meta-html-info-disabled av-blog-meta-tag-disabled  '><\/div>\n","protected":false},"excerpt":{"rendered":"","protected":false},"author":1,"featured_media":12391,"comment_status":"open","ping_status":"open","sticky":false,"template":"","format":"standard","meta":{"footnotes":""},"categories":[38],"tags":[],"class_list":["post-12390","post","type-post","status-publish","format-standard","has-post-thumbnail","hentry","category-regional"],"jetpack_featured_media_url":"https:\/\/radiorevelacionfm.cl\/wp-content\/uploads\/2021\/12\/Alcalde-Julio-Uribe-Alvarado-Carlos-Carcamo-y-Loreta-Conuecar-2-2.jpg","_links":{"self":[{"href":"https:\/\/radiorevelacionfm.cl\/index.php?rest_route=\/wp\/v2\/posts\/12390","targetHints":{"allow":["GET"]}}],"collection":[{"href":"https:\/\/radiorevelacionfm.cl\/index.php?rest_route=\/wp\/v2\/posts"}],"about":[{"href":"https:\/\/radiorevelacionfm.cl\/index.php?rest_route=\/wp\/v2\/types\/post"}],"author":[{"embeddable":true,"href":"https:\/\/radiorevelacionfm.cl\/index.php?rest_route=\/wp\/v2\/users\/1"}],"replies":[{"embeddable":true,"href":"https:\/\/radiorevelacionfm.cl\/index.php?rest_route=%2Fwp%2Fv2%2Fcomments&post=12390"}],"version-history":[{"count":2,"href":"https:\/\/radiorevelacionfm.cl\/index.php?rest_route=\/wp\/v2\/posts\/12390\/revisions"}],"predecessor-version":[{"id":12393,"href":"https:\/\/radiorevelacionfm.cl\/index.php?rest_route=\/wp\/v2\/posts\/12390\/revisions\/12393"}],"wp:featuredmedia":[{"embeddable":true,"href":"https:\/\/radiorevelacionfm.cl\/index.php?rest_route=\/wp\/v2\/media\/12391"}],"wp:attachment":[{"href":"https:\/\/radiorevelacionfm.cl\/index.php?rest_route=%2Fwp%2Fv2%2Fmedia&parent=12390"}],"wp:term":[{"taxonomy":"category","embeddable":true,"href":"https:\/\/radiorevelacionfm.cl\/index.php?rest_route=%2Fwp%2Fv2%2Fcategories&post=12390"},{"taxonomy":"post_tag","embeddable":true,"href":"https:\/\/radiorevelacionfm.cl\/index.php?rest_route=%2Fwp%2Fv2%2Ftags&post=12390"}],"curies":[{"name":"wp","href":"https:\/\/api.w.org\/{rel}","templated":true}]}}