{"id":12378,"date":"2021-12-30T12:39:41","date_gmt":"2021-12-30T15:39:41","guid":{"rendered":"https:\/\/radiorevelacionfm.cl\/?p=12378"},"modified":"2021-12-30T12:39:41","modified_gmt":"2021-12-30T15:39:41","slug":"participantes-del-programa-mujeres-jefas-de-hogar-se-certifican-en-capacitacion-para-fortalecer-sus-negocios","status":"publish","type":"post","link":"https:\/\/radiorevelacionfm.cl\/?p=12378","title":{"rendered":"Participantes del Programa Mujeres Jefas de Hogar se certifican en capacitaci\u00f3n para fortalecer sus negocios"},"content":{"rendered":"<div class=\"flex_column av_one_full  flex_column_div av-zero-column-padding first  avia-builder-el-0  el_before_av_one_full  avia-builder-el-first  \" style='border-radius:0px; '><div  class='avia-image-container  av-styling-    avia-builder-el-1  avia-builder-el-no-sibling  avia-align-center '  itemprop=\"image\" itemscope=\"itemscope\" itemtype=\"https:\/\/schema.org\/ImageObject\"  ><div class='avia-image-container-inner'><div class='avia-image-overlay-wrap'><img decoding=\"async\" class='wp-image-12379 avia-img-lazy-loading-not-12379 avia_image' src=\"https:\/\/radiorevelacionfm.cl\/wp-content\/uploads\/2021\/12\/6-4-2-2.jpg\" alt='' title='6-4-2-2' height=\"600\" width=\"1255\"  itemprop=\"thumbnailUrl\" srcset=\"https:\/\/radiorevelacionfm.cl\/wp-content\/uploads\/2021\/12\/6-4-2-2.jpg 1255w, https:\/\/radiorevelacionfm.cl\/wp-content\/uploads\/2021\/12\/6-4-2-2-300x143.jpg 300w, https:\/\/radiorevelacionfm.cl\/wp-content\/uploads\/2021\/12\/6-4-2-2-1030x492.jpg 1030w, https:\/\/radiorevelacionfm.cl\/wp-content\/uploads\/2021\/12\/6-4-2-2-768x367.jpg 768w, https:\/\/radiorevelacionfm.cl\/wp-content\/uploads\/2021\/12\/6-4-2-2-705x337.jpg 705w, https:\/\/radiorevelacionfm.cl\/wp-content\/uploads\/2021\/12\/6-4-2-2-600x287.jpg 600w\" sizes=\"(max-width: 1255px) 100vw, 1255px\" \/><\/div><\/div><\/div><\/div><div class=\"flex_column av_one_full  flex_column_div av-zero-column-padding first  avia-builder-el-2  el_after_av_one_full  el_before_av_one_full  column-top-margin\" style='border-radius:0px; '><section class=\"av_textblock_section \"  itemscope=\"itemscope\" itemtype=\"https:\/\/schema.org\/BlogPosting\" itemprop=\"blogPost\" ><div class='avia_textblock  '   itemprop=\"text\" ><p style=\"text-align: center;\"><span style=\"font-size: 18pt;\"><strong>Participantes del Programa Mujeres Jefas de Hogar se certifican en capacitaci\u00f3n para fortalecer sus negocios<\/strong><\/span><\/p>\n<div id=\"gtx-trans\" style=\"position: absolute; left: -50px; top: 4.31534px;\">\n<div class=\"gtx-trans-icon\"><\/div>\n<\/div>\n<\/div><\/section><\/div><div class=\"flex_column av_one_full  flex_column_div av-zero-column-padding first  avia-builder-el-4  el_after_av_one_full  el_before_av_hr  column-top-margin\" style='border-radius:0px; '><section class=\"av_textblock_section \"  itemscope=\"itemscope\" itemtype=\"https:\/\/schema.org\/BlogPosting\" itemprop=\"blogPost\" ><div class='avia_textblock  '   itemprop=\"text\" ><p style=\"text-align: justify;\">Tras concluir la capacitaci\u00f3n virtual \u201cPlan de Fortalecimiento a las Iniciativas Productivas\u201d focalizada en las participantes con proyectos laborales de la l\u00ednea independiente del Programa Mujeres Jefas de Hogar, se llev\u00f3 a cabo la ceremonia de certificaci\u00f3n telem\u00e1tica. El modelo program\u00e1tico busca promover la autonom\u00eda econ\u00f3mica de las mujeres, se ejecuta en el territorio gracias a los convenios que a\u00f1o a a\u00f1o suscriben el Servicio Nacional de la Mujer y la Equidad de G\u00e9nero y la Municipalidad de Ays\u00e9n.<\/p>\n<p style=\"text-align: justify;\">La ejecuci\u00f3n de la capacitaci\u00f3n estuvo a cargo de la Fundaci\u00f3n Educacional MR que tuvo el apoyo del equipo ejecutor comunal y de la Direcci\u00f3n Regional de SernamEG, con un total de 12 horas de trabajo. Entre los principales objetivos de la iniciativa fue el de promover la adaptaci\u00f3n y mejoramiento de la gesti\u00f3n de los negocios de las participantes en el marco de la crisis sanitaria por el Covid- 19. Asimismo, se les prest\u00f3 asesor\u00eda y evaluaci\u00f3n en la formulaci\u00f3n de un plan de negocios que gu\u00ede la sustentabilidad de sus iniciativas productivas. De manera previa al inicio de la capacitaci\u00f3n, a cada participante se le hizo entrega de una tablet cargada con bolsas ilimitadas de datos y voz; elementos tecnol\u00f3gicos relevantes para apoyar la participaci\u00f3n y aprendizajes de las mujeres de manera remota.<\/p>\n<p style=\"text-align: justify;\">Junto con reconocer el esfuerzo de cada una de las mujeres que asistieron a la instancia de perfeccionamiento, la Directora Regional Subrogante de SernamEG, Carla Arriagada Malague\u00f1o, se refiri\u00f3 al trabajo conjunto desarrollado en el territorio. \u201cPor m\u00e1s de 20 a\u00f1os existe el Programa Mujeres Jefas de Hogar en la comuna de Ays\u00e9n, el que se ha dedicado a trabajar por el cambio cultural para que las mujeres sean reconocidas como jefas de hogar. Al inicio de los a\u00f1os 90\u2019 la jefatura del hogar estaba asociada principalmente a los hombres, pero este modelo program\u00e1tico ha ido posicionando la jefatura de hogar femenina como una realidad creciente; y en este caso, la Municipalidad de Ays\u00e9n ha sido un aliado estrat\u00e9gico. Queremos agradecer esta labor comprometida que se ha extendido durante dos d\u00e9cadas\u201d, puntualiz\u00f3.<\/p>\n<p style=\"text-align: justify;\">Por su parte, el Alcalde de Ays\u00e9n, Julio Uribe Alvarado, sostuvo que \u00absi bien la infraestructura o la pavimentaci\u00f3n son importantes, no tenemos que descuidar lo que significa estar atendiendo a cada una de las vecinas y vecinos en forma continua y personal. Este programa va hacia a lo que apuntamos, por lo tanto, quiero agradecer esta mirada que tiene el Servicio Nacional de la Mujer y la Equidad de G\u00e9nero que se est\u00e1 preocupando de lo que hoy d\u00eda esta pandemia ha provocado y mejorar las condiciones de vida de las jefas de hogar que es lo m\u00e1s relevante\u00bb.<\/p>\n<p style=\"text-align: justify;\">Durante la ceremonia de certificaci\u00f3n de la capacitaci\u00f3n virtual \u201cPlan de Fortalecimiento a las Iniciativas Productivas\u201d entreg\u00f3 su testimonio, Ruth Gam\u00edn Santana. \u201cQuisiera manifestar a todas y todos los presentes mi alegr\u00eda por haber estado en este Programa y haber concluido esta capacitaci\u00f3n en la cual aprend\u00ed valiosos conocimientos que permitieron finalizar con la construcci\u00f3n de un plan de negocios de mi emprendimiento\u201d, afirm\u00f3.<\/p>\n<p style=\"text-align: justify;\">\u00a0\u00a0En la comuna de Ays\u00e9n son 180 las mujeres que participan en el Programa Mujeres Jefas de Hogar cada a\u00f1o a nivel local, de ellas 90 vienen con su trayectoria del a\u00f1o anterior y las terminan este a\u00f1o, a las que se suman 90 nuevas participantes cohorte 2021 que culminar\u00e1n su Proyecto Laboral a mediados del 2022.\u00a0Las mujeres que ingresan en el a\u00f1o inician su participaci\u00f3n con los \u201cTalleres de Formaci\u00f3n para el Trabajo\u201d; ejecutados por el equipo comunal del programa, con asesor\u00eda t\u00e9cnica del SernamEG Regional. Luego se elaboran los proyectos laborales individuales, de las l\u00edneas de trabajo dependiente o independiente seg\u00fan sea la definici\u00f3n de cada persona; los que pueden incluir intermediaci\u00f3n y colocaci\u00f3n laboral, capacitaci\u00f3n en oficios, apoyo al emprendimiento; adem\u00e1s de componentes transversales para mejorar sus condiciones de empleabilidad, tales como: educaci\u00f3n parvularia para ni\u00f1as y ni\u00f1os a cargo de las usuarias, nivelaci\u00f3n de estudios, alfabetizaci\u00f3n digital y prestaciones de salud.<\/p>\n<p style=\"text-align: justify;\">A mediados del mes de enero del a\u00f1o 2022, se abrir\u00e1n las postulaciones del programa a nivel local, y las mujeres interesadas deber\u00edan informarse en la Oficina del Programa Mujeres Jefas de Hogar, que funciona en la DIDECO de la Municipalidad de Ays\u00e9n, ubicada en calle Teniente Merino N\u00b0630 Puerto Ays\u00e9n.<\/p>\n<\/div><\/section><\/div><div  style='height:50px' class='hr hr-invisible   avia-builder-el-6  el_after_av_one_full  el_before_av_social_share '><span class='hr-inner ' ><span class='hr-inner-style'><\/span><\/span><\/div><\/p>\n<div  class='av-social-sharing-box  avia-builder-el-7  el_after_av_hr  el_before_av_hr  '><div class='av-share-box'><h5 class='av-share-link-description av-no-toc '>Compartir esta noticia<\/h5><ul class='av-share-box-list noLightbox'><li class='av-share-link av-social-link-facebook' ><a target=\"_blank\" aria-label=\"Compartir en Facebook\" href='https:\/\/www.facebook.com\/sharer.php?u=https:\/\/radiorevelacionfm.cl\/?p=12378&#038;t=Participantes%20del%20Programa%20Mujeres%20Jefas%20de%20Hogar%20se%20certifican%20en%20capacitaci%C3%B3n%20para%20fortalecer%20sus%20negocios' aria-hidden='false' data-av_icon='\ue8f3' data-av_iconfont='entypo-fontello' title='' data-avia-related-tooltip='Compartir en Facebook' rel=\"noopener\"><span class='avia_hidden_link_text'>Compartir en Facebook<\/span><\/a><\/li><li class='av-share-link av-social-link-twitter' ><a target=\"_blank\" aria-label=\"Compartir en Twitter\" href='https:\/\/twitter.com\/share?text=Participantes%20del%20Programa%20Mujeres%20Jefas%20de%20Hogar%20se%20certifican%20en%20capacitaci%C3%B3n%20para%20fortalecer%20sus%20negocios&#038;url=https:\/\/radiorevelacionfm.cl\/?p=12378' aria-hidden='false' data-av_icon='\ue8f1' data-av_iconfont='entypo-fontello' title='' data-avia-related-tooltip='Compartir en Twitter' rel=\"noopener\"><span class='avia_hidden_link_text'>Compartir en Twitter<\/span><\/a><\/li><li class='av-share-link av-social-link-whatsapp' ><a target=\"_blank\" aria-label=\"Compartir en Whatsapp\" href='https:\/\/api.whatsapp.com\/send?text=https:\/\/radiorevelacionfm.cl\/?p=12378' aria-hidden='false' data-av_icon='\uf232' data-av_iconfont='entypo-fontello' title='' data-avia-related-tooltip='Compartir en Whatsapp' rel=\"noopener\"><span class='avia_hidden_link_text'>Compartir en Whatsapp<\/span><\/a><\/li><li class='av-share-link av-social-link-linkedin' ><a target=\"_blank\" aria-label=\"Compartir en LinkedIn\" href='https:\/\/linkedin.com\/shareArticle?mini=true&#038;title=Participantes%20del%20Programa%20Mujeres%20Jefas%20de%20Hogar%20se%20certifican%20en%20capacitaci%C3%B3n%20para%20fortalecer%20sus%20negocios&#038;url=https:\/\/radiorevelacionfm.cl\/?p=12378' aria-hidden='false' data-av_icon='\ue8fc' data-av_iconfont='entypo-fontello' title='' data-avia-related-tooltip='Compartir en LinkedIn' rel=\"noopener\"><span class='avia_hidden_link_text'>Compartir en LinkedIn<\/span><\/a><\/li><li class='av-share-link av-social-link-mail' ><a  aria-label=\"Compartir por correo\" href='mailto:?subject=Participantes%20del%20Programa%20Mujeres%20Jefas%20de%20Hogar%20se%20certifican%20en%20capacitaci%C3%B3n%20para%20fortalecer%20sus%20negocios&#038;body=https:\/\/radiorevelacionfm.cl\/?p=12378' aria-hidden='false' data-av_icon='\ue805' data-av_iconfont='entypo-fontello' title='' data-avia-related-tooltip='Compartir por correo'><span class='avia_hidden_link_text'>Compartir por correo<\/span><\/a><\/li><\/ul><\/div><\/div>\n<div  style='height:50px' class='hr hr-invisible   avia-builder-el-8  el_after_av_social_share  el_before_av_comments_list '><span class='hr-inner ' ><span class='hr-inner-style'><\/span><\/span><\/div>\n<div  class='av-buildercomment  av-blog-meta-html-info-disabled av-blog-meta-tag-disabled  '><\/div>\n","protected":false},"excerpt":{"rendered":"","protected":false},"author":1,"featured_media":12379,"comment_status":"open","ping_status":"open","sticky":false,"template":"","format":"standard","meta":{"footnotes":""},"categories":[38],"tags":[],"class_list":["post-12378","post","type-post","status-publish","format-standard","has-post-thumbnail","hentry","category-regional"],"jetpack_featured_media_url":"https:\/\/radiorevelacionfm.cl\/wp-content\/uploads\/2021\/12\/6-4-2-2.jpg","_links":{"self":[{"href":"https:\/\/radiorevelacionfm.cl\/index.php?rest_route=\/wp\/v2\/posts\/12378","targetHints":{"allow":["GET"]}}],"collection":[{"href":"https:\/\/radiorevelacionfm.cl\/index.php?rest_route=\/wp\/v2\/posts"}],"about":[{"href":"https:\/\/radiorevelacionfm.cl\/index.php?rest_route=\/wp\/v2\/types\/post"}],"author":[{"embeddable":true,"href":"https:\/\/radiorevelacionfm.cl\/index.php?rest_route=\/wp\/v2\/users\/1"}],"replies":[{"embeddable":true,"href":"https:\/\/radiorevelacionfm.cl\/index.php?rest_route=%2Fwp%2Fv2%2Fcomments&post=12378"}],"version-history":[{"count":2,"href":"https:\/\/radiorevelacionfm.cl\/index.php?rest_route=\/wp\/v2\/posts\/12378\/revisions"}],"predecessor-version":[{"id":12381,"href":"https:\/\/radiorevelacionfm.cl\/index.php?rest_route=\/wp\/v2\/posts\/12378\/revisions\/12381"}],"wp:featuredmedia":[{"embeddable":true,"href":"https:\/\/radiorevelacionfm.cl\/index.php?rest_route=\/wp\/v2\/media\/12379"}],"wp:attachment":[{"href":"https:\/\/radiorevelacionfm.cl\/index.php?rest_route=%2Fwp%2Fv2%2Fmedia&parent=12378"}],"wp:term":[{"taxonomy":"category","embeddable":true,"href":"https:\/\/radiorevelacionfm.cl\/index.php?rest_route=%2Fwp%2Fv2%2Fcategories&post=12378"},{"taxonomy":"post_tag","embeddable":true,"href":"https:\/\/radiorevelacionfm.cl\/index.php?rest_route=%2Fwp%2Fv2%2Ftags&post=12378"}],"curies":[{"name":"wp","href":"https:\/\/api.w.org\/{rel}","templated":true}]}}