{"id":12366,"date":"2021-12-29T18:34:46","date_gmt":"2021-12-29T21:34:46","guid":{"rendered":"https:\/\/radiorevelacionfm.cl\/?p=12366"},"modified":"2021-12-29T18:34:46","modified_gmt":"2021-12-29T21:34:46","slug":"senadora-ordenes-valora-trabajo-con-dirigentes-municipio-y-la-armada-con-miras-concretar-balneario-para-chacabuco","status":"publish","type":"post","link":"https:\/\/radiorevelacionfm.cl\/?p=12366","title":{"rendered":"Senadora \u00d3rdenes valora trabajo con dirigentes, Municipio y la Armada con miras concretar balneario para Chacabuco"},"content":{"rendered":"<div class=\"flex_column av_one_full  flex_column_div av-zero-column-padding first  avia-builder-el-0  el_before_av_one_full  avia-builder-el-first  \" style='border-radius:0px; '><div  class='avia-image-container  av-styling-    avia-builder-el-1  avia-builder-el-no-sibling  avia-align-center '  itemprop=\"image\" itemscope=\"itemscope\" itemtype=\"https:\/\/schema.org\/ImageObject\"  ><div class='avia-image-container-inner'><div class='avia-image-overlay-wrap'><img decoding=\"async\" class='wp-image-12367 avia-img-lazy-loading-not-12367 avia_image' src=\"https:\/\/radiorevelacionfm.cl\/wp-content\/uploads\/2021\/12\/REUNION-BALNEARIO-1-2-2.jpeg\" alt='' title='REUNION BALNEARIO 1-2-2' height=\"600\" width=\"800\"  itemprop=\"thumbnailUrl\" srcset=\"https:\/\/radiorevelacionfm.cl\/wp-content\/uploads\/2021\/12\/REUNION-BALNEARIO-1-2-2.jpeg 800w, https:\/\/radiorevelacionfm.cl\/wp-content\/uploads\/2021\/12\/REUNION-BALNEARIO-1-2-2-300x225.jpeg 300w, https:\/\/radiorevelacionfm.cl\/wp-content\/uploads\/2021\/12\/REUNION-BALNEARIO-1-2-2-768x576.jpeg 768w, https:\/\/radiorevelacionfm.cl\/wp-content\/uploads\/2021\/12\/REUNION-BALNEARIO-1-2-2-705x529.jpeg 705w, https:\/\/radiorevelacionfm.cl\/wp-content\/uploads\/2021\/12\/REUNION-BALNEARIO-1-2-2-600x450.jpeg 600w\" sizes=\"(max-width: 800px) 100vw, 800px\" \/><\/div><\/div><\/div><\/div><div class=\"flex_column av_one_full  flex_column_div av-zero-column-padding first  avia-builder-el-2  el_after_av_one_full  el_before_av_one_full  column-top-margin\" style='border-radius:0px; '><section class=\"av_textblock_section \"  itemscope=\"itemscope\" itemtype=\"https:\/\/schema.org\/BlogPosting\" itemprop=\"blogPost\" ><div class='avia_textblock  '   itemprop=\"text\" ><p style=\"text-align: center;\"><strong><span style=\"font-size: 18pt;\">Senadora \u00d3rdenes valora trabajo con dirigentes, Municipio y la Armada con miras concretar balneario para Chacabuco<\/span><\/strong><\/p>\n<div id=\"gtx-trans\" style=\"position: absolute; left: -50px; top: 4.31534px;\">\n<div class=\"gtx-trans-icon\"><\/div>\n<\/div>\n<\/div><\/section><\/div><div class=\"flex_column av_one_full  flex_column_div av-zero-column-padding first  avia-builder-el-4  el_after_av_one_full  el_before_av_hr  column-top-margin\" style='border-radius:0px; '><section class=\"av_textblock_section \"  itemscope=\"itemscope\" itemtype=\"https:\/\/schema.org\/BlogPosting\" itemprop=\"blogPost\" ><div class='avia_textblock  '   itemprop=\"text\" ><p style=\"text-align: justify;\">La Patagonia de nuestro pa\u00eds y particularmente la regi\u00f3n de Ays\u00e9n posee un sin n\u00famero de atractivos y lugares que hacen del territorio un lugar \u00fanico en el mundo. Cada ciudad y localidad cuenta con m\u00e1s de alg\u00fan punto de inter\u00e9s tur\u00edstico, que obviamente disfrutan permanentemente sus propios habitantes.<\/p>\n<p style=\"text-align: justify;\">El principal puerto de nuestra regi\u00f3n, Puerto Chacabuco, ya en su bah\u00eda genera un enorme atractivo, pero la comunidad cree que se merecen y necesitan un espacio donde disfrutar del buen clima, el verano y los momentos en familia, sin necesidad de viajar o tener que contar con un veh\u00edculo para disfrutar al agua que nos rodea.<\/p>\n<p style=\"text-align: justify;\">La playa \u201clas Grutas\u201d, surge hace muchos a\u00f1os con una alternativa local para capear el calor y disfrutar como muchos lo hacen hoy en d\u00eda en Bah\u00eda Acantilada o Lago Riesco. Es as\u00ed que, a petici\u00f3n de dirigentes vecinales de Chacabuco, la Senadora Ximena Ordenes, inici\u00f3 las gestiones para llevar a cabo una reuni\u00f3n con la Armada, el Municipio y los representantes de la comunidad.<\/p>\n<p style=\"text-align: justify;\">\u201cEste es un esfuerzo colectivo para dotar y habilitar la playa las Grutas como balneario, me parece que es una iniciativa interesante y que ha colocado en la agenda p\u00fablica la propia comunidad de Chacabuco. As\u00ed es que, yo solo agradecer a los dirigentes, a la se\u00f1ora Marina Carim\u00e1n, a Sigifredo S\u00e1nchez, en conjunto con la Municipalidad y con el apoyo de la Gobernaci\u00f3n Mar\u00edtima de Ays\u00e9n, vamos a hacer una visita en terreno para ver cu\u00e1les son los requerimientos. La idea es que, de ac\u00e1 a un plazo menor a un a\u00f1o, iniciar las actividades que se requieren para poder habilitar la playa las Grutas, como el balneario de Puerto Chacabuco\u201d.<\/p>\n<p style=\"text-align: justify;\">En tanto, el Director de Seguridad P\u00fablica de la Municipalidad de Ays\u00e9n, Marcos Co\u00f1uecar, puso en valor este trabajo coordinado entre autoridades y dirigentes, tendientes a recuperar m\u00e1s espacios en bien de la comunidad.<\/p>\n<p style=\"text-align: justify;\">\u201cEstamos muy contentos, nos reunimos con el Gobernador Mar\u00edtimo don Felipe Zambrano, junto a la Senadora Ximena Ordenes, dirigentes vecinales de Puerto Chacabuco. El desaf\u00edo es poder habilitar un espacio para poder dar tranquilidad, un espacio para la comunidad, as\u00ed es que, agradecidos de do\u00f1a Marina, de don Sigifredo y de la Senadora que nos acompa\u00f1\u00f3 y es parte de este desaf\u00edo de habilitar playa las Grutas para nuestra gente. Seguimos trabajando por nuestra comunidad y con la idea de abrir nuevos espacios\u201d.<\/p>\n<p style=\"text-align: justify;\">Marina Carim\u00e1n, presidenta de la junta de vecinos \u201clos Pioneros\u201d de Puerto Chacabuco, se mostr\u00f3 contenta de que este importante tema siga avanzando de la mano de autoridades como la Senadora Ordenes, el Gobernador Mar\u00edtimo y el Director de Seguridad Publica.<\/p>\n<p style=\"text-align: justify;\">\u201cLa reuni\u00f3n hoy d\u00eda fue muy gratificante, porque necesitamos que esa playa este m\u00e1s accesible a la comunidad, a toda la gente que no tiene locomoci\u00f3n como para ir a Bah\u00eda Acantilada o Lago Riesco. As\u00ed es que, es una buena oportunidad y es la mejor cu\u00f1a, la mejor arma, que est\u00e9n nuestras autoridades con nosotros para que salga lo m\u00e1s pronto posible, nuestro sue\u00f1o se haga realidad. En ese sentido, que mejor que este la Senadora y el propio Gobernador Mar\u00edtimo, porque s\u00e9 que vamos a tener el apoyo por parte de la Municipalidad\u201d.<\/p>\n<p style=\"text-align: justify;\">La Senadora Ximena Ordenes, recalc\u00f3 su compromiso con los vecinos y vecinas de Puerto Chacabuco, con la finalidad de avanzar y en el m\u00e1s breve plazo concretar el acceso y la habilitaci\u00f3n de la playa \u201clas Grutas\u201d.<\/p>\n<\/div><\/section><\/div><div  style='height:50px' class='hr hr-invisible   avia-builder-el-6  el_after_av_one_full  el_before_av_social_share '><span class='hr-inner ' ><span class='hr-inner-style'><\/span><\/span><\/div><\/p>\n<div  class='av-social-sharing-box  avia-builder-el-7  el_after_av_hr  el_before_av_hr  '><div class='av-share-box'><h5 class='av-share-link-description av-no-toc '>Compartir esta noticia<\/h5><ul class='av-share-box-list noLightbox'><li class='av-share-link av-social-link-facebook' ><a target=\"_blank\" aria-label=\"Compartir en Facebook\" href='https:\/\/www.facebook.com\/sharer.php?u=https:\/\/radiorevelacionfm.cl\/?p=12366&#038;t=Senadora%20%C3%93rdenes%20valora%20trabajo%20con%20dirigentes%2C%20Municipio%20y%20la%20Armada%20con%20miras%20concretar%20balneario%20para%20Chacabuco' aria-hidden='false' data-av_icon='\ue8f3' data-av_iconfont='entypo-fontello' title='' data-avia-related-tooltip='Compartir en Facebook' rel=\"noopener\"><span class='avia_hidden_link_text'>Compartir en Facebook<\/span><\/a><\/li><li class='av-share-link av-social-link-twitter' ><a target=\"_blank\" aria-label=\"Compartir en Twitter\" href='https:\/\/twitter.com\/share?text=Senadora%20%C3%93rdenes%20valora%20trabajo%20con%20dirigentes%2C%20Municipio%20y%20la%20Armada%20con%20miras%20concretar%20balneario%20para%20Chacabuco&#038;url=https:\/\/radiorevelacionfm.cl\/?p=12366' aria-hidden='false' data-av_icon='\ue8f1' data-av_iconfont='entypo-fontello' title='' data-avia-related-tooltip='Compartir en Twitter' rel=\"noopener\"><span class='avia_hidden_link_text'>Compartir en Twitter<\/span><\/a><\/li><li class='av-share-link av-social-link-whatsapp' ><a target=\"_blank\" aria-label=\"Compartir en Whatsapp\" href='https:\/\/api.whatsapp.com\/send?text=https:\/\/radiorevelacionfm.cl\/?p=12366' aria-hidden='false' data-av_icon='\uf232' data-av_iconfont='entypo-fontello' title='' data-avia-related-tooltip='Compartir en Whatsapp' rel=\"noopener\"><span class='avia_hidden_link_text'>Compartir en Whatsapp<\/span><\/a><\/li><li class='av-share-link av-social-link-linkedin' ><a target=\"_blank\" aria-label=\"Compartir en LinkedIn\" href='https:\/\/linkedin.com\/shareArticle?mini=true&#038;title=Senadora%20%C3%93rdenes%20valora%20trabajo%20con%20dirigentes%2C%20Municipio%20y%20la%20Armada%20con%20miras%20concretar%20balneario%20para%20Chacabuco&#038;url=https:\/\/radiorevelacionfm.cl\/?p=12366' aria-hidden='false' data-av_icon='\ue8fc' data-av_iconfont='entypo-fontello' title='' data-avia-related-tooltip='Compartir en LinkedIn' rel=\"noopener\"><span class='avia_hidden_link_text'>Compartir en LinkedIn<\/span><\/a><\/li><li class='av-share-link av-social-link-mail' ><a  aria-label=\"Compartir por correo\" href='mailto:?subject=Senadora%20%C3%93rdenes%20valora%20trabajo%20con%20dirigentes%2C%20Municipio%20y%20la%20Armada%20con%20miras%20concretar%20balneario%20para%20Chacabuco&#038;body=https:\/\/radiorevelacionfm.cl\/?p=12366' aria-hidden='false' data-av_icon='\ue805' data-av_iconfont='entypo-fontello' title='' data-avia-related-tooltip='Compartir por correo'><span class='avia_hidden_link_text'>Compartir por correo<\/span><\/a><\/li><\/ul><\/div><\/div>\n<div  style='height:50px' class='hr hr-invisible   avia-builder-el-8  el_after_av_social_share  el_before_av_comments_list '><span class='hr-inner ' ><span class='hr-inner-style'><\/span><\/span><\/div>\n<div  class='av-buildercomment  av-blog-meta-html-info-disabled av-blog-meta-tag-disabled  '><\/div>\n","protected":false},"excerpt":{"rendered":"","protected":false},"author":1,"featured_media":12367,"comment_status":"open","ping_status":"open","sticky":false,"template":"","format":"standard","meta":{"footnotes":""},"categories":[38],"tags":[],"class_list":["post-12366","post","type-post","status-publish","format-standard","has-post-thumbnail","hentry","category-regional"],"jetpack_featured_media_url":"https:\/\/radiorevelacionfm.cl\/wp-content\/uploads\/2021\/12\/REUNION-BALNEARIO-1-2-2.jpeg","_links":{"self":[{"href":"https:\/\/radiorevelacionfm.cl\/index.php?rest_route=\/wp\/v2\/posts\/12366","targetHints":{"allow":["GET"]}}],"collection":[{"href":"https:\/\/radiorevelacionfm.cl\/index.php?rest_route=\/wp\/v2\/posts"}],"about":[{"href":"https:\/\/radiorevelacionfm.cl\/index.php?rest_route=\/wp\/v2\/types\/post"}],"author":[{"embeddable":true,"href":"https:\/\/radiorevelacionfm.cl\/index.php?rest_route=\/wp\/v2\/users\/1"}],"replies":[{"embeddable":true,"href":"https:\/\/radiorevelacionfm.cl\/index.php?rest_route=%2Fwp%2Fv2%2Fcomments&post=12366"}],"version-history":[{"count":2,"href":"https:\/\/radiorevelacionfm.cl\/index.php?rest_route=\/wp\/v2\/posts\/12366\/revisions"}],"predecessor-version":[{"id":12369,"href":"https:\/\/radiorevelacionfm.cl\/index.php?rest_route=\/wp\/v2\/posts\/12366\/revisions\/12369"}],"wp:featuredmedia":[{"embeddable":true,"href":"https:\/\/radiorevelacionfm.cl\/index.php?rest_route=\/wp\/v2\/media\/12367"}],"wp:attachment":[{"href":"https:\/\/radiorevelacionfm.cl\/index.php?rest_route=%2Fwp%2Fv2%2Fmedia&parent=12366"}],"wp:term":[{"taxonomy":"category","embeddable":true,"href":"https:\/\/radiorevelacionfm.cl\/index.php?rest_route=%2Fwp%2Fv2%2Fcategories&post=12366"},{"taxonomy":"post_tag","embeddable":true,"href":"https:\/\/radiorevelacionfm.cl\/index.php?rest_route=%2Fwp%2Fv2%2Ftags&post=12366"}],"curies":[{"name":"wp","href":"https:\/\/api.w.org\/{rel}","templated":true}]}}