{"id":12362,"date":"2021-12-29T18:25:25","date_gmt":"2021-12-29T21:25:25","guid":{"rendered":"https:\/\/radiorevelacionfm.cl\/?p=12362"},"modified":"2021-12-29T18:25:25","modified_gmt":"2021-12-29T21:25:25","slug":"municipio-de-aysen-fortalece-sus-procesos-obteniendo-importante-certificacion-del-ministerio-de-medio-ambiente","status":"publish","type":"post","link":"https:\/\/radiorevelacionfm.cl\/?p=12362","title":{"rendered":"Municipio de Ays\u00e9n fortalece sus procesos obteniendo importante certificaci\u00f3n del Ministerio de Medio Ambiente"},"content":{"rendered":"<div class=\"flex_column av_one_full  flex_column_div av-zero-column-padding first  avia-builder-el-0  el_before_av_one_full  avia-builder-el-first  \" style='border-radius:0px; '><div  class='avia-image-container  av-styling-    avia-builder-el-1  avia-builder-el-no-sibling  avia-align-center '  itemprop=\"image\" itemscope=\"itemscope\" itemtype=\"https:\/\/schema.org\/ImageObject\"  ><div class='avia-image-container-inner'><div class='avia-image-overlay-wrap'><img decoding=\"async\" class='wp-image-12363 avia-img-lazy-loading-not-12363 avia_image' src=\"https:\/\/radiorevelacionfm.cl\/wp-content\/uploads\/2021\/12\/scam-certifica3-2-2.jpg\" alt='' title='scam-certifica3-2-2' height=\"600\" width=\"900\"  itemprop=\"thumbnailUrl\" srcset=\"https:\/\/radiorevelacionfm.cl\/wp-content\/uploads\/2021\/12\/scam-certifica3-2-2.jpg 900w, https:\/\/radiorevelacionfm.cl\/wp-content\/uploads\/2021\/12\/scam-certifica3-2-2-300x200.jpg 300w, https:\/\/radiorevelacionfm.cl\/wp-content\/uploads\/2021\/12\/scam-certifica3-2-2-768x512.jpg 768w, https:\/\/radiorevelacionfm.cl\/wp-content\/uploads\/2021\/12\/scam-certifica3-2-2-705x470.jpg 705w, https:\/\/radiorevelacionfm.cl\/wp-content\/uploads\/2021\/12\/scam-certifica3-2-2-600x400.jpg 600w\" sizes=\"(max-width: 900px) 100vw, 900px\" \/><\/div><\/div><\/div><\/div><div class=\"flex_column av_one_full  flex_column_div av-zero-column-padding first  avia-builder-el-2  el_after_av_one_full  el_before_av_one_full  column-top-margin\" style='border-radius:0px; '><section class=\"av_textblock_section \"  itemscope=\"itemscope\" itemtype=\"https:\/\/schema.org\/BlogPosting\" itemprop=\"blogPost\" ><div class='avia_textblock  '   itemprop=\"text\" ><p style=\"text-align: center;\"><strong><span style=\"font-size: 18pt;\">Municipio de Ays\u00e9n fortalece sus procesos obteniendo importante certificaci\u00f3n del Ministerio de Medio Ambiente<\/span><\/strong><\/p>\n<div id=\"gtx-trans\" style=\"position: absolute; left: -50px; top: 4.31534px;\">\n<div class=\"gtx-trans-icon\"><\/div>\n<\/div>\n<\/div><\/section><\/div><div class=\"flex_column av_one_full  flex_column_div av-zero-column-padding first  avia-builder-el-4  el_after_av_one_full  el_before_av_hr  column-top-margin\" style='border-radius:0px; '><section class=\"av_textblock_section \"  itemscope=\"itemscope\" itemtype=\"https:\/\/schema.org\/BlogPosting\" itemprop=\"blogPost\" ><div class='avia_textblock  '   itemprop=\"text\" ><p style=\"text-align: justify;\">Tras un arduo trabajo que incluy\u00f3 rondas con distintos actores sociales y la creaci\u00f3n del Comit\u00e9 Ambiental Comunal (CAC). El municipio de Ays\u00e9n, representado por la Unidad de Medio Ambiente y el alcalde de la comuna, Julio Uribe Alvarado, recibieron en manos de la Secretaria Regional Ministerial de Medio Ambiente, M\u00f3nica Sald\u00edas de la Guarda, el documento que acredita a la Casa Edilicia como parte del Sistema de Certificaci\u00f3n Ambiental Municipal (SCAM) en su nivel b\u00e1sico. El planteamiento entre las autoridades fue continuar desarrollando acciones para avanzar a los niveles de Excelencia en esta materia.<\/p>\n<p style=\"text-align: justify;\">En este sentido, el l\u00edder del municipio aysenino, Julio Uribe Alvarado, destac\u00f3 que \u201cpara esta administraci\u00f3n es principal abordar el tema del Medio Ambiente. Hoy estamos logrando una certificaci\u00f3n b\u00e1sica y la idea es seguir avanzando en nuevos procesos para obtener un nivel avanzado, esto conlleva compromisos por parte del municipio que se deben ir abordando entre los que se encuentra uno muy importante y que la comunidad pregunta mucho, que tiene relaci\u00f3n con la Tenencia Responsable de Mascotas, por lo tanto, nosotros estamos enfocados en poder desarrollarnos en estos \u00e1mbitos y adem\u00e1s ser un control a lo que ocurre con las empresas que hoy est\u00e1n en nuestra zona y que provocan contaminaci\u00f3n\u201d.<\/p>\n<p style=\"text-align: justify;\">Asimismo, Uribe Alvarado, agreg\u00f3 que desde el municipio trabajaran en diversas materias para mejorar las condiciones ambientales que presenta la comuna en todas las localidades, haciendo hincapi\u00e9 en el aumento que ha presentado los microbasurales en las zonas periurbanas. Agradeciendo adem\u00e1s el apoyo y compa\u00f1\u00eda del equipo de trabajo de la Seremi de Medio Ambiente para esta materia.<\/p>\n<p style=\"text-align: justify;\">Al respecto, M\u00f3nica Sald\u00edas de la Guarda, Seremi de Medio Ambiente en la regi\u00f3n de Ays\u00e9n, enfatiz\u00f3 en la importancia de este hito \u201cnosotros como Seremi agradecemos la disponibilidad que ha tenido el alcalde para continuar este trabajo que est\u00e1bamos llevando en todo lo que es la Certificaci\u00f3n Ambiental, ya que es todo un trabajo que se realiza con la comunidad porque implica la corresponsabilidad y en eso el alcalde est\u00e1 disponible para estar trabajando en la gesti\u00f3n de residuos, la tenencia responsable de mascota y tambi\u00e9n resaltar lo que es el patrimonio cultural y natural que tenemos en la comuna de Ays\u00e9n\u201d.<\/p>\n<p style=\"text-align: justify;\">Con ello, la personera de gobierno agradeci\u00f3 y valor\u00f3 el hito municipal obtenido en el nivel b\u00e1sico por lo que manifest\u00f3 su intenci\u00f3n de continuar el trabajo colaborativo para dotar de mayores herramientas, a trav\u00e9s de recursos, la labor que busca potenciar la Ilustre Municipalidad de Ays\u00e9n.<\/p>\n<p style=\"text-align: justify;\">Por su parte, la coordinadora del SCAM en el municipio aysenino, Yessica Robles, abord\u00f3 que \u201cel municipio ya entr\u00f3 a un sistema integral y voluntario donde se enmarca como un ente modelo para la comunidad. Desde hoy se cierra este nivel b\u00e1sico y el alcalde con esta nueva administraci\u00f3n est\u00e1 dispuesto y tiene inter\u00e9s en avanzar de grado, lo que se comunicar\u00e1 al Ministerio a trav\u00e9s de las v\u00edas formales para comenzar en enero, poniendo en pr\u00e1ctica todo lo que ya se ha trabajado en esta etapa. Actualmente la comunidad ya se encuentra trabajando de distintas maneras con respecto al medio ambiente y tambi\u00e9n el municipio donde estas actividades, a trav\u00e9s del SCAM, es potenciarla y expandirla a otras localidades\u201d.<\/p>\n<p style=\"text-align: justify;\">Cabe destacar que el SCAM se encuentra operativo en todas las regiones del pa\u00eds y posee normas de homologaci\u00f3n seg\u00fan est\u00e1ndares internacionales como ISO 14.001 y EMAS (Reglamento Comunitario de Ecogesti\u00f3n y Ecoauditor\u00eda).<\/p>\n<\/div><\/section><\/div><div  style='height:50px' class='hr hr-invisible   avia-builder-el-6  el_after_av_one_full  el_before_av_social_share '><span class='hr-inner ' ><span class='hr-inner-style'><\/span><\/span><\/div><\/p>\n<div  class='av-social-sharing-box  avia-builder-el-7  el_after_av_hr  el_before_av_hr  '><div class='av-share-box'><h5 class='av-share-link-description av-no-toc '>Compartir esta noticia<\/h5><ul class='av-share-box-list noLightbox'><li class='av-share-link av-social-link-facebook' ><a target=\"_blank\" aria-label=\"Compartir en Facebook\" href='https:\/\/www.facebook.com\/sharer.php?u=https:\/\/radiorevelacionfm.cl\/?p=12362&#038;t=Municipio%20de%20Ays%C3%A9n%20fortalece%20sus%20procesos%20obteniendo%20importante%20certificaci%C3%B3n%20del%20Ministerio%20de%20Medio%20Ambiente' aria-hidden='false' data-av_icon='\ue8f3' data-av_iconfont='entypo-fontello' title='' data-avia-related-tooltip='Compartir en Facebook' rel=\"noopener\"><span class='avia_hidden_link_text'>Compartir en Facebook<\/span><\/a><\/li><li class='av-share-link av-social-link-twitter' ><a target=\"_blank\" aria-label=\"Compartir en Twitter\" href='https:\/\/twitter.com\/share?text=Municipio%20de%20Ays%C3%A9n%20fortalece%20sus%20procesos%20obteniendo%20importante%20certificaci%C3%B3n%20del%20Ministerio%20de%20Medio%20Ambiente&#038;url=https:\/\/radiorevelacionfm.cl\/?p=12362' aria-hidden='false' data-av_icon='\ue8f1' data-av_iconfont='entypo-fontello' title='' data-avia-related-tooltip='Compartir en Twitter' rel=\"noopener\"><span class='avia_hidden_link_text'>Compartir en Twitter<\/span><\/a><\/li><li class='av-share-link av-social-link-whatsapp' ><a target=\"_blank\" aria-label=\"Compartir en Whatsapp\" href='https:\/\/api.whatsapp.com\/send?text=https:\/\/radiorevelacionfm.cl\/?p=12362' aria-hidden='false' data-av_icon='\uf232' data-av_iconfont='entypo-fontello' title='' data-avia-related-tooltip='Compartir en Whatsapp' rel=\"noopener\"><span class='avia_hidden_link_text'>Compartir en Whatsapp<\/span><\/a><\/li><li class='av-share-link av-social-link-linkedin' ><a target=\"_blank\" aria-label=\"Compartir en LinkedIn\" href='https:\/\/linkedin.com\/shareArticle?mini=true&#038;title=Municipio%20de%20Ays%C3%A9n%20fortalece%20sus%20procesos%20obteniendo%20importante%20certificaci%C3%B3n%20del%20Ministerio%20de%20Medio%20Ambiente&#038;url=https:\/\/radiorevelacionfm.cl\/?p=12362' aria-hidden='false' data-av_icon='\ue8fc' data-av_iconfont='entypo-fontello' title='' data-avia-related-tooltip='Compartir en LinkedIn' rel=\"noopener\"><span class='avia_hidden_link_text'>Compartir en LinkedIn<\/span><\/a><\/li><li class='av-share-link av-social-link-mail' ><a  aria-label=\"Compartir por correo\" href='mailto:?subject=Municipio%20de%20Ays%C3%A9n%20fortalece%20sus%20procesos%20obteniendo%20importante%20certificaci%C3%B3n%20del%20Ministerio%20de%20Medio%20Ambiente&#038;body=https:\/\/radiorevelacionfm.cl\/?p=12362' aria-hidden='false' data-av_icon='\ue805' data-av_iconfont='entypo-fontello' title='' data-avia-related-tooltip='Compartir por correo'><span class='avia_hidden_link_text'>Compartir por correo<\/span><\/a><\/li><\/ul><\/div><\/div>\n<div  style='height:50px' class='hr hr-invisible   avia-builder-el-8  el_after_av_social_share  el_before_av_comments_list '><span class='hr-inner ' ><span class='hr-inner-style'><\/span><\/span><\/div>\n<div  class='av-buildercomment  av-blog-meta-html-info-disabled av-blog-meta-tag-disabled  '><\/div>\n","protected":false},"excerpt":{"rendered":"","protected":false},"author":1,"featured_media":12363,"comment_status":"open","ping_status":"open","sticky":false,"template":"","format":"standard","meta":{"footnotes":""},"categories":[38],"tags":[],"class_list":["post-12362","post","type-post","status-publish","format-standard","has-post-thumbnail","hentry","category-regional"],"jetpack_featured_media_url":"https:\/\/radiorevelacionfm.cl\/wp-content\/uploads\/2021\/12\/scam-certifica3-2-2.jpg","_links":{"self":[{"href":"https:\/\/radiorevelacionfm.cl\/index.php?rest_route=\/wp\/v2\/posts\/12362","targetHints":{"allow":["GET"]}}],"collection":[{"href":"https:\/\/radiorevelacionfm.cl\/index.php?rest_route=\/wp\/v2\/posts"}],"about":[{"href":"https:\/\/radiorevelacionfm.cl\/index.php?rest_route=\/wp\/v2\/types\/post"}],"author":[{"embeddable":true,"href":"https:\/\/radiorevelacionfm.cl\/index.php?rest_route=\/wp\/v2\/users\/1"}],"replies":[{"embeddable":true,"href":"https:\/\/radiorevelacionfm.cl\/index.php?rest_route=%2Fwp%2Fv2%2Fcomments&post=12362"}],"version-history":[{"count":2,"href":"https:\/\/radiorevelacionfm.cl\/index.php?rest_route=\/wp\/v2\/posts\/12362\/revisions"}],"predecessor-version":[{"id":12365,"href":"https:\/\/radiorevelacionfm.cl\/index.php?rest_route=\/wp\/v2\/posts\/12362\/revisions\/12365"}],"wp:featuredmedia":[{"embeddable":true,"href":"https:\/\/radiorevelacionfm.cl\/index.php?rest_route=\/wp\/v2\/media\/12363"}],"wp:attachment":[{"href":"https:\/\/radiorevelacionfm.cl\/index.php?rest_route=%2Fwp%2Fv2%2Fmedia&parent=12362"}],"wp:term":[{"taxonomy":"category","embeddable":true,"href":"https:\/\/radiorevelacionfm.cl\/index.php?rest_route=%2Fwp%2Fv2%2Fcategories&post=12362"},{"taxonomy":"post_tag","embeddable":true,"href":"https:\/\/radiorevelacionfm.cl\/index.php?rest_route=%2Fwp%2Fv2%2Ftags&post=12362"}],"curies":[{"name":"wp","href":"https:\/\/api.w.org\/{rel}","templated":true}]}}