{"id":12358,"date":"2021-12-29T15:02:01","date_gmt":"2021-12-29T18:02:01","guid":{"rendered":"https:\/\/radiorevelacionfm.cl\/?p=12358"},"modified":"2021-12-29T15:02:01","modified_gmt":"2021-12-29T18:02:01","slug":"lanzan-libros-con-publicaciones-sobre-biodiversidad-de-la-region-de-aysen","status":"publish","type":"post","link":"https:\/\/radiorevelacionfm.cl\/?p=12358","title":{"rendered":"Lanzan libros con publicaciones sobre Biodiversidad de la regi\u00f3n de Ays\u00e9n"},"content":{"rendered":"<div class=\"flex_column av_one_full  flex_column_div av-zero-column-padding first  avia-builder-el-0  el_before_av_one_full  avia-builder-el-first  \" style='border-radius:0px; '><div  class='avia-image-container  av-styling-    avia-builder-el-1  avia-builder-el-no-sibling  avia-align-center '  itemprop=\"image\" itemscope=\"itemscope\" itemtype=\"https:\/\/schema.org\/ImageObject\"  ><div class='avia-image-container-inner'><div class='avia-image-overlay-wrap'><img decoding=\"async\" class='wp-image-12359 avia-img-lazy-loading-not-12359 avia_image' src=\"https:\/\/radiorevelacionfm.cl\/wp-content\/uploads\/2021\/12\/image-14-2.jpg\" alt='' title='image-14-2' height=\"600\" width=\"1025\"  itemprop=\"thumbnailUrl\" srcset=\"https:\/\/radiorevelacionfm.cl\/wp-content\/uploads\/2021\/12\/image-14-2.jpg 1025w, https:\/\/radiorevelacionfm.cl\/wp-content\/uploads\/2021\/12\/image-14-2-300x176.jpg 300w, https:\/\/radiorevelacionfm.cl\/wp-content\/uploads\/2021\/12\/image-14-2-768x450.jpg 768w, https:\/\/radiorevelacionfm.cl\/wp-content\/uploads\/2021\/12\/image-14-2-705x413.jpg 705w, https:\/\/radiorevelacionfm.cl\/wp-content\/uploads\/2021\/12\/image-14-2-600x351.jpg 600w\" sizes=\"(max-width: 1025px) 100vw, 1025px\" \/><\/div><\/div><\/div><\/div><div class=\"flex_column av_one_full  flex_column_div av-zero-column-padding first  avia-builder-el-2  el_after_av_one_full  el_before_av_one_full  column-top-margin\" style='border-radius:0px; '><section class=\"av_textblock_section \"  itemscope=\"itemscope\" itemtype=\"https:\/\/schema.org\/BlogPosting\" itemprop=\"blogPost\" ><div class='avia_textblock  '   itemprop=\"text\" ><p style=\"text-align: center;\"><strong><span style=\"font-size: 18pt;\">Lanzan libros con publicaciones sobre Biodiversidad de la regi\u00f3n de Ays\u00e9n <\/span><\/strong><\/p>\n<div id=\"gtx-trans\" style=\"position: absolute; left: -50px; top: 4.31534px;\">\n<div class=\"gtx-trans-icon\"><\/div>\n<\/div>\n<\/div><\/section><\/div><div class=\"flex_column av_one_full  flex_column_div av-zero-column-padding first  avia-builder-el-4  el_after_av_one_full  el_before_av_hr  column-top-margin\" style='border-radius:0px; '><section class=\"av_textblock_section \"  itemscope=\"itemscope\" itemtype=\"https:\/\/schema.org\/BlogPosting\" itemprop=\"blogPost\" ><div class='avia_textblock  '   itemprop=\"text\" ><p style=\"text-align: justify;\">El Gobierno Regional de Ays\u00e9n realiz\u00f3 esta semana el lanzamiento del libro \u00abExperiencias Bioculturales en los Ecosistemas de Ays\u00e9n\u00bb, junto a la investigadora y acad\u00e9mica de la Universidad de Magallanes Laura S\u00e1nchez Jard\u00f3n.<\/p>\n<p style=\"text-align: justify;\">\u00abLos FIC est\u00e1n destinados precisamente a la generaci\u00f3n de conocimiento e innovaci\u00f3n desde el propio territorio para poder aportar al desarrollo de nuestra regi\u00f3n. En ese sentido, la Universidad de Magallanes \u00a0(UMAG) ha llevado a cabo esta investigaci\u00f3n durante m\u00e1s de tres a\u00f1os con muchos otros investigadores investigadoras y de distintas disciplinas que han podido culminar este proceso investigaci\u00f3n rescatando un trabajo con la comunidad con los distintos territorios\u00bb, destac\u00f3 la m\u00e1xima autoridad regional, Gobernadora Andrea Mac\u00edas.<\/p>\n<p style=\"text-align: justify;\">Las gu\u00edas educativas que se presentan en las publicaciones, dice la Gobernadora Mac\u00edas, se ponen a libre disposici\u00f3n de la comunidad completa. \u00abLa ciencia debe ser entendida como un bien p\u00fablico y eso significa que nos debe servir para el d\u00eda a d\u00eda para la toma decisiones para el conocimiento por lo tanto su objetivo y eso nos tiene muy contentos\u00bb.<\/p>\n<p style=\"text-align: justify;\">Por su parte, Laura S\u00e1nchez destaca el trabajo realizado en conjunto con la comunidad en los diversos sectores de la Patagonia.<\/p>\n<p style=\"text-align: justify;\">\u00abHemos visitado m\u00e1s de diez localidades, hemos trabajado con gente, hemos sacado terreno, entramos en sus cocinas, en sus living. Hemos hecho algunas preguntas inc\u00f3modas a veces y finalmente lo que buscamos es no solamente transmitir el conocimiento que hemos acumulado durante este tiempo, sino tambi\u00e9n aportar algunas directrices para llevar a cabo actividades m\u00e1s respetuosos con el medio ambiente y un turismo. Una recolecci\u00f3n de productos naturales en uso de estos productos naturales que sea m\u00e1s respetuoso con su continuidad y que esto vaya en beneficio de las de las personas que habitan la regi\u00f3n de Ays\u00e9n\u00bb, afirma la investigadora.<\/p>\n<p style=\"text-align: justify;\"><b>4 publicaciones para la comunidad <\/b><\/p>\n<p style=\"text-align: justify;\"><u>Experiencias bioculturales en los ecosistemas de Ays\u00e9n (rese\u00f1a):<\/u><br \/>\nEsta Gu\u00eda educativa promueve el estudio del paisaje y ecosistemas de la regi\u00f3n de Ays\u00e9n y las singularidades de su biodiversidad con un enfoque en la \u00e9tica biocultural; se proponen actividades educativas que invitan a reflexionar sobre nuestra forma de interactuar con la naturaleza, y al impacto que tienen nuestros h\u00e1bitos sobre las dem\u00e1s especies con las que co-habitamos este planeta. Las actividades se han dise\u00f1ado en conjunto con actores locales a partir de las experiencias desarrolladas con las comunidades en las localidades de Cochrane, Coyhaique, Chile Chico, La Junta, Puerto Cisnes, Puerto R\u00edo Tranquilo y Villa O&#8217;Higgins, durante ejecuci\u00f3n del proyecto FIC entre los a\u00f1os 2018 a 2020. Asimismo se entrega una s\u00edntesis del contenido te\u00f3rico que fundamentan las actividades propuestas y recursos para contextualizar, analizar e invitar a la reflexi\u00f3n sobre los temas propuestos.<\/p>\n<p style=\"text-align: justify;\"><u>Plantas vasculares en el bosque caducifolio de Ays\u00e9n (rese\u00f1a): <\/u><br \/>\nEn la regi\u00f3n de Ays\u00e9n, el impacto de las actividades humanas ha sido muy reciente en comparaci\u00f3n con otras regiones de Chile y el mundo. En lo que respecta a los ecosistemas terrestres, hasta hace menos de un siglo dominaban el paisaje extensos bosques templados que apenas hab\u00edan sido intervenidos por los habitantes ind\u00edgenas. Con la colonizaci\u00f3n que comenz\u00f3 en el siglo XX, actividades humanas como la explotaci\u00f3n forestal y la ganader\u00eda transformaron radicalmente este paisaje en apenas unas d\u00e9cadas. \u00bfC\u00f3mo son hoy d\u00eda estos bosques? \u00bfQu\u00e9 singularidades tienen? \u00bfCu\u00e1l es su biodiversidad? \u00bfA qu\u00e9 amenazas se enfrentan actualmente? Aqu\u00ed se pretende aproximar la respuesta a estas preguntas para ayudar a comprender la importancia ecol\u00f3gica, econ\u00f3mica y social de estos bosques, especialmente en la regi\u00f3n Ays\u00e9n.<\/p>\n<p style=\"text-align: justify;\"><u>Macroalgas del litoral de Ays\u00e9n (rese\u00f1a):<\/u><br \/>\nEn la regi\u00f3n de Ays\u00e9n las algas no son muy conocidas en cuanto a diversidad y aplicaciones, sin embargo son varias las especies que son extra\u00eddas por pescadores artesanales con fines comerciales dirigidos a la industria de ficocoloides (principalmente las algas Lugas y el Pelillo) y tambi\u00e9n para el consumo humano como el Luche y el Cochayuyo. Probablemente los Chonos y los primeros pobladores del litoral utilizaron las algas en su vida diaria con frecuencia. Sin embargo, la escasez de registros documentados y una colonizaci\u00f3n contempor\u00e1nea focalizada en actividades agropecuarias y madereras, desviaron la atenci\u00f3n sobre estos organismos y a\u00fan hoy sabemos muy poco sobre la biodiversidad presente en nuestras costas. \u00bfCu\u00e1l es la importancia de las algas en los ecosistemas marinos?. \u00bfPara qu\u00e9 se utilizan o se pueden utilizar?. \u00bfQu\u00e9 especies son m\u00e1s frecuentes en el litoral de Ays\u00e9n y qu\u00e9 amenazas a su conservaci\u00f3n enfrentan actualmente?. Estas son algunas de las interrogantes que procuramos responder con esta obra, para ampliar nuestra comprensi\u00f3n sobre la importancia ecol\u00f3gica, econ\u00f3mica y social de los ecosistemas del litoral de la regi\u00f3n Ays\u00e9n. Tambi\u00e9n esperamos despertar vuestro inter\u00e9s sobre este grupo de organismos, que cumple un rol tan importante en los ecosistemas marinos y terrestres, y adem\u00e1s posee variadas aplicaciones en nuestra vida diaria.<\/p>\n<p style=\"text-align: justify;\"><u>El drag\u00f3n de la Patagonia (rese\u00f1a):<\/u><br \/>\nLos ecosistemas asociados a los glaciares poseen la caracter\u00edstica de tener un origen relativamente reciente en la historia de Tierra, dada la relaci\u00f3n entre el proceso de deglaciaci\u00f3n y la colonizaci\u00f3n de estos ambientes por las diversas formas de vida. Por otra parte, podemos hablar de que existe una notoria fragilidad de estos ecosistemas relacionada con esta juventud del sistema. Las diferentes formas de vida pioneras que dan paso al proceso de sucesi\u00f3n ecol\u00f3gica, no son del todo conocidas. El glaciar Exploradores presenta condiciones excepcionales para adquirir un mayor conocimiento acerca de esta fragilidad. Aunque el enfoque de este trabajo es el drag\u00f3n de la Patagonia (Andiperla) se necesita abordar, de una manera introductoria, tem\u00e1ticas como la glaciolog\u00eda, filogenia y la taxonom\u00eda para que el lector pueda interpretar de una mejor manera la informaci\u00f3n relacionada a esta especie emblem\u00e1tica.<\/p>\n<\/div><\/section><\/div><div  style='height:50px' class='hr hr-invisible   avia-builder-el-6  el_after_av_one_full  el_before_av_social_share '><span class='hr-inner ' ><span class='hr-inner-style'><\/span><\/span><\/div><\/p>\n<div  class='av-social-sharing-box  avia-builder-el-7  el_after_av_hr  el_before_av_hr  '><div class='av-share-box'><h5 class='av-share-link-description av-no-toc '>Compartir esta noticia<\/h5><ul class='av-share-box-list noLightbox'><li class='av-share-link av-social-link-facebook' ><a target=\"_blank\" aria-label=\"Compartir en Facebook\" href='https:\/\/www.facebook.com\/sharer.php?u=https:\/\/radiorevelacionfm.cl\/?p=12358&#038;t=Lanzan%20libros%20con%20publicaciones%20sobre%20Biodiversidad%20de%20la%20regi%C3%B3n%20de%20Ays%C3%A9n' aria-hidden='false' data-av_icon='\ue8f3' data-av_iconfont='entypo-fontello' title='' data-avia-related-tooltip='Compartir en Facebook' rel=\"noopener\"><span class='avia_hidden_link_text'>Compartir en Facebook<\/span><\/a><\/li><li class='av-share-link av-social-link-twitter' ><a target=\"_blank\" aria-label=\"Compartir en Twitter\" href='https:\/\/twitter.com\/share?text=Lanzan%20libros%20con%20publicaciones%20sobre%20Biodiversidad%20de%20la%20regi%C3%B3n%20de%20Ays%C3%A9n&#038;url=https:\/\/radiorevelacionfm.cl\/?p=12358' aria-hidden='false' data-av_icon='\ue8f1' data-av_iconfont='entypo-fontello' title='' data-avia-related-tooltip='Compartir en Twitter' rel=\"noopener\"><span class='avia_hidden_link_text'>Compartir en Twitter<\/span><\/a><\/li><li class='av-share-link av-social-link-whatsapp' ><a target=\"_blank\" aria-label=\"Compartir en Whatsapp\" href='https:\/\/api.whatsapp.com\/send?text=https:\/\/radiorevelacionfm.cl\/?p=12358' aria-hidden='false' data-av_icon='\uf232' data-av_iconfont='entypo-fontello' title='' data-avia-related-tooltip='Compartir en Whatsapp' rel=\"noopener\"><span class='avia_hidden_link_text'>Compartir en Whatsapp<\/span><\/a><\/li><li class='av-share-link av-social-link-linkedin' ><a target=\"_blank\" aria-label=\"Compartir en LinkedIn\" href='https:\/\/linkedin.com\/shareArticle?mini=true&#038;title=Lanzan%20libros%20con%20publicaciones%20sobre%20Biodiversidad%20de%20la%20regi%C3%B3n%20de%20Ays%C3%A9n&#038;url=https:\/\/radiorevelacionfm.cl\/?p=12358' aria-hidden='false' data-av_icon='\ue8fc' data-av_iconfont='entypo-fontello' title='' data-avia-related-tooltip='Compartir en LinkedIn' rel=\"noopener\"><span class='avia_hidden_link_text'>Compartir en LinkedIn<\/span><\/a><\/li><li class='av-share-link av-social-link-mail' ><a  aria-label=\"Compartir por correo\" href='mailto:?subject=Lanzan%20libros%20con%20publicaciones%20sobre%20Biodiversidad%20de%20la%20regi%C3%B3n%20de%20Ays%C3%A9n&#038;body=https:\/\/radiorevelacionfm.cl\/?p=12358' aria-hidden='false' data-av_icon='\ue805' data-av_iconfont='entypo-fontello' title='' data-avia-related-tooltip='Compartir por correo'><span class='avia_hidden_link_text'>Compartir por correo<\/span><\/a><\/li><\/ul><\/div><\/div>\n<div  style='height:50px' class='hr hr-invisible   avia-builder-el-8  el_after_av_social_share  el_before_av_comments_list '><span class='hr-inner ' ><span class='hr-inner-style'><\/span><\/span><\/div>\n<div  class='av-buildercomment  av-blog-meta-html-info-disabled av-blog-meta-tag-disabled  '><\/div>\n","protected":false},"excerpt":{"rendered":"","protected":false},"author":1,"featured_media":12359,"comment_status":"open","ping_status":"open","sticky":false,"template":"","format":"standard","meta":{"footnotes":""},"categories":[38],"tags":[],"class_list":["post-12358","post","type-post","status-publish","format-standard","has-post-thumbnail","hentry","category-regional"],"jetpack_featured_media_url":"https:\/\/radiorevelacionfm.cl\/wp-content\/uploads\/2021\/12\/image-14-2.jpg","_links":{"self":[{"href":"https:\/\/radiorevelacionfm.cl\/index.php?rest_route=\/wp\/v2\/posts\/12358","targetHints":{"allow":["GET"]}}],"collection":[{"href":"https:\/\/radiorevelacionfm.cl\/index.php?rest_route=\/wp\/v2\/posts"}],"about":[{"href":"https:\/\/radiorevelacionfm.cl\/index.php?rest_route=\/wp\/v2\/types\/post"}],"author":[{"embeddable":true,"href":"https:\/\/radiorevelacionfm.cl\/index.php?rest_route=\/wp\/v2\/users\/1"}],"replies":[{"embeddable":true,"href":"https:\/\/radiorevelacionfm.cl\/index.php?rest_route=%2Fwp%2Fv2%2Fcomments&post=12358"}],"version-history":[{"count":2,"href":"https:\/\/radiorevelacionfm.cl\/index.php?rest_route=\/wp\/v2\/posts\/12358\/revisions"}],"predecessor-version":[{"id":12361,"href":"https:\/\/radiorevelacionfm.cl\/index.php?rest_route=\/wp\/v2\/posts\/12358\/revisions\/12361"}],"wp:featuredmedia":[{"embeddable":true,"href":"https:\/\/radiorevelacionfm.cl\/index.php?rest_route=\/wp\/v2\/media\/12359"}],"wp:attachment":[{"href":"https:\/\/radiorevelacionfm.cl\/index.php?rest_route=%2Fwp%2Fv2%2Fmedia&parent=12358"}],"wp:term":[{"taxonomy":"category","embeddable":true,"href":"https:\/\/radiorevelacionfm.cl\/index.php?rest_route=%2Fwp%2Fv2%2Fcategories&post=12358"},{"taxonomy":"post_tag","embeddable":true,"href":"https:\/\/radiorevelacionfm.cl\/index.php?rest_route=%2Fwp%2Fv2%2Ftags&post=12358"}],"curies":[{"name":"wp","href":"https:\/\/api.w.org\/{rel}","templated":true}]}}