{"id":12353,"date":"2021-12-29T14:02:20","date_gmt":"2021-12-29T17:02:20","guid":{"rendered":"https:\/\/radiorevelacionfm.cl\/?p=12353"},"modified":"2021-12-29T14:02:20","modified_gmt":"2021-12-29T17:02:20","slug":"carabineros-detuvo-a-sujeto-por-venta-de-fuegos-artificiales-en-el-centro-de-coyhaique","status":"publish","type":"post","link":"https:\/\/radiorevelacionfm.cl\/?p=12353","title":{"rendered":"Carabineros detuvo a sujeto por venta de fuegos artificiales en el centro de Coyhaique"},"content":{"rendered":"<div class=\"flex_column av_one_full  flex_column_div av-zero-column-padding first  avia-builder-el-0  el_before_av_one_full  avia-builder-el-first  \" style='border-radius:0px; '><div  class='avia-image-container  av-styling-    avia-builder-el-1  avia-builder-el-no-sibling  avia-align-center '  itemprop=\"image\" itemscope=\"itemscope\" itemtype=\"https:\/\/schema.org\/ImageObject\"  ><div class='avia-image-container-inner'><div class='avia-image-overlay-wrap'><img decoding=\"async\" class='wp-image-12354 avia-img-lazy-loading-not-12354 avia_image' src=\"https:\/\/radiorevelacionfm.cl\/wp-content\/uploads\/2021\/12\/05ed4e2b-7ce5-4e8c-a255-c020ec045396-2.jpg\" alt='' title='05ed4e2b-7ce5-4e8c-a255-c020ec045396-2' height=\"600\" width=\"800\"  itemprop=\"thumbnailUrl\" srcset=\"https:\/\/radiorevelacionfm.cl\/wp-content\/uploads\/2021\/12\/05ed4e2b-7ce5-4e8c-a255-c020ec045396-2.jpg 800w, https:\/\/radiorevelacionfm.cl\/wp-content\/uploads\/2021\/12\/05ed4e2b-7ce5-4e8c-a255-c020ec045396-2-300x225.jpg 300w, https:\/\/radiorevelacionfm.cl\/wp-content\/uploads\/2021\/12\/05ed4e2b-7ce5-4e8c-a255-c020ec045396-2-768x576.jpg 768w, https:\/\/radiorevelacionfm.cl\/wp-content\/uploads\/2021\/12\/05ed4e2b-7ce5-4e8c-a255-c020ec045396-2-705x529.jpg 705w, https:\/\/radiorevelacionfm.cl\/wp-content\/uploads\/2021\/12\/05ed4e2b-7ce5-4e8c-a255-c020ec045396-2-600x450.jpg 600w\" sizes=\"(max-width: 800px) 100vw, 800px\" \/><\/div><\/div><\/div><\/div><div class=\"flex_column av_one_full  flex_column_div av-zero-column-padding first  avia-builder-el-2  el_after_av_one_full  el_before_av_one_full  column-top-margin\" style='border-radius:0px; '><section class=\"av_textblock_section \"  itemscope=\"itemscope\" itemtype=\"https:\/\/schema.org\/BlogPosting\" itemprop=\"blogPost\" ><div class='avia_textblock  '   itemprop=\"text\" ><p style=\"text-align: center;\"><span style=\"font-size: 18pt;\"><strong>Carabineros detuvo a sujeto por venta de fuegos artificiales en el centro de Coyhaique<\/strong><\/span><\/p>\n<div id=\"gtx-trans\" style=\"position: absolute; left: -50px; top: 4.31534px;\">\n<div class=\"gtx-trans-icon\"><\/div>\n<\/div>\n<\/div><\/section><\/div><div class=\"flex_column av_one_full  flex_column_div av-zero-column-padding first  avia-builder-el-4  el_after_av_one_full  el_before_av_hr  column-top-margin\" style='border-radius:0px; '><section class=\"av_textblock_section \"  itemscope=\"itemscope\" itemtype=\"https:\/\/schema.org\/BlogPosting\" itemprop=\"blogPost\" ><div class='avia_textblock  '   itemprop=\"text\" ><p class=\"v1MsoNormal\" style=\"text-align: justify;\">Carabineros de la Secci\u00f3n de Investigaci\u00f3n Policial (S.I.P) de dotaci\u00f3n de la Primera Comisar\u00eda de Coyhaique a cargo del servicio \u00abnavidad segura\u00bb logr\u00f3 la detenci\u00f3n de una persona de 28 a\u00f1os de edad, tras ser sorprendido comercializando 22 unidades de fuegos artificiales en pleno centro de la ciudad capital de la regi\u00f3n de Ays\u00e9n.<\/p>\n<p class=\"v1MsoNormal\" style=\"text-align: justify;\">Seg\u00fan inform\u00f3 el Subcomisario de los Servicios 2 de esta Unidad, Capit\u00e1n Luis Alvarado Pinto, la situaci\u00f3n qued\u00f3 al descubierto en horas de la tarde del martes, luego que el personal de civil mientras realizaba un patrullaje orientado a prevenir la ocurrencia de delitos y situaciones de flagrancia, se percat\u00f3 de la presencia de una persona que se encontraba comercializando estos elementos prohibidos, los cuales se encuentran sujetos a fiscalizaci\u00f3n por la Ley de Control de Armas y Explosivos.<\/p>\n<p class=\"v1MsoNormal\" style=\"text-align: justify;\">Los antecedentes del procedimiento fueron puestos en conocimiento de la Fiscal\u00eda, en tanto que el informe t\u00e9cnico sobre la materia est\u00e1 a cargo del Laboratorio de Criminal\u00edstica de Carabineros (Labocar).<\/p>\n<p class=\"v1MsoNormal\" style=\"text-align: justify;\"><b>Apariencia inofensiva<\/b><\/p>\n<p class=\"v1MsoNormal\" style=\"text-align: justify;\">\u00abCarabineros detuvo a esta persona y fue puesto a disposici\u00f3n del control de detenci\u00f3n el d\u00eda de hoy por infringir esta Ley de control de Armas y Explosivos 17.798. El mensaje es que estas sustancias pirot\u00e9cnicas por m\u00e1s inofensivas que parezcan, est\u00e1n sujetas a esta normativa, lo cual busca que las personas no est\u00e9n expuestas a adquirir este tipo de elementos prohibidos\u00bb, expres\u00f3 el Oficial.<\/p>\n<p class=\"v1MsoNormal\" style=\"text-align: justify;\">\u00abSon fuegos pirot\u00e9cnicos de menor tama\u00f1o de apariencia muy inofensiva, pero que constituyen un peligro al momento de su manipulaci\u00f3n y que est\u00e1n sujetos a la Ley de Control de Armas y se busca erradicar su comercio con tanta facilidad en forma ilegal en las ferias libres\u00bb, acot\u00f3.<\/p>\n<p class=\"v1MsoNormal\" style=\"text-align: justify;\">El Oficial inst\u00f3 a los padres a advertir a sus hijos sobre el peligro de este tipo de elementos, previniendo accidentes o hechos lamentables en estas festividades de a\u00f1o nuevo.<\/p>\n<p class=\"v1MsoNormal\" style=\"text-align: justify;\">Paralelamente, formul\u00f3 un llamado a la comunidad a no adquirir y denunciar de manera reservada la venta de este producto, contribuyendo evitar que ni\u00f1os o espectadores resulten lesionados producto de su mala manipulaci\u00f3n, permitiendo iniciar los procesos investigativos y derivar los antecedentes a los tribunales de justicia.<\/p>\n<p class=\"v1MsoNormal\" style=\"text-align: justify;\">La gran cantidad de menores quemados, mutilados e inclusive fallecidos motiv\u00f3 la prohibici\u00f3n del uso de fuegos artificiales en nuestro pa\u00eds, luego que la ley 19.680 que proh\u00edbe su uso y la reforma a la ley 17.798 sobre control de armas y explosivos que se public\u00f3 en el Diario Oficial el 25 de mayo del a\u00f1o 2000 y que en la actualidad proh\u00edbe su uso, venta, importaci\u00f3n, tenencia y transporte.<\/p>\n<\/div><\/section><\/div><div  style='height:50px' class='hr hr-invisible   avia-builder-el-6  el_after_av_one_full  el_before_av_social_share '><span class='hr-inner ' ><span class='hr-inner-style'><\/span><\/span><\/div><\/p>\n<div  class='av-social-sharing-box  avia-builder-el-7  el_after_av_hr  el_before_av_hr  '><div class='av-share-box'><h5 class='av-share-link-description av-no-toc '>Compartir esta noticia<\/h5><ul class='av-share-box-list noLightbox'><li class='av-share-link av-social-link-facebook' ><a target=\"_blank\" aria-label=\"Compartir en Facebook\" href='https:\/\/www.facebook.com\/sharer.php?u=https:\/\/radiorevelacionfm.cl\/?p=12353&#038;t=Carabineros%20detuvo%20a%20sujeto%20por%20venta%20de%20fuegos%20artificiales%20en%20el%20centro%20de%20Coyhaique' aria-hidden='false' data-av_icon='\ue8f3' data-av_iconfont='entypo-fontello' title='' data-avia-related-tooltip='Compartir en Facebook' rel=\"noopener\"><span class='avia_hidden_link_text'>Compartir en Facebook<\/span><\/a><\/li><li class='av-share-link av-social-link-twitter' ><a target=\"_blank\" aria-label=\"Compartir en Twitter\" href='https:\/\/twitter.com\/share?text=Carabineros%20detuvo%20a%20sujeto%20por%20venta%20de%20fuegos%20artificiales%20en%20el%20centro%20de%20Coyhaique&#038;url=https:\/\/radiorevelacionfm.cl\/?p=12353' aria-hidden='false' data-av_icon='\ue8f1' data-av_iconfont='entypo-fontello' title='' data-avia-related-tooltip='Compartir en Twitter' rel=\"noopener\"><span class='avia_hidden_link_text'>Compartir en Twitter<\/span><\/a><\/li><li class='av-share-link av-social-link-whatsapp' ><a target=\"_blank\" aria-label=\"Compartir en Whatsapp\" href='https:\/\/api.whatsapp.com\/send?text=https:\/\/radiorevelacionfm.cl\/?p=12353' aria-hidden='false' data-av_icon='\uf232' data-av_iconfont='entypo-fontello' title='' data-avia-related-tooltip='Compartir en Whatsapp' rel=\"noopener\"><span class='avia_hidden_link_text'>Compartir en Whatsapp<\/span><\/a><\/li><li class='av-share-link av-social-link-linkedin' ><a target=\"_blank\" aria-label=\"Compartir en LinkedIn\" href='https:\/\/linkedin.com\/shareArticle?mini=true&#038;title=Carabineros%20detuvo%20a%20sujeto%20por%20venta%20de%20fuegos%20artificiales%20en%20el%20centro%20de%20Coyhaique&#038;url=https:\/\/radiorevelacionfm.cl\/?p=12353' aria-hidden='false' data-av_icon='\ue8fc' data-av_iconfont='entypo-fontello' title='' data-avia-related-tooltip='Compartir en LinkedIn' rel=\"noopener\"><span class='avia_hidden_link_text'>Compartir en LinkedIn<\/span><\/a><\/li><li class='av-share-link av-social-link-mail' ><a  aria-label=\"Compartir por correo\" href='mailto:?subject=Carabineros%20detuvo%20a%20sujeto%20por%20venta%20de%20fuegos%20artificiales%20en%20el%20centro%20de%20Coyhaique&#038;body=https:\/\/radiorevelacionfm.cl\/?p=12353' aria-hidden='false' data-av_icon='\ue805' data-av_iconfont='entypo-fontello' title='' data-avia-related-tooltip='Compartir por correo'><span class='avia_hidden_link_text'>Compartir por correo<\/span><\/a><\/li><\/ul><\/div><\/div>\n<div  style='height:50px' class='hr hr-invisible   avia-builder-el-8  el_after_av_social_share  el_before_av_comments_list '><span class='hr-inner ' ><span class='hr-inner-style'><\/span><\/span><\/div>\n<div  class='av-buildercomment  av-blog-meta-html-info-disabled av-blog-meta-tag-disabled  '><\/div>\n","protected":false},"excerpt":{"rendered":"","protected":false},"author":1,"featured_media":12354,"comment_status":"open","ping_status":"open","sticky":false,"template":"","format":"standard","meta":{"footnotes":""},"categories":[36],"tags":[],"class_list":["post-12353","post","type-post","status-publish","format-standard","has-post-thumbnail","hentry","category-policial"],"jetpack_featured_media_url":"https:\/\/radiorevelacionfm.cl\/wp-content\/uploads\/2021\/12\/05ed4e2b-7ce5-4e8c-a255-c020ec045396-2.jpg","_links":{"self":[{"href":"https:\/\/radiorevelacionfm.cl\/index.php?rest_route=\/wp\/v2\/posts\/12353","targetHints":{"allow":["GET"]}}],"collection":[{"href":"https:\/\/radiorevelacionfm.cl\/index.php?rest_route=\/wp\/v2\/posts"}],"about":[{"href":"https:\/\/radiorevelacionfm.cl\/index.php?rest_route=\/wp\/v2\/types\/post"}],"author":[{"embeddable":true,"href":"https:\/\/radiorevelacionfm.cl\/index.php?rest_route=\/wp\/v2\/users\/1"}],"replies":[{"embeddable":true,"href":"https:\/\/radiorevelacionfm.cl\/index.php?rest_route=%2Fwp%2Fv2%2Fcomments&post=12353"}],"version-history":[{"count":2,"href":"https:\/\/radiorevelacionfm.cl\/index.php?rest_route=\/wp\/v2\/posts\/12353\/revisions"}],"predecessor-version":[{"id":12356,"href":"https:\/\/radiorevelacionfm.cl\/index.php?rest_route=\/wp\/v2\/posts\/12353\/revisions\/12356"}],"wp:featuredmedia":[{"embeddable":true,"href":"https:\/\/radiorevelacionfm.cl\/index.php?rest_route=\/wp\/v2\/media\/12354"}],"wp:attachment":[{"href":"https:\/\/radiorevelacionfm.cl\/index.php?rest_route=%2Fwp%2Fv2%2Fmedia&parent=12353"}],"wp:term":[{"taxonomy":"category","embeddable":true,"href":"https:\/\/radiorevelacionfm.cl\/index.php?rest_route=%2Fwp%2Fv2%2Fcategories&post=12353"},{"taxonomy":"post_tag","embeddable":true,"href":"https:\/\/radiorevelacionfm.cl\/index.php?rest_route=%2Fwp%2Fv2%2Ftags&post=12353"}],"curies":[{"name":"wp","href":"https:\/\/api.w.org\/{rel}","templated":true}]}}